{"id":482442,"date":"2025-10-22T17:01:24","date_gmt":"2025-10-22T17:01:24","guid":{"rendered":"https:\/\/www.europesays.com\/fr\/482442\/"},"modified":"2025-10-22T17:01:24","modified_gmt":"2025-10-22T17:01:24","slug":"des-nouveaux-trains-eurostar-sur-deux-etages-seront-mis-en-circulation-a-partir-de-2031","status":"publish","type":"post","link":"https:\/\/www.europesays.com\/fr\/482442\/","title":{"rendered":"des nouveaux trains Eurostar sur deux \u00e9tages seront mis en circulation \u00e0 partir de 2031"},"content":{"rendered":"<p>            Par<br \/>\n        <strong><br \/>\n            <a href=\"https:\/\/actu.fr\/auteur\/raphael-mahlmann\" title=\"Consulter tous les articles de Rapha\u00ebl Mahlmann\" target=\"_blank\" rel=\"noopener\">Rapha\u00ebl Mahlmann<\/a><br \/>\n        <\/strong><\/p>\n<p>        Publi\u00e9 le<\/p>\n<p>            22 oct. 2025 \u00e0 18h02        <\/p>\n<p>Ces nouveaux trains Eurostar seront plus longs, plus durables et sur deux \u00e9tages\u2009! La compagnie ferroviaire<a href=\"https:\/\/actu.fr\/hauts-de-france\/rodelinghem_62716\/les-passagers-dun-eurostar-bloques-neuf-heures-dans-le-pas-de-calais_62875230.html\" target=\"_blank\" rel=\"noopener\"> Eurostar<\/a> a annonc\u00e9 l\u2019extension de sa flotte \u00e0 30 trains suppl\u00e9mentaires, construits par Alstom. La commande pr\u00e9voit \u00e9galement 20 rames additionnelles. Co\u00fbt total\u2009: <b>2\u00a0milliards d\u2019euros<\/b>. Les premiers trains pourront circuler \u00e0 partir de 2031 dans les pays desservis actuellement par Eurostar. On peut donc s\u2019attendre \u00e0 les voir d\u00e9barquer \u00e0 la gare de <a href=\"https:\/\/actu.fr\/hauts-de-france\/lille_59350\/lille-europe-une-enorme-somme-investie-pour-la-restauration-de-la-fresque-monumentale-de-jean-pattou_62311949.html\" target=\"_blank\" rel=\"noopener\">Lille-Europe<\/a>.<\/p>\n<p>Le site de Valenciennes impliqu\u00e9 dans le projet<\/p>\n<p class=\" wall-content\">Ces nouveaux trains Eurostar sont issus de la gamme<b>\u00a0Avelia Horizon<\/b>, pouvant circuler \u00e0 plus de <b>300km\/h<\/b>. Baptis\u00e9s \u00ab\u00a0TGV Inoui 2025\u00a0\u00bb par la <a href=\"https:\/\/actu.fr\/societe\/sncf-quels-sont-les-travaux-prevus-sur-lignes-de-train-dans-les-hauts-de-france_62949163.html\" target=\"_blank\" rel=\"noopener\">SNCF<\/a>, la compagnie pr\u00e9voit leur d\u00e9ploiement \u00e0 partir de 2026.<\/p>\n<p class=\" wall-content\">Du c\u00f4t\u00e9 d\u2019Eurostar, c\u2019est le nom \u00ab\u00a0Celestia\u00a0\u00bb qui a finalement \u00e9t\u00e9 choisi. Il s\u2019agit des premiers trains sur deux \u00e9tages \u00e0 traverser le tunnel sous la Manche. Les six premiers trains \u00ab\u00a0Celestia\u00a0\u00bb devraient \u00eatre op\u00e9rationnels <b>en mai\u00a02031<\/b>. Le nom de la flotte, choisi par des membres de l\u2019\u00e9quipe Eurostar, est d\u00e9riv\u00e9 du mot latin caelestis, qui signifie \u00ab\u00a0c\u00e9leste\u00a0\u00bb. Il \u00e9voque \u00ab\u00a0les \u00e9toiles et l\u2019essence du voyage, capturant parfaitement l\u2019esprit d\u2019une entreprise qui relie une constellation de villes \u00e0 travers l\u2019Europe\u00a0\u00bb, explique Eurostar.<\/p>\n<p class=\" wall-content\"><a href=\"https:\/\/actu.fr\/nouvelle-aquitaine\/aytre_17028\/pres-de-la-rochelle-avec-ce-nouveau-contrat-massif-cette-usine-est-sur-de-bons-rails_63336688.html\" target=\"_blank\" rel=\"noopener\">Sur les 14 sites fran\u00e7ais d\u2019Alstom<\/a>, 10 seront impliqu\u00e9s dans ce projet, dont le <b>site de Valenciennes<\/b>, charg\u00e9 de la fabrication des int\u00e9rieurs.<\/p>\n<p>Objectif de 30\u00a0millions de passagers<\/p>\n<p class=\" wall-content\">Avec ces 50 nouveaux trains suppl\u00e9mentaires, Eurostar vise \u00e0 atteindre les <b>30\u00a0millions de passagers<\/b>. La capacit\u00e9 en si\u00e8ges augmentera de 20\u2009%, \u00e0 540 si\u00e8ges ou \u00e0 1080 si deux trains sont coupl\u00e9s. Une fois l\u2019ensemble des rames livr\u00e9, la flotte Eurostar comprendra au total 67 trains.<\/p>\n<p class=\" wall-content\">Ces nouveaux trains ont \u00e9galement \u00e9t\u00e9 con\u00e7us pour \u00eatre plus durables. Selon Eurostar, 97\u2009% des composants sont recyclables et 25\u2009% d\u2019entre eux sont fabriqu\u00e9s \u00e0 partir de mat\u00e9riaux recycl\u00e9s. L\u2019entreprise envisage une \u00e9conomie d\u2019\u00e9nergie de 20 \u00e0 50\u2009% par rapport \u00e0 la flotte actuelle.<\/p>\n<p class=\" wall-content\">Personnalisez votre actualit\u00e9 en ajoutant vos villes et m\u00e9dias en favori avec <a href=\"https:\/\/moncompte.actu.fr\" title=\"D\u00e9couvez Mon Actu\" rel=\"nofollow noopener\" data-trk=\"{&quot;cta&quot;:{&quot;action&quot;:&quot;https:\\\/\\\/moncompte.actu.fr&quot;,&quot;category&quot;:&quot;mon compte&quot;,&quot;from&quot;:&quot;article footer&quot;,&quot;name&quot;:&quot;Mon actu&quot;,&quot;type&quot;:&quot;cta&quot;}}\" target=\"_blank\">Mon Actu<\/a>.<\/p>\n","protected":false},"excerpt":{"rendered":"Par Rapha\u00ebl Mahlmann Publi\u00e9 le 22 oct. 2025 \u00e0 18h02 Ces nouveaux trains Eurostar seront plus longs, plus&hellip;\n","protected":false},"author":2,"featured_media":482443,"comment_status":"","ping_status":"","sticky":false,"template":"","format":"standard","meta":{"footnotes":""},"categories":[2815],"tags":[1111,11,1777,674,1011,27,811,693,1307,12,25,104,586],"class_list":{"0":"post-482442","1":"post","2":"type-post","3":"status-publish","4":"format-standard","5":"has-post-thumbnail","7":"category-lille","8":"tag-actu","9":"tag-actualites","10":"tag-eu","11":"tag-europe","12":"tag-fr","13":"tag-france","14":"tag-hauts-de-france","15":"tag-industrie","16":"tag-lille","17":"tag-news","18":"tag-republique-francaise","19":"tag-societe","20":"tag-voyage"},"share_on_mastodon":{"url":"https:\/\/pubeurope.com\/@fr\/115418895700432970","error":""},"_links":{"self":[{"href":"https:\/\/www.europesays.com\/fr\/wp-json\/wp\/v2\/posts\/482442","targetHints":{"allow":["GET"]}}],"collection":[{"href":"https:\/\/www.europesays.com\/fr\/wp-json\/wp\/v2\/posts"}],"about":[{"href":"https:\/\/www.europesays.com\/fr\/wp-json\/wp\/v2\/types\/post"}],"author":[{"embeddable":true,"href":"https:\/\/www.europesays.com\/fr\/wp-json\/wp\/v2\/users\/2"}],"replies":[{"embeddable":true,"href":"https:\/\/www.europesays.com\/fr\/wp-json\/wp\/v2\/comments?post=482442"}],"version-history":[{"count":0,"href":"https:\/\/www.europesays.com\/fr\/wp-json\/wp\/v2\/posts\/482442\/revisions"}],"wp:featuredmedia":[{"embeddable":true,"href":"https:\/\/www.europesays.com\/fr\/wp-json\/wp\/v2\/media\/482443"}],"wp:attachment":[{"href":"https:\/\/www.europesays.com\/fr\/wp-json\/wp\/v2\/media?parent=482442"}],"wp:term":[{"taxonomy":"category","embeddable":true,"href":"https:\/\/www.europesays.com\/fr\/wp-json\/wp\/v2\/categories?post=482442"},{"taxonomy":"post_tag","embeddable":true,"href":"https:\/\/www.europesays.com\/fr\/wp-json\/wp\/v2\/tags?post=482442"}],"curies":[{"name":"wp","href":"https:\/\/api.w.org\/{rel}","templated":true}]}}