{"id":482444,"date":"2025-10-22T17:02:11","date_gmt":"2025-10-22T17:02:11","guid":{"rendered":"https:\/\/www.europesays.com\/fr\/482444\/"},"modified":"2025-10-22T17:02:11","modified_gmt":"2025-10-22T17:02:11","slug":"un-gardien-dimmeuble-agresse-au-couteau-a-marseille-le-suspect-aurait-avale-un-produit-anti-cafard-dans-la-foulee","status":"publish","type":"post","link":"https:\/\/www.europesays.com\/fr\/482444\/","title":{"rendered":"Un gardien d&rsquo;immeuble agress\u00e9 au couteau \u00e0 Marseille, le suspect aurait aval\u00e9 un produit anti-cafard dans la foul\u00e9e"},"content":{"rendered":"<p>Un gardien d&rsquo;immeuble a \u00e9t\u00e9 agress\u00e9 au couteau mardi 21 octobre au soir, dans le 2e arrondissement de Marseille. Le suspect aurait aval\u00e9 un puissant produit anti-<a href=\"https:\/\/www.laprovence.com\/article\/societe\/3960911228808914\/une-invasion-de-cafards-empoisonne-la-vie-des-habitants-de-trois-residences-dans-le-quartier-de-griffeuille-a-arles\" target=\"_blank\" rel=\"noopener\">cafard<\/a> aussit\u00f4t apr\u00e8s les faits. Il a \u00e9t\u00e9 hospitalis\u00e9.<\/p>\n<p>Il \u00e9tait 18 heures lorsque les marins-pompiers et la police ont \u00e9t\u00e9 requis pour intervenir sur une rixe \u00e0 l&rsquo;arme blanche, <a href=\"https:\/\/www.laprovence.com\/article\/region\/8039533874735\/sante-mentale-des-enfants-un-centre-de-prise-en-charge-precoce-inaugure-a-marseille\" target=\"_blank\" rel=\"noopener\">rue des Grands Carmes<\/a>, dans le 2e arrondissement de Marseille. La victime est un <a href=\"https:\/\/www.laprovence.com\/article\/france-monde\/19228529491416\/au-coeur-de-marseille-la-cocaine-prospere-sur-la-precarite\" target=\"_blank\" rel=\"noopener\">gardien d&rsquo;immeuble<\/a>, le suspect des faits, un riverain de la cit\u00e9 avec lequel il aurait d\u00e9clar\u00e9 avoir un diff\u00e9rend de longue date.<\/p>\n<p>Deux quinquag\u00e9naires hospitalis\u00e9s<\/p>\n<p>Mardi, les invectives parties d&rsquo;un <a href=\"https:\/\/www.laprovence.com\/article\/faits-divers-justice\/458134080941714\/un-adolescent-de-15-ans-meurt-poignarde-pour-un-mauvais-regard-a-la-calade-a-marseille\" target=\"_blank\" rel=\"noopener\">mauvais regard <\/a>se seraient interrompues lorsque le r\u00e9sident a bri\u00e8vement pris cong\u00e9 du gardien pour rentrer chez lui. Mais il serait revenu quelques minutes plus tard avec couteau, avant d&rsquo;ass\u00e9ner un coup au gardien. Bless\u00e9 au dos, le quinquag\u00e9naire a \u00e9t\u00e9 pris en charge par les secours et transport\u00e9 \u00e0 l&rsquo;h\u00f4pital sans que son pronostic vital soit engag\u00e9.<\/p>\n<p>Quant au suspect, il aurait quitt\u00e9 les lieux aussit\u00f4t apr\u00e8s les faits pour, \u00e0 nouveau, remonter chez lui. L\u00e0, il aurait ing\u00e9r\u00e9 du gel anti-cafard. Transport\u00e9 \u00e0 l&rsquo;h\u00f4pital avec un pronostic vital engag\u00e9, l&rsquo;\u00e9tat de cet homme \u00e2g\u00e9 de 53 ans serait d\u00e9sormais stabilis\u00e9. Il devrait \u00eatre entendu par la police d\u00e8s que sa condition physique le permettra.<\/p>\n","protected":false},"excerpt":{"rendered":"Un gardien d&rsquo;immeuble a \u00e9t\u00e9 agress\u00e9 au couteau mardi 21 octobre au soir, dans le 2e arrondissement de&hellip;\n","protected":false},"author":2,"featured_media":482445,"comment_status":"","ping_status":"","sticky":false,"template":"","format":"standard","meta":{"footnotes":""},"categories":[2814],"tags":[17,1111,11,8058,11966,5264,60571,1777,674,274,1011,27,8772,884,12,882,25,16022],"class_list":{"0":"post-482444","1":"post","2":"type-post","3":"status-publish","4":"format-standard","5":"has-post-thumbnail","7":"category-marseille","8":"tag-17","9":"tag-actu","10":"tag-actualites","11":"tag-agresse","12":"tag-aurait","13":"tag-couteau","14":"tag-dimmeuble","15":"tag-eu","16":"tag-europe","17":"tag-faits-divers-justice","18":"tag-fr","19":"tag-france","20":"tag-gardien","21":"tag-marseille","22":"tag-news","23":"tag-provence-alpes-cote-dazur","24":"tag-republique-francaise","25":"tag-suspect"},"share_on_mastodon":{"url":"","error":""},"_links":{"self":[{"href":"https:\/\/www.europesays.com\/fr\/wp-json\/wp\/v2\/posts\/482444","targetHints":{"allow":["GET"]}}],"collection":[{"href":"https:\/\/www.europesays.com\/fr\/wp-json\/wp\/v2\/posts"}],"about":[{"href":"https:\/\/www.europesays.com\/fr\/wp-json\/wp\/v2\/types\/post"}],"author":[{"embeddable":true,"href":"https:\/\/www.europesays.com\/fr\/wp-json\/wp\/v2\/users\/2"}],"replies":[{"embeddable":true,"href":"https:\/\/www.europesays.com\/fr\/wp-json\/wp\/v2\/comments?post=482444"}],"version-history":[{"count":0,"href":"https:\/\/www.europesays.com\/fr\/wp-json\/wp\/v2\/posts\/482444\/revisions"}],"wp:featuredmedia":[{"embeddable":true,"href":"https:\/\/www.europesays.com\/fr\/wp-json\/wp\/v2\/media\/482445"}],"wp:attachment":[{"href":"https:\/\/www.europesays.com\/fr\/wp-json\/wp\/v2\/media?parent=482444"}],"wp:term":[{"taxonomy":"category","embeddable":true,"href":"https:\/\/www.europesays.com\/fr\/wp-json\/wp\/v2\/categories?post=482444"},{"taxonomy":"post_tag","embeddable":true,"href":"https:\/\/www.europesays.com\/fr\/wp-json\/wp\/v2\/tags?post=482444"}],"curies":[{"name":"wp","href":"https:\/\/api.w.org\/{rel}","templated":true}]}}