{"id":482446,"date":"2025-10-22T17:03:15","date_gmt":"2025-10-22T17:03:15","guid":{"rendered":"https:\/\/www.europesays.com\/fr\/482446\/"},"modified":"2025-10-22T17:03:15","modified_gmt":"2025-10-22T17:03:15","slug":"la-belle-moisson-de-lac-marseille-est-en-vtt-et-gravel","status":"publish","type":"post","link":"https:\/\/www.europesays.com\/fr\/482446\/","title":{"rendered":"la belle moisson de l&rsquo;AC Marseille Est en VTT et Gravel"},"content":{"rendered":"<p>\u00ab\u00a0Ce soir nous avons voulu f\u00eater simplement une ann\u00e9e exceptionnelle en termes de r\u00e9sultats avec 51 victoires, 48 podiums, 5 titres de champion de France, 5 titres de champion d\u00e9partemental et r\u00e9gional, deux victoires au Roc d&rsquo;Azur, une participation \u00e0 toutes les disciplines XCO, XCM, les ultras distances, le gravel, le cyclo-cross et la route\u00a0\u00bb, \u00e9num\u00e9rait le pr\u00e9sident Pierre Alexandre Dupuis.<\/p>\n<p>Un club familial\u00a0<\/p>\n<p>\u00c0 la t\u00eate de l&rsquo;ACME depuis cinq ans, <a href=\"https:\/\/www.laprovence.com\/article\/sports\/2819613\/beck-et-lac-marseille-est-une-belle-histoire-damour.html\" target=\"_blank\" rel=\"noopener\">successeur de Robert Beck, fondateur du club en\u00a01969 (aujourd&rsquo;hui pr\u00e9sident d&rsquo;honneur),<\/a> le nouveau responsable a donn\u00e9 une nouvelle orientation\u00a0\u00ab\u00a0Historiquement l&rsquo;ACME est un club de route. Aujourd&rsquo;hui on est plus orient\u00e9 VTT et gravel. C&rsquo;est un club de comp\u00e9tition avec un esprit de copains avant tout\u00a0\u00bb. Fort de 55 adh\u00e9rents, la moyenne d&rsquo;\u00e2ge des coureurs d\u00e9passe les 40\u00a0ans, ce qui correspond \u00e0 la cat\u00e9gorie des Masters. Le club compte aussi quelques cadets et juniors dont la p\u00e9pite Lucas Rodriguez. \u00ab\u00a0Il est au club depuis tout petit. Malgr\u00e9 les sollicitations d&rsquo;AG2R Chamb\u00e9ry formation ou de la Groupama FDJ U19, il pr\u00e9f\u00e8re rester chez nous et faire briller nos couleurs\u00a0\u00bb.<\/p>\n<p>Club de comp\u00e9titeurs mais aussi club organisateur. L&rsquo;ACME est aussi connu pour les rendez-vous que sont l&rsquo;Off Road VTT dans les collines d&rsquo;Allauch et le cyclo-cross de Marseille sur les plages du Prado, dont la prochaine \u00e9dition aura lieu le 2\u00a0novembre.<\/p>\n<p>Les laur\u00e9ats de l&rsquo;ACME<\/p>\n<p>Justine Etheve\u00a0: championne des BdR de cyclo-cross U17\u00a0; Rapha\u00ebl Boucault\u00a0: champion des BdR XCO\u00a0; Alain Broglia\u00a0: champion des BdR XCO et R\u00e9gion Sud marathon (XCM)\u00a0; Yannick S\u00e9n\u00e9chal\u00a0: champion des BdR XCO et champion R\u00e9gion Sud cyclo-cross\u00a0; Nathalie Marquiset\u00a0: championne BdR, R\u00e9gion Sud, de France en cyclo-cross et de France en Gravel\u00a0; Emeric Turcat\u00a0: champion R\u00e9gion Sud et de France XCM, 3e du championnat de France de Gravel, s\u00e9lectionn\u00e9 en \u00e9quipe de France Elite Gravel\u00a0; Lucas Rodriguez champion de France XCO et relais mixte U17, m\u00e9daill\u00e9 d&rsquo;argent au FOJE.<\/p>\n","protected":false},"excerpt":{"rendered":"\u00ab\u00a0Ce soir nous avons voulu f\u00eater simplement une ann\u00e9e exceptionnelle en termes de r\u00e9sultats avec 51 victoires, 48&hellip;\n","protected":false},"author":2,"featured_media":482447,"comment_status":"","ping_status":"","sticky":false,"template":"","format":"standard","meta":{"footnotes":""},"categories":[2814],"tags":[17,1111,11,6041,207,932,1777,674,1011,27,28192,884,31591,12,882,25,60,8012],"class_list":{"0":"post-482446","1":"post","2":"type-post","3":"status-publish","4":"format-standard","5":"has-post-thumbnail","7":"category-marseille","8":"tag-17","9":"tag-actu","10":"tag-actualites","11":"tag-belle","12":"tag-cyclisme","13":"tag-est","14":"tag-eu","15":"tag-europe","16":"tag-fr","17":"tag-france","18":"tag-lac","19":"tag-marseille","20":"tag-moisson","21":"tag-news","22":"tag-provence-alpes-cote-dazur","23":"tag-republique-francaise","24":"tag-sports","25":"tag-vtt"},"share_on_mastodon":{"url":"https:\/\/pubeurope.com\/@fr\/115418903625258420","error":""},"_links":{"self":[{"href":"https:\/\/www.europesays.com\/fr\/wp-json\/wp\/v2\/posts\/482446","targetHints":{"allow":["GET"]}}],"collection":[{"href":"https:\/\/www.europesays.com\/fr\/wp-json\/wp\/v2\/posts"}],"about":[{"href":"https:\/\/www.europesays.com\/fr\/wp-json\/wp\/v2\/types\/post"}],"author":[{"embeddable":true,"href":"https:\/\/www.europesays.com\/fr\/wp-json\/wp\/v2\/users\/2"}],"replies":[{"embeddable":true,"href":"https:\/\/www.europesays.com\/fr\/wp-json\/wp\/v2\/comments?post=482446"}],"version-history":[{"count":0,"href":"https:\/\/www.europesays.com\/fr\/wp-json\/wp\/v2\/posts\/482446\/revisions"}],"wp:featuredmedia":[{"embeddable":true,"href":"https:\/\/www.europesays.com\/fr\/wp-json\/wp\/v2\/media\/482447"}],"wp:attachment":[{"href":"https:\/\/www.europesays.com\/fr\/wp-json\/wp\/v2\/media?parent=482446"}],"wp:term":[{"taxonomy":"category","embeddable":true,"href":"https:\/\/www.europesays.com\/fr\/wp-json\/wp\/v2\/categories?post=482446"},{"taxonomy":"post_tag","embeddable":true,"href":"https:\/\/www.europesays.com\/fr\/wp-json\/wp\/v2\/tags?post=482446"}],"curies":[{"name":"wp","href":"https:\/\/api.w.org\/{rel}","templated":true}]}}