{"id":482448,"date":"2025-10-22T17:04:13","date_gmt":"2025-10-22T17:04:13","guid":{"rendered":"https:\/\/www.europesays.com\/fr\/482448\/"},"modified":"2025-10-22T17:04:13","modified_gmt":"2025-10-22T17:04:13","slug":"on-vous-dit-tout-sur-cette-nouvelle-application-de-rencontre-lyonnaise","status":"publish","type":"post","link":"https:\/\/www.europesays.com\/fr\/482448\/","title":{"rendered":"on vous dit tout sur cette nouvelle application de rencontre lyonnaise"},"content":{"rendered":"<p>Mado, c\u2019est Marie, Dominique et 60 ans d\u2019amour. C\u2019est aussi le nom qu\u2019a choisi de donner \u00e0 l\u2019application de rencontre qu\u2019elle a mise sur pied, leur petite-fille, Clara Monti. Un peu pour leur rendre hommage, mais aussi parce qu\u2019elle est persuad\u00e9e \u00ab\u00a0qu\u2019il y avait du bon dans les histoires d\u2019amour d\u2019autrefois. Si les choses \u00e9taient moins faciles, on ne baissait pas les bras trop vite, on s\u2019attachait \u00e0 b\u00e2tir des bases solides\u00a0\u00bb. Peut-\u00eatre en a-t-elle, \u00e0 titre personnel, tir\u00e9 les le\u00e7ons. \u00ab\u00a0J\u2019ai rencontr\u00e9 mon conjoint \u00e0 19 ans et cela fait pr\u00e8s de 10 ans&#8230;<\/p>\n","protected":false},"excerpt":{"rendered":"Mado, c\u2019est Marie, Dominique et 60 ans d\u2019amour. C\u2019est aussi le nom qu\u2019a choisi de donner \u00e0 l\u2019application&hellip;\n","protected":false},"author":2,"featured_media":482449,"comment_status":"","ping_status":"","sticky":false,"template":"","format":"standard","meta":{"footnotes":""},"categories":[1889],"tags":[1111,11,2430,9223,2757,1777,674,107,1011,27,2428,2756,1930,12,25,2429,4604,3151,104],"class_list":{"0":"post-482448","1":"post","2":"type-post","3":"status-publish","4":"format-standard","5":"has-post-thumbnail","7":"category-lyon","8":"tag-actu","9":"tag-actualites","10":"tag-auvergne-rhone-alpes","11":"tag-carnet-du-jour","12":"tag-edition-lyon-villeurbanne","13":"tag-eu","14":"tag-europe","15":"tag-fil-info","16":"tag-fr","17":"tag-france","18":"tag-lyon","19":"tag-lyon-bassin","20":"tag-mariage","21":"tag-news","22":"tag-republique-francaise","23":"tag-rhone","24":"tag-selection-abonne","25":"tag-selection-de-la-redaction-69","26":"tag-societe"},"share_on_mastodon":{"url":"https:\/\/pubeurope.com\/@fr\/115418907489578431","error":""},"_links":{"self":[{"href":"https:\/\/www.europesays.com\/fr\/wp-json\/wp\/v2\/posts\/482448","targetHints":{"allow":["GET"]}}],"collection":[{"href":"https:\/\/www.europesays.com\/fr\/wp-json\/wp\/v2\/posts"}],"about":[{"href":"https:\/\/www.europesays.com\/fr\/wp-json\/wp\/v2\/types\/post"}],"author":[{"embeddable":true,"href":"https:\/\/www.europesays.com\/fr\/wp-json\/wp\/v2\/users\/2"}],"replies":[{"embeddable":true,"href":"https:\/\/www.europesays.com\/fr\/wp-json\/wp\/v2\/comments?post=482448"}],"version-history":[{"count":0,"href":"https:\/\/www.europesays.com\/fr\/wp-json\/wp\/v2\/posts\/482448\/revisions"}],"wp:featuredmedia":[{"embeddable":true,"href":"https:\/\/www.europesays.com\/fr\/wp-json\/wp\/v2\/media\/482449"}],"wp:attachment":[{"href":"https:\/\/www.europesays.com\/fr\/wp-json\/wp\/v2\/media?parent=482448"}],"wp:term":[{"taxonomy":"category","embeddable":true,"href":"https:\/\/www.europesays.com\/fr\/wp-json\/wp\/v2\/categories?post=482448"},{"taxonomy":"post_tag","embeddable":true,"href":"https:\/\/www.europesays.com\/fr\/wp-json\/wp\/v2\/tags?post=482448"}],"curies":[{"name":"wp","href":"https:\/\/api.w.org\/{rel}","templated":true}]}}