{"id":482450,"date":"2025-10-22T17:05:18","date_gmt":"2025-10-22T17:05:18","guid":{"rendered":"https:\/\/www.europesays.com\/fr\/482450\/"},"modified":"2025-10-22T17:05:18","modified_gmt":"2025-10-22T17:05:18","slug":"la-police-appelle-a-la-vigilance-des-cyclistes-avant-le-changement-dheure","status":"publish","type":"post","link":"https:\/\/www.europesays.com\/fr\/482450\/","title":{"rendered":"la police appelle \u00e0 la vigilance des cyclistes avant le changement d\u2019heure"},"content":{"rendered":"<p>C\u2019est devenu une habitude. \u00c0 quelques jours du passage \u00e0 l\u2019heure d\u2019hiver, qui interviendra dans la nuit du samedi\u00a025 au dimanche 26\u00a0octobre, la pr\u00e9fecture du Rh\u00f4ne organisait ce mercredi, sur les coups de 17\u00a0h\u00a030, \u00e0 l\u2019angle du pont Lafayette et du quai Augagneur (3e), une op\u00e9ration de sensibilisation routi\u00e8re aupr\u00e8s des cyclistes et utilisateurs de trottinettes.<\/p>\n<p>Cette action, exclusivement pr\u00e9ventive, visait surtout \u00e0 rappeler \u00e0 ces usagers des modes doux l\u2019importance d\u2018\u00eatre visibles de tous. Particuli\u00e8rement en fin d\u2019apr\u00e8s-midi\u00a0: ce moment, entre chiens et loups, o\u00f9 la circulation automobile est intense, mais la luminosit\u00e9 d\u00e9cline.<\/p>\n<p>  Le nombre de morts augmente sur les routes du Rh\u00f4ne<\/p>\n<p>\u00ab\u00a0On se rend compte chaque ann\u00e9e que le changement d\u2019heure est une source d\u2019accidents suppl\u00e9mentaires [\u2026] jusqu\u2018\u00e0 40\u00a0% de plus dans la semaine suivante\u00a0\u00bb, signale le sous-pr\u00e9fet Lucas Turgis. En 2025, \u00e0 date, 54 personnes sont d\u00e9c\u00e9d\u00e9es sur les routes du Rh\u00f4ne, soit dix de plus que l\u2019an dernier. Dans le d\u00e9tail, quatre utilisateurs de trottinettes sont morts, contre deux en 2024.<\/p>\n<p>Alors ce mercredi, plusieurs policiers municipaux et nationaux \u00e9taient sur le pont. Ils ont rappel\u00e9 aux cyclistes lyonnais les fondamentaux du code de la route. Notamment la liste des \u00e9quipements obligatoires ou conseill\u00e9s, comme le casque. Et ceux \u00e0 proscrire, comme les \u00e9couteurs.<\/p>\n<p>Les intervenants d\u00e9partementaux en s\u00e9curit\u00e9 routi\u00e8re (IDSR) \u00e9taient pr\u00e9sents, eux aussi, pour sensibiliser aux bons comportements. Ces b\u00e9n\u00e9voles ont distribu\u00e9 aux cyclistes des gilets, clap-velo, housses de sac \u00e0 dos et rayons r\u00e9fl\u00e9chissants, pour plus de visibilit\u00e9.<\/p>\n","protected":false},"excerpt":{"rendered":"C\u2019est devenu une habitude. \u00c0 quelques jours du passage \u00e0 l\u2019heure d\u2019hiver, qui interviendra dans la nuit du&hellip;\n","protected":false},"author":2,"featured_media":482451,"comment_status":"","ping_status":"","sticky":false,"template":"","format":"standard","meta":{"footnotes":""},"categories":[1889],"tags":[1111,11,2430,2757,1777,674,274,1011,27,2428,2756,12,25,2429,2803],"class_list":{"0":"post-482450","1":"post","2":"type-post","3":"status-publish","4":"format-standard","5":"has-post-thumbnail","7":"category-lyon","8":"tag-actu","9":"tag-actualites","10":"tag-auvergne-rhone-alpes","11":"tag-edition-lyon-villeurbanne","12":"tag-eu","13":"tag-europe","14":"tag-faits-divers-justice","15":"tag-fr","16":"tag-france","17":"tag-lyon","18":"tag-lyon-bassin","19":"tag-news","20":"tag-republique-francaise","21":"tag-rhone","22":"tag-transport"},"share_on_mastodon":{"url":"https:\/\/pubeurope.com\/@fr\/115418911435879212","error":""},"_links":{"self":[{"href":"https:\/\/www.europesays.com\/fr\/wp-json\/wp\/v2\/posts\/482450","targetHints":{"allow":["GET"]}}],"collection":[{"href":"https:\/\/www.europesays.com\/fr\/wp-json\/wp\/v2\/posts"}],"about":[{"href":"https:\/\/www.europesays.com\/fr\/wp-json\/wp\/v2\/types\/post"}],"author":[{"embeddable":true,"href":"https:\/\/www.europesays.com\/fr\/wp-json\/wp\/v2\/users\/2"}],"replies":[{"embeddable":true,"href":"https:\/\/www.europesays.com\/fr\/wp-json\/wp\/v2\/comments?post=482450"}],"version-history":[{"count":0,"href":"https:\/\/www.europesays.com\/fr\/wp-json\/wp\/v2\/posts\/482450\/revisions"}],"wp:featuredmedia":[{"embeddable":true,"href":"https:\/\/www.europesays.com\/fr\/wp-json\/wp\/v2\/media\/482451"}],"wp:attachment":[{"href":"https:\/\/www.europesays.com\/fr\/wp-json\/wp\/v2\/media?parent=482450"}],"wp:term":[{"taxonomy":"category","embeddable":true,"href":"https:\/\/www.europesays.com\/fr\/wp-json\/wp\/v2\/categories?post=482450"},{"taxonomy":"post_tag","embeddable":true,"href":"https:\/\/www.europesays.com\/fr\/wp-json\/wp\/v2\/tags?post=482450"}],"curies":[{"name":"wp","href":"https:\/\/api.w.org\/{rel}","templated":true}]}}