{"id":482468,"date":"2025-10-22T17:14:14","date_gmt":"2025-10-22T17:14:14","guid":{"rendered":"https:\/\/www.europesays.com\/fr\/482468\/"},"modified":"2025-10-22T17:14:14","modified_gmt":"2025-10-22T17:14:14","slug":"un-baron-chinois-du-fentanyl-recherche-par-les-etats-unis-arrete-a-cuba","status":"publish","type":"post","link":"https:\/\/www.europesays.com\/fr\/482468\/","title":{"rendered":"Un baron chinois du fentanyl, recherch\u00e9 par les \u00c9tats-Unis, arr\u00eat\u00e9 \u00e0 Cuba"},"content":{"rendered":"<p>\n    Plusieurs sources mexicaines ont indiqu\u00e9 que le narcotrafiquant chinois Zhi Dong Zhang, l\u2019un des principaux fournisseurs de fentanyl des grands cartels mexicain et recherch\u00e9 par les \u00c9tats-Unis, a \u00e9t\u00e9 arr\u00eat\u00e9 \u00e0 Cuba.<\/p>\n<p class=\"fig-paragraph\">Le narcotrafiquant chinois Zhi Dong Zhang, l&rsquo;un des principaux fournisseurs de\u00a0<a href=\"http:\/\/sante.lefigaro.fr\/fentanyl-contamine-par-des-bacteries-en-argentine-au-moins-87-patients-morts-20250813\" data-fig-type=\"NewsFlash\" data-gtm-custom-categorie=\"navigation\" data-gtm-custom-action=\"crossclick\" data-gtm-custom-label=\"Contextuel\" data-gtm-event=\"customEventSPE\" data-fig-domain=\"SANTE\" rel=\"nofollow noopener\" target=\"_blank\">fentanyl\u00a0<\/a>aupr\u00e8s des grands cartels mexicains de la drogue, \u00e9galement recherch\u00e9 par les\u00a0<a href=\"http:\/\/www.lefigaro.fr\/flash-eco\/le-cout-des-catastrophes-naturelles-aux-etats-unis-a-explose-debut-2025-20251022\" data-fig-type=\"NewsFlash\" data-gtm-custom-categorie=\"navigation\" data-gtm-custom-action=\"crossclick\" data-gtm-custom-label=\"Contextuel\" data-gtm-event=\"customEventSPE\" data-fig-domain=\"LEFIGARO\" rel=\"nofollow noopener\" target=\"_blank\">\u00c9tats-Unis<\/a>, a \u00e9t\u00e9 arr\u00eat\u00e9 \u00e0 Cuba, ont indiqu\u00e9 mercredi des sources de s\u00e9curit\u00e9 mexicaines \u00e0 l&rsquo;AFP.<\/p>\n<p class=\"fig-paragraph\">Le narcotrafiquant, \u00e9galement connu sous le nom de \u00abBrother Wang\u00bb, s&rsquo;\u00e9tait enfui du Mexique en juillet. Il restera d\u00e9tenu \u00e0 Cuba en attendant une d\u00e9cision concernant son \u00e9ventuelle extradition, ont pr\u00e9cis\u00e9 ces sources. Cet homme fait l\u2019objet d\u2019un mandat d\u2019arr\u00eat \u00e9mis par un juge f\u00e9d\u00e9ral am\u00e9ricain \u00e0 Atlanta en juillet dernier pour blanchiment d\u2019argent. Le gouvernement cubain n\u2019a pas confirm\u00e9 dans l\u2019imm\u00e9diat.<\/p>\n<p>                                    <a class=\"fig-a11y-skip a11y-hidden\" href=\"#fig-a11y-skip-main-inarticle\"><br \/>\n        Passer la publicit\u00e9<br \/>\n    <\/a><\/p>\n<p class=\"fig-paragraph\">Deux sources gouvernementales \u00e0 la Havane ont indiqu\u00e9 \u00e0 l\u2019AFP que le d\u00e9tenu serait extrad\u00e9 vers le Mexique, sans pr\u00e9ciser toutefois la date du transfert ni donner de d\u00e9tails sur la proc\u00e9dure.<\/p>\n<p><strong>\u00abBrother Wang\u00bb avait fui <\/strong>en juillet dernier<\/p>\n<p class=\"fig-paragraph\">\u00abBrother Wang\u00bb est accus\u00e9 d\u2019approvisionner les cartels de Sinaloa et de Jalisco Nueva Generacion, que Washington consid\u00e8re comme les principaux responsables du trafic de fentanyl vers son territoire. Zhi Dong Zhang avait \u00e9t\u00e9 arr\u00eat\u00e9 au Mexique en octobre 2024, o\u00f9 il devait \u00eatre soumis \u00e0 un processus d\u2019extradition \u00e0 la demande des autorit\u00e9s am\u00e9ricaines. Incarc\u00e9r\u00e9 dans une prison de Mexico, un juge lui avait accord\u00e9 quelques mois plus tard une assignation \u00e0 r\u00e9sidence, et il avait fui en juillet dernier.<\/p>\n<p class=\"fig-paragraph\">Ce citoyen chinois est consid\u00e9r\u00e9 comme \u00abun op\u00e9rateur important de blanchiment d\u2019argent \u00e0 l\u2019\u00e9chelle internationale\u00bb, charg\u00e9 de \u00abr\u00e9aliser la connexion avec d\u2019autres cartels pour le transfert de fentanyl en provenance de Chine vers l\u2019Am\u00e9rique centrale, l\u2019Am\u00e9rique du Sud, l\u2019Europe et les \u00c9tats-Unis\u00bb, selon les d\u00e9clarations de l\u2019ann\u00e9e derni\u00e8re du secr\u00e9taire mexicain \u00e0 la S\u00e9curit\u00e9, Omar Garcia Harfuch.<\/p>\n<p class=\"fig-paragraph\">Mis sous pression par le pr\u00e9sident am\u00e9ricain Donald Trump pour freiner le trafic de fentanyl, qui a fait des milliers de morts aux \u00c9tats-Unis, le Mexique a accentu\u00e9 ses op\u00e9rations de lutte contre le trafic de drogue sous l\u2019impulsion de la pr\u00e9sidente de gauche Claudia Sheinbaum. La DEA, l\u2019agence antidrogue am\u00e9ricaine, affirme que les cartels mexicains sont \u00abau c\u0153ur\u00bb de la crise li\u00e9e aux drogues de synth\u00e8se aux \u00c9tats-Unis. Washington accuse par ailleurs la Chine d\u2019exporter des produits chimiques utilis\u00e9s pour fabriquer du fentanyl vendu aux \u00c9tats-Unis.<\/p>\n","protected":false},"excerpt":{"rendered":"Plusieurs sources mexicaines ont indiqu\u00e9 que le narcotrafiquant chinois Zhi Dong Zhang, l\u2019un des principaux fournisseurs de fentanyl&hellip;\n","protected":false},"author":2,"featured_media":482469,"comment_status":"","ping_status":"","sticky":false,"template":"","format":"standard","meta":{"footnotes":""},"categories":[1589],"tags":[11,19551,73,1866,12,1864,1865,1863,308],"class_list":{"0":"post-482468","1":"post","2":"type-post","3":"status-publish","4":"format-standard","5":"has-post-thumbnail","7":"category-etats-unis","8":"tag-actualites","9":"tag-cuba","10":"tag-etats-unis","11":"tag-etats-unis-damerique","12":"tag-news","13":"tag-united-states","14":"tag-united-states-of-america","15":"tag-us","16":"tag-usa"},"share_on_mastodon":{"url":"https:\/\/pubeurope.com\/@fr\/115418946942774378","error":""},"_links":{"self":[{"href":"https:\/\/www.europesays.com\/fr\/wp-json\/wp\/v2\/posts\/482468","targetHints":{"allow":["GET"]}}],"collection":[{"href":"https:\/\/www.europesays.com\/fr\/wp-json\/wp\/v2\/posts"}],"about":[{"href":"https:\/\/www.europesays.com\/fr\/wp-json\/wp\/v2\/types\/post"}],"author":[{"embeddable":true,"href":"https:\/\/www.europesays.com\/fr\/wp-json\/wp\/v2\/users\/2"}],"replies":[{"embeddable":true,"href":"https:\/\/www.europesays.com\/fr\/wp-json\/wp\/v2\/comments?post=482468"}],"version-history":[{"count":0,"href":"https:\/\/www.europesays.com\/fr\/wp-json\/wp\/v2\/posts\/482468\/revisions"}],"wp:featuredmedia":[{"embeddable":true,"href":"https:\/\/www.europesays.com\/fr\/wp-json\/wp\/v2\/media\/482469"}],"wp:attachment":[{"href":"https:\/\/www.europesays.com\/fr\/wp-json\/wp\/v2\/media?parent=482468"}],"wp:term":[{"taxonomy":"category","embeddable":true,"href":"https:\/\/www.europesays.com\/fr\/wp-json\/wp\/v2\/categories?post=482468"},{"taxonomy":"post_tag","embeddable":true,"href":"https:\/\/www.europesays.com\/fr\/wp-json\/wp\/v2\/tags?post=482468"}],"curies":[{"name":"wp","href":"https:\/\/api.w.org\/{rel}","templated":true}]}}