{"id":482476,"date":"2025-10-22T17:18:13","date_gmt":"2025-10-22T17:18:13","guid":{"rendered":"https:\/\/www.europesays.com\/fr\/482476\/"},"modified":"2025-10-22T17:18:13","modified_gmt":"2025-10-22T17:18:13","slug":"une-nouvelle-bande-annonce-pour-pluribus-sur-apple-tv-parce-que-vince-gilligan-na-pas-eu-le-memo-sur-labandon-du","status":"publish","type":"post","link":"https:\/\/www.europesays.com\/fr\/482476\/","title":{"rendered":"Une nouvelle bande-annonce pour Pluribus sur Apple\u00a0TV+, parce que Vince Gilligan n&rsquo;a pas eu le m\u00e9mo sur l&rsquo;abandon du +"},"content":{"rendered":"<p>Apple vient de mettre en ligne une nouvelle bande-annonce pour la s\u00e9rie Pluribus, <a href=\"https:\/\/www.macg.co\/video\/2025\/10\/une-nouvelle-bande-annonce-qui-cultive-le-mystere-pour-pluribus-la-serie-dapple-et-du-createur-de-breaking-bad-304253\" rel=\"nofollow noopener\" target=\"_blank\">apr\u00e8s une aguiche<\/a> il y a deux semaines. Et ce qui frappe dans cette bande-annonce toujours un peu myst\u00e9rieuse, ce n&rsquo;est pas la mise en avant de Rhea Seehorn (vue dans Better Call Saul) mais bien le logo mis en avant d\u00e8s les premi\u00e8res secondes : \uf8ffTV+.<\/p>\n<p><img decoding=\"async\" loading=\"lazy\" src=\"https:\/\/www.europesays.com\/fr\/wp-content\/uploads\/2025\/10\/mg-d50eb32c-w1920-w828-w1300.jpg\"   data-jslghtbx=\"https:\/\/cdn.mgig.fr\/2025\/10\/mg-d50eb32c-w1920.jpg\"\/>Personne n&rsquo;a eu le m\u00e9mo\u00a0? Image Apple.<\/p>\n<p>Visiblement, personne chez Sony (qui coproduit la s\u00e9rie) ou chez Apple n&rsquo;a \u00e9t\u00e9 mis au courant que le nom Apple\u00a0TV+ a \u00e9t\u00e9 abandonn\u00e9 au profit du tr\u00e8s confusant Apple\u00a0TV. Et vous, allez-vous regarder la s\u00e9rie Apple\u00a0TV sur l&rsquo;Apple\u00a0TV de l&rsquo;Apple\u00a0TV d\u00e8s le 7 novembre\u00a0?<\/p>\n<p><a href=\"https:\/\/www.igen.fr\/apple-tv\/2025\/10\/apple-tv-devient-apple-tv-152771\" class=\"related-article igen\" rel=\"nofollow noopener\" target=\"_blank\"> <img decoding=\"async\" src=\"https:\/\/www.europesays.com\/fr\/wp-content\/uploads\/2025\/10\/mga-132f378e-w375-w1500-w750_accroche.jpg\" alt=\"Apple\u00a0TV+ devient Apple\u00a0TV\"\/> <\/p>\n<p class=\"\">Apple\u00a0TV+ devient Apple\u00a0TV<\/p>\n<p><\/a><\/p>\n","protected":false},"excerpt":{"rendered":"Apple vient de mettre en ligne une nouvelle bande-annonce pour la s\u00e9rie Pluribus, apr\u00e8s une aguiche il y&hellip;\n","protected":false},"author":2,"featured_media":482477,"comment_status":"","ping_status":"","sticky":false,"template":"","format":"standard","meta":{"footnotes":""},"categories":[1586],"tags":[11,519,1777,674,1779,1011,27,12,60574,25,1778,364],"class_list":{"0":"post-482476","1":"post","2":"type-post","3":"status-publish","4":"format-standard","5":"has-post-thumbnail","7":"category-europe","8":"tag-actualites","9":"tag-apple-tv","10":"tag-eu","11":"tag-europe","12":"tag-european-union","13":"tag-fr","14":"tag-france","15":"tag-news","16":"tag-pluribus","17":"tag-republique-francaise","18":"tag-ue","19":"tag-union-europeenne"},"share_on_mastodon":{"url":"https:\/\/pubeurope.com\/@fr\/115418964675365819","error":""},"_links":{"self":[{"href":"https:\/\/www.europesays.com\/fr\/wp-json\/wp\/v2\/posts\/482476","targetHints":{"allow":["GET"]}}],"collection":[{"href":"https:\/\/www.europesays.com\/fr\/wp-json\/wp\/v2\/posts"}],"about":[{"href":"https:\/\/www.europesays.com\/fr\/wp-json\/wp\/v2\/types\/post"}],"author":[{"embeddable":true,"href":"https:\/\/www.europesays.com\/fr\/wp-json\/wp\/v2\/users\/2"}],"replies":[{"embeddable":true,"href":"https:\/\/www.europesays.com\/fr\/wp-json\/wp\/v2\/comments?post=482476"}],"version-history":[{"count":0,"href":"https:\/\/www.europesays.com\/fr\/wp-json\/wp\/v2\/posts\/482476\/revisions"}],"wp:featuredmedia":[{"embeddable":true,"href":"https:\/\/www.europesays.com\/fr\/wp-json\/wp\/v2\/media\/482477"}],"wp:attachment":[{"href":"https:\/\/www.europesays.com\/fr\/wp-json\/wp\/v2\/media?parent=482476"}],"wp:term":[{"taxonomy":"category","embeddable":true,"href":"https:\/\/www.europesays.com\/fr\/wp-json\/wp\/v2\/categories?post=482476"},{"taxonomy":"post_tag","embeddable":true,"href":"https:\/\/www.europesays.com\/fr\/wp-json\/wp\/v2\/tags?post=482476"}],"curies":[{"name":"wp","href":"https:\/\/api.w.org\/{rel}","templated":true}]}}