{"id":482484,"date":"2025-10-22T17:25:12","date_gmt":"2025-10-22T17:25:12","guid":{"rendered":"https:\/\/www.europesays.com\/fr\/482484\/"},"modified":"2025-10-22T17:25:12","modified_gmt":"2025-10-22T17:25:12","slug":"colomiers-rugby-rc-vannes-simon-augry-forfait-pour-le-choc-de-pro-d2-le-point-sur-les-blesses-au-rcv","status":"publish","type":"post","link":"https:\/\/www.europesays.com\/fr\/482484\/","title":{"rendered":"Colomiers Rugby &#8211; RC Vannes\u00a0: Simon Augry forfait pour le choc de Pro D2, le point sur les bless\u00e9s au RCV"},"content":{"rendered":"<p>Pro D2 (8e journ\u00e9e). Colomiers &#8211; RC Vannes, vendredi (21\u00a0h)<\/p>\n<p>Simon Augry ne sera pas de retour pour le choc de Pro D2, vendredi soir (21\u00a0h) \u00e0 Colomiers. Le troisi\u00e8me ligne, d\u00e9j\u00e0 absent contre Oyonnax jeudi dernier, manquera donc son deuxi\u00e8me match de rang apr\u00e8s avoir \u00e9t\u00e9 titulaire lors des six matchs du premier bloc.<\/p>\n<p>\u00ab\u00a0Il n\u2019est pas encore apte, a confi\u00e9 Jeremy Davidson, l\u2019entra\u00eeneur des avants du <a href=\"https:\/\/www.letelegramme.fr\/sports\/rugby\/rc-vannes\/\" target=\"_blank\" rel=\"nofollow noopener\">RC Vannes<\/a>. Il court mais c\u2019\u00e9tait un peu court pour \u00eatre \u00e0 100\u00a0% pour ce match. Je pense qu\u2019il sera disponible la semaine prochaine.\u00a0\u00bb Le RCV recevra alors Valence Romans \u00e0 La Rabine, \u00e0 l\u2019occasion de la 9e journ\u00e9e, premier match de la saison programm\u00e9 en multiplex.<\/p>\n<p>Nakosi seul retour \u00e0 l\u2019entra\u00eenement<\/p>\n<p>Francisco Gorrissen, Nick Schonert et Simon Bourgeois sont toujours \u00e0 l\u2019infirmerie. Edoardo Iachizzi poursuit sa r\u00e9\u00e9ducation et aucune date de retour n\u2019est fix\u00e9e.<\/p>\n<p>\u00ab\u00a0Alex (Arrate) a eu des infiltrations au genou, il est en reprise de course\u00a0\u00bb, a ajout\u00e9 Davidson.<\/p>\n<p>Seul retour \u00e0 l\u2019entra\u00eenement\u00a0: Filipo Nakosi. De retour d\u2019une blessure au mollet, l\u2019ailier fidjien, qui n\u2019a toujours pas disput\u00e9 le moindre match cette saison, n\u2019est toutefois pas encore pr\u00eat pour retrouver la comp\u00e9tition. \u00ab\u00a0Il s\u2019entra\u00eene avec le groupe depuis une semaine mais il faudra encore un peu de temps pour qu\u2019il revienne en forme.\u00a0\u00bb<\/p>\n","protected":false},"excerpt":{"rendered":"Pro D2 (8e journ\u00e9e). Colomiers &#8211; RC Vannes, vendredi (21\u00a0h) Simon Augry ne sera pas de retour pour&hellip;\n","protected":false},"author":2,"featured_media":482485,"comment_status":"","ping_status":"","sticky":false,"template":"","format":"standard","meta":{"footnotes":""},"categories":[1416],"tags":[3166,1011,27,60570,2308,3164,3167,479,1468,60,3165],"class_list":{"0":"post-482484","1":"post","2":"type-post","3":"status-publish","4":"format-standard","5":"has-post-thumbnail","7":"category-rugby","8":"tag-en-continu-sports","9":"tag-fr","10":"tag-france","11":"tag-newsletter-rc-vannes","12":"tag-pro-d2","13":"tag-rc-vannes","14":"tag-rcv","15":"tag-rugby","16":"tag-rugby-football","17":"tag-sports","18":"tag-vannes"},"share_on_mastodon":{"url":"https:\/\/pubeurope.com\/@fr\/115418990130434866","error":""},"_links":{"self":[{"href":"https:\/\/www.europesays.com\/fr\/wp-json\/wp\/v2\/posts\/482484","targetHints":{"allow":["GET"]}}],"collection":[{"href":"https:\/\/www.europesays.com\/fr\/wp-json\/wp\/v2\/posts"}],"about":[{"href":"https:\/\/www.europesays.com\/fr\/wp-json\/wp\/v2\/types\/post"}],"author":[{"embeddable":true,"href":"https:\/\/www.europesays.com\/fr\/wp-json\/wp\/v2\/users\/2"}],"replies":[{"embeddable":true,"href":"https:\/\/www.europesays.com\/fr\/wp-json\/wp\/v2\/comments?post=482484"}],"version-history":[{"count":0,"href":"https:\/\/www.europesays.com\/fr\/wp-json\/wp\/v2\/posts\/482484\/revisions"}],"wp:featuredmedia":[{"embeddable":true,"href":"https:\/\/www.europesays.com\/fr\/wp-json\/wp\/v2\/media\/482485"}],"wp:attachment":[{"href":"https:\/\/www.europesays.com\/fr\/wp-json\/wp\/v2\/media?parent=482484"}],"wp:term":[{"taxonomy":"category","embeddable":true,"href":"https:\/\/www.europesays.com\/fr\/wp-json\/wp\/v2\/categories?post=482484"},{"taxonomy":"post_tag","embeddable":true,"href":"https:\/\/www.europesays.com\/fr\/wp-json\/wp\/v2\/tags?post=482484"}],"curies":[{"name":"wp","href":"https:\/\/api.w.org\/{rel}","templated":true}]}}