{"id":482487,"date":"2025-10-22T17:28:16","date_gmt":"2025-10-22T17:28:16","guid":{"rendered":"https:\/\/www.europesays.com\/fr\/482487\/"},"modified":"2025-10-22T17:28:16","modified_gmt":"2025-10-22T17:28:16","slug":"le-reve-tres-emouvant-de-quartararo-et-qui-na-rien-a-voir-avec-la-moto","status":"publish","type":"post","link":"https:\/\/www.europesays.com\/fr\/482487\/","title":{"rendered":"le r\u00eave tr\u00e8s \u00e9mouvant de Quartararo et qui n&rsquo;a rien \u00e0 voir avec la moto"},"content":{"rendered":"<p>Fabio Quartararo r\u00eave de redevenir champion du monde de MotoGP et le pilote ni\u00e7ois l&rsquo;a bien fait comprendre depuis plusieurs saisons. Encore dans le dur cette ann\u00e9e avec Yamaha, le champion du monde 2021 a bien fait savoir que la saison 2026 sera cruciale en vue de son avenir, lui qui n&rsquo;a plus de temps \u00e0 perdre. Aujourd&rsquo;hui \u00e2g\u00e9 de 26 ans, El Diablo veut rego\u00fbter \u00e0 la victoire et le fait comprendre, mois apr\u00e8s mois, depuis bien longtemps. Mais en marge du Grand Prix d&rsquo;Australie le week-end dernier, Quartararo s&rsquo;est longuement confi\u00e9 pour Motorsport.com et le Fran\u00e7ais a d\u00e9voil\u00e9 un autre r\u00eave, bien plus mignon et qui n&rsquo;a rien \u00e0 voir avec la moto.<\/p>\n<p>Ainsi, interrog\u00e9 sur sa vie personnelle, El Diablo a fait un aveu de taille, avouant qu&rsquo;il r\u00eave de fonder sa propre famille. Interrog\u00e9 par le journaliste, qui lui demandait si le projet de fonder une famille \u00e9tait dans ses plans en vue du futur, le champion du monde 2021 n&rsquo;a pas tergivers\u00e9 et a \u00e9t\u00e9 tr\u00e8s honn\u00eate. Dans la vid\u00e9o (\u00e0 partir de 3&rsquo;45), Quartararo a fait part de ce r\u00eave, assurant m\u00eame que si cela devait arriver rapidement, il serait le plus heureux.<\/p>\n<p>Quartararo r\u00eave de fonder sa propre famille<\/p>\n<p>\u00ab\u00a0Je pense que je suis quelqu&rsquo;un qui est tr\u00e8s famille car je la vois peu. Je veux prendre soin de ma famille. Et bien \u00e9videmment, je veux fonder ma propre famille. Mais je ne veux pas pr\u00e9cipiter ou forcer les choses. Quand la bonne personne se pr\u00e9sentera, \u00e7a sera alors le moment de franchir ce pas. Ce n&rsquo;est pas une question d&rsquo;\u00e2ge. Si \u00e7a arrive demain, tant mieux. Mais si non, alors j&rsquo;attendrais le bon moment. Mais il est clair que je veux fonder ma famille\u00a0\u00bb, a d\u00e9clar\u00e9 le pilote Yamaha, qui ne vit pas que pour le MotoGP et se verrait bien dans le r\u00f4le de p\u00e8re prochainement dans sa vie. Un aveu tr\u00e8s mignon de la part du pilote de 26 ans, qui reste cependant focus sur sa carri\u00e8re \u00e0 l&rsquo;heure actuelle.<\/p>\n<\/p>\n<p>   Partagez cette info avec vos amis et vos proches en cliquant ici<br \/> Pour r\u00e9sumer<\/p>\n<p>Fabio Quartararo r\u00eave de redevenir champion du monde de MotoGP et le pilote ni\u00e7ois l&rsquo;a bien fait comprendre depuis plusieurs saisons. Encore dans le dur cette ann\u00e9e avec Yamaha, le champion du monde 2021 a bien fait savoir que la saison 2026 sera cruciale en vue de son avenir, lui qui n&rsquo;a plus de temps \u00e0 perdre.<\/p>\n<p>R\u00e9dacteur<\/p>\n<p><img decoding=\"async\" width=\"76\" height=\"76\" loading=\"lazy\" src=\"https:\/\/www.europesays.com\/fr\/wp-content\/uploads\/2025\/06\/logo-victor-willems.jpg\" alt=\"Victor Willems\"\/><\/p>\n","protected":false},"excerpt":{"rendered":"Fabio Quartararo r\u00eave de redevenir champion du monde de MotoGP et le pilote ni\u00e7ois l&rsquo;a bien fait comprendre&hellip;\n","protected":false},"author":2,"featured_media":482488,"comment_status":"","ping_status":"","sticky":false,"template":"","format":"standard","meta":{"footnotes":""},"categories":[1413],"tags":[1011,27,1457,1456,60,59961],"class_list":{"0":"post-482487","1":"post","2":"type-post","3":"status-publish","4":"format-standard","5":"has-post-thumbnail","7":"category-moto","8":"tag-fr","9":"tag-france","10":"tag-moto","11":"tag-motocycle","12":"tag-sports","13":"tag-sports-moto"},"share_on_mastodon":{"url":"https:\/\/pubeurope.com\/@fr\/115419002940253587","error":""},"_links":{"self":[{"href":"https:\/\/www.europesays.com\/fr\/wp-json\/wp\/v2\/posts\/482487","targetHints":{"allow":["GET"]}}],"collection":[{"href":"https:\/\/www.europesays.com\/fr\/wp-json\/wp\/v2\/posts"}],"about":[{"href":"https:\/\/www.europesays.com\/fr\/wp-json\/wp\/v2\/types\/post"}],"author":[{"embeddable":true,"href":"https:\/\/www.europesays.com\/fr\/wp-json\/wp\/v2\/users\/2"}],"replies":[{"embeddable":true,"href":"https:\/\/www.europesays.com\/fr\/wp-json\/wp\/v2\/comments?post=482487"}],"version-history":[{"count":0,"href":"https:\/\/www.europesays.com\/fr\/wp-json\/wp\/v2\/posts\/482487\/revisions"}],"wp:featuredmedia":[{"embeddable":true,"href":"https:\/\/www.europesays.com\/fr\/wp-json\/wp\/v2\/media\/482488"}],"wp:attachment":[{"href":"https:\/\/www.europesays.com\/fr\/wp-json\/wp\/v2\/media?parent=482487"}],"wp:term":[{"taxonomy":"category","embeddable":true,"href":"https:\/\/www.europesays.com\/fr\/wp-json\/wp\/v2\/categories?post=482487"},{"taxonomy":"post_tag","embeddable":true,"href":"https:\/\/www.europesays.com\/fr\/wp-json\/wp\/v2\/tags?post=482487"}],"curies":[{"name":"wp","href":"https:\/\/api.w.org\/{rel}","templated":true}]}}