{"id":482497,"date":"2025-10-22T17:33:12","date_gmt":"2025-10-22T17:33:12","guid":{"rendered":"https:\/\/www.europesays.com\/fr\/482497\/"},"modified":"2025-10-22T17:33:12","modified_gmt":"2025-10-22T17:33:12","slug":"neuilly-ces-sculptures-iconiques-de-personnages-de-bandes-dessinees-fetent-leurs-quarante-ans","status":"publish","type":"post","link":"https:\/\/www.europesays.com\/fr\/482497\/","title":{"rendered":"Neuilly\u00a0: ces sculptures iconiques de personnages de bandes dessin\u00e9es f\u00eatent leurs quarante ans"},"content":{"rendered":"<p class=\"paragraph text_align_left lp-f-body-02\">Une vitrine remplie de Playmobil g\u00e9ants, de Mickey et Minnie et autres Snoopy coiff\u00e9s d\u2019une couronne dor\u00e9e. Bienvenue dans le showroom \u00e0 <a href=\"https:\/\/www.leparisien.fr\/hauts-de-seine-92\/neuilly-sur-seine-92200\/\" target=\"_self\" rel=\"noopener\">Neuilly-sur-Seine<\/a> de Leblon-Delienne, qui essaime aux quatre coins du monde ses sculptures inspir\u00e9es des personnages de notre enfance. De v\u00e9ritables objets de collection pour une entreprise artisanale qui f\u00eate cette ann\u00e9e ses quarante ans.<\/p>\n<p class=\"paragraph text_align_left lp-f-body-02\">C\u2019est au d\u00e9but des ann\u00e9es 1980 que Marie Leblon et \u00c9ric Delienne commencent \u00e0 concevoir des marionnettes avant de d\u00e9velopper des techniques de moulage et de fabrication de r\u00e9sines. En 1985, l\u2019atelier Leblon Delienne est officiellement cr\u00e9\u00e9 \u00e0 Neufch\u00e2tel-en-Bray (Seine-Maritime). Leur sp\u00e9cialit\u00e9 : donner vie aux personnages de bandes dessin\u00e9es pour cr\u00e9er des figurines \u00e0 collectionner.<\/p>\n","protected":false},"excerpt":{"rendered":"Une vitrine remplie de Playmobil g\u00e9ants, de Mickey et Minnie et autres Snoopy coiff\u00e9s d\u2019une couronne dor\u00e9e. Bienvenue&hellip;\n","protected":false},"author":2,"featured_media":482498,"comment_status":"","ping_status":"","sticky":false,"template":"","format":"standard","meta":{"footnotes":""},"categories":[1358],"tags":[1348,1384,1385,1386,58,59,1011,27,3314,1944],"class_list":{"0":"post-482497","1":"post","2":"type-post","3":"status-publish","4":"format-standard","5":"has-post-thumbnail","7":"category-arts-et-design","8":"tag-arts","9":"tag-arts-and-design","10":"tag-arts-et-design","11":"tag-design","12":"tag-divertissement","13":"tag-entertainment","14":"tag-fr","15":"tag-france","16":"tag-hauts-de-seine","17":"tag-ma-ville"},"share_on_mastodon":{"url":"https:\/\/pubeurope.com\/@fr\/115419021588285019","error":""},"_links":{"self":[{"href":"https:\/\/www.europesays.com\/fr\/wp-json\/wp\/v2\/posts\/482497","targetHints":{"allow":["GET"]}}],"collection":[{"href":"https:\/\/www.europesays.com\/fr\/wp-json\/wp\/v2\/posts"}],"about":[{"href":"https:\/\/www.europesays.com\/fr\/wp-json\/wp\/v2\/types\/post"}],"author":[{"embeddable":true,"href":"https:\/\/www.europesays.com\/fr\/wp-json\/wp\/v2\/users\/2"}],"replies":[{"embeddable":true,"href":"https:\/\/www.europesays.com\/fr\/wp-json\/wp\/v2\/comments?post=482497"}],"version-history":[{"count":0,"href":"https:\/\/www.europesays.com\/fr\/wp-json\/wp\/v2\/posts\/482497\/revisions"}],"wp:featuredmedia":[{"embeddable":true,"href":"https:\/\/www.europesays.com\/fr\/wp-json\/wp\/v2\/media\/482498"}],"wp:attachment":[{"href":"https:\/\/www.europesays.com\/fr\/wp-json\/wp\/v2\/media?parent=482497"}],"wp:term":[{"taxonomy":"category","embeddable":true,"href":"https:\/\/www.europesays.com\/fr\/wp-json\/wp\/v2\/categories?post=482497"},{"taxonomy":"post_tag","embeddable":true,"href":"https:\/\/www.europesays.com\/fr\/wp-json\/wp\/v2\/tags?post=482497"}],"curies":[{"name":"wp","href":"https:\/\/api.w.org\/{rel}","templated":true}]}}