{"id":482499,"date":"2025-10-22T17:34:35","date_gmt":"2025-10-22T17:34:35","guid":{"rendered":"https:\/\/www.europesays.com\/fr\/482499\/"},"modified":"2025-10-22T17:34:35","modified_gmt":"2025-10-22T17:34:35","slug":"la-bibliotheque-la-bulle-aux-livres-a-rouvert-ses-portes","status":"publish","type":"post","link":"https:\/\/www.europesays.com\/fr\/482499\/","title":{"rendered":"la biblioth\u00e8que La Bulle aux livres a rouvert ses portes"},"content":{"rendered":"<p>La biblioth\u00e8que du village de Saint-Gervais, La Bulle aux livres, a repris ses activit\u00e9s depuis la rentr\u00e9e de septembre, sous la houlette d\u2019une nouvelle \u00e9quipe pr\u00e9sid\u00e9e par Marie Laclau.<\/p>\n<p>Dot\u00e9e d\u2019un fonds de livres comptant plus de 2\u00a0000 ouvrages en tout genre (romans, policiers, biographies, documents, etc), la biblioth\u00e8que, qui se trouve dans le b\u00e2timent de la mairie c\u00f4t\u00e9 parc municipal, est aussi pourvue d\u2019une salle d\u00e9di\u00e9e aux enfants et adolescents avec de nombreux livres et bandes dessin\u00e9es qui profitent aussi aux \u00e9coliers de la commune. Un atelier d\u2019\u00e9criture est \u00e9galement propos\u00e9 r\u00e9guli\u00e8rement.<\/p>\n<p>Le co\u00fbt de l\u2019adh\u00e9sion \u00e0 l\u2019ann\u00e9e scolaire est de 5\u00a0euros par famille, pour un pr\u00eat de livres illimit\u00e9. La biblioth\u00e8que est ouverte le mercredi de 11 \u00e0 12\u00a0heures et de 16 \u00e0 18\u00a0heures, ainsi que les 1ers et 3\u00e8mes samedis du mois de 11 \u00e0 12\u00a0heures. Renseignements au 06\u00a018\u00a094\u00a055\u00a052.<\/p>\n","protected":false},"excerpt":{"rendered":"La biblioth\u00e8que du village de Saint-Gervais, La Bulle aux livres, a repris ses activit\u00e9s depuis la rentr\u00e9e de&hellip;\n","protected":false},"author":2,"featured_media":482500,"comment_status":"","ping_status":"","sticky":false,"template":"","format":"standard","meta":{"footnotes":""},"categories":[1357],"tags":[1379,58,59,1011,27,1380],"class_list":{"0":"post-482499","1":"post","2":"type-post","3":"status-publish","4":"format-standard","5":"has-post-thumbnail","7":"category-livres","8":"tag-books","9":"tag-divertissement","10":"tag-entertainment","11":"tag-fr","12":"tag-france","13":"tag-livres"},"share_on_mastodon":{"url":"https:\/\/pubeurope.com\/@fr\/115419025636958143","error":""},"_links":{"self":[{"href":"https:\/\/www.europesays.com\/fr\/wp-json\/wp\/v2\/posts\/482499","targetHints":{"allow":["GET"]}}],"collection":[{"href":"https:\/\/www.europesays.com\/fr\/wp-json\/wp\/v2\/posts"}],"about":[{"href":"https:\/\/www.europesays.com\/fr\/wp-json\/wp\/v2\/types\/post"}],"author":[{"embeddable":true,"href":"https:\/\/www.europesays.com\/fr\/wp-json\/wp\/v2\/users\/2"}],"replies":[{"embeddable":true,"href":"https:\/\/www.europesays.com\/fr\/wp-json\/wp\/v2\/comments?post=482499"}],"version-history":[{"count":0,"href":"https:\/\/www.europesays.com\/fr\/wp-json\/wp\/v2\/posts\/482499\/revisions"}],"wp:featuredmedia":[{"embeddable":true,"href":"https:\/\/www.europesays.com\/fr\/wp-json\/wp\/v2\/media\/482500"}],"wp:attachment":[{"href":"https:\/\/www.europesays.com\/fr\/wp-json\/wp\/v2\/media?parent=482499"}],"wp:term":[{"taxonomy":"category","embeddable":true,"href":"https:\/\/www.europesays.com\/fr\/wp-json\/wp\/v2\/categories?post=482499"},{"taxonomy":"post_tag","embeddable":true,"href":"https:\/\/www.europesays.com\/fr\/wp-json\/wp\/v2\/tags?post=482499"}],"curies":[{"name":"wp","href":"https:\/\/api.w.org\/{rel}","templated":true}]}}