{"id":48250,"date":"2025-04-24T04:14:09","date_gmt":"2025-04-24T04:14:09","guid":{"rendered":"https:\/\/www.europesays.com\/fr\/48250\/"},"modified":"2025-04-24T04:14:09","modified_gmt":"2025-04-24T04:14:09","slug":"les-gens-du-voyage-occupent-le-principal-parking","status":"publish","type":"post","link":"https:\/\/www.europesays.com\/fr\/48250\/","title":{"rendered":"les gens du voyage occupent le principal parking"},"content":{"rendered":"<p>            Par<br \/>\n        <strong><br \/>\n            <a href=\"https:\/\/actu.fr\/auteur\/david-saint-sernin\" title=\"Consulter tous les articles de David Saint-Sernin\" rel=\"nofollow noopener\" target=\"_blank\">David Saint-Sernin<\/a><br \/>\n        <\/strong><\/p>\n<p>        Publi\u00e9 le<\/p>\n<p>            24 avr. 2025 \u00e0 6h04        <\/p>\n<p>Mercredi 23\u00a0avril 2025, il fallait sacr\u00e9ment s\u2019accrocher pour acc\u00e9der <a href=\"https:\/\/actu.fr\/occitanie\/toulouse_31555\/toulouse-la-cite-de-l-espace-veut-conforter-sa-place-de-site-de-reference-en-europe_61858746.html\" rel=\"nofollow noopener\" target=\"_blank\">\u00e0 la cit\u00e9 de l\u2019Espace<\/a> \u00e0 Toulouse. Et cela sera vraisemblablement le cas toutes ces vacances de P\u00e2ques. La raison\u2009? Les gens du voyage occupent \u00e0 nouveau le principal parking du deuxi\u00e8me site le plus visit\u00e9 \u00e0 Toulouse apr\u00e8s la Basilique Saint-Sernin. Une r\u00e9p\u00e9tition de ce qu\u2019il s\u2019\u00e9tait pass\u00e9 \u00e0 No\u00ebl, quand une communaut\u00e9, forte d\u2019une centaine de caravanes, avait d\u00e9j\u00e0 occup\u00e9 le m\u00eame parking,\u00a0 <a href=\"https:\/\/actu.fr\/occitanie\/toulouse_31555\/toulouse-tensions-autour-des-gens-du-voyage-qui-occupent-le-parking-de-la-cite-de-l-espace_62052113.html\" rel=\"nofollow noopener\" target=\"_blank\">g\u00e9n\u00e9rant des tensions.<\/a> Et comme notre journaliste a pu le constater sur place, un beau bazar r\u00e8gne autour de la fus\u00e9e Ariane. Ce qu\u2019il se passe.<\/p>\n<p class=\" wall-content\">Actuellement, c\u2019est encore une centaine de caravanes qui occupe le parking principal de la cit\u00e9 de l\u2019Espace, situ\u00e9 au-dessus de l\u2019avenue Jean Gonord. Soit\u00a0286 places qui sont inaccessibles pour les visiteurs. Pas une mince affaire. Apr\u00e8s avoir tourn\u00e9 20\u00a0minutes pour trouver une place sur l\u2019un des parkings restants, notre journaliste a d\u00fb par exemple se rabattre sur le parking d\u2019une entreprise situ\u00e9e \u00e0 proximit\u00e9.<\/p>\n<p class=\" wall-content\">D\u2019autres ont pr\u00e9f\u00e9r\u00e9 le stationnement sauvage le long de l\u2019avenue Jean Gonord. Ce mercredi, les v\u00e9hicules \u00e9taient align\u00e9s en bordure de route, sur les espaces enherb\u00e9s\u2026<\/p>\n<p class=\" wall-content\">\n      <img   decoding=\"async\" loading=\"lazy\" src=\"https:\/\/www.europesays.com\/fr\/wp-content\/uploads\/2025\/04\/img-6084-960x640.jpg\" alt=\"Mercredi 23 avril 2025, les visiteurs de la cit\u00e9 de l'Espace stationnent o\u00f9 ils peuvent. \" width=\"960\" height=\"640\"\/><br \/>\n    Mercredi 23\u00a0avril 2025, les visiteurs de la cit\u00e9 de l\u2019Espace stationnent o\u00f9 ils peuvent. (\u00a9David Saint-Sernin\/Actu Toulouse)<br \/>\n      <img   decoding=\"async\" loading=\"lazy\" src=\"https:\/\/www.europesays.com\/fr\/wp-content\/uploads\/2025\/04\/img-6082-960x640.jpg\" alt=\"Plusieurs dizaines de v\u00e9hicules stationn\u00e9s de fa\u00e7on sauvage le long de l'avenue Jean Gornod, la seule solution pour certains visiteurs de la Cit\u00e9 de l'Espace pour stationner \u00e0 proximit\u00e9 du site.\" width=\"960\" height=\"640\"\/><br \/>\n    Plusieurs dizaines de v\u00e9hicules stationn\u00e9s de fa\u00e7on sauvage le long de l\u2019avenue Jean Gonord, la seule solution pour certains visiteurs de la Cit\u00e9 de l\u2019Espace pour stationner \u00e0 proximit\u00e9 du site. (\u00a9David Saint-Sernin\/Actu Toulouse)<\/p>\n<p>Une situation qui se r\u00e9p\u00e8te<\/p>\n<p class=\" wall-content\">Ce n\u2019est pas la premi\u00e8re fois que la situation se produit. Il suffit de reprendre les images fournies par Google, ann\u00e9e apr\u00e8s ann\u00e9e. Les gens du voyage occupaient le m\u00eame parking en f\u00e9vrier 2021 et f\u00e9vrier 2023. Une communaut\u00e9 a donc occup\u00e9 pendant plusieurs mois, entre septembre et d\u00e9but 2025, le m\u00eame site. \u00ab\u2009Cette communaut\u00e9 a quitt\u00e9 les lieux d\u2019elle-m\u00eame apr\u00e8s un recours de Toulouse M\u00e9tropole devant le tribunal administratif visant \u00e0 r\u00e9clamer l\u2019expulsion\u2009\u00bb. C\u2019est une autre communaut\u00e9 qui aurait pris le relais. Avec la m\u00eame cons\u00e9quence\u2009: une demande de recours par la M\u00e9tropole devant le tribunal administratif afin de r\u00e9clamer l\u2019expulsion des occupants.<\/p>\n<p>La justice saisie par Toulouse M\u00e9tropole<\/p>\n<p class=\" wall-content\">La Semeccel, la soci\u00e9t\u00e9 d\u2019exploitation confirme\u2009:<\/p>\n<p class=\" wall-content\">\u00ab\u2009L\u2019occupation depuis mi-avril du parking P3 de la Cit\u00e9 de l\u2019espace n\u2019a pas \u00e9t\u00e9 autoris\u00e9e par la Semeccel. Toulouse M\u00e9tropole a rapidement \u00e9t\u00e9 avertie de la situation et a saisi la justice pour demander l\u2019expulsion des occupants. Il n\u2019a pas \u00e9t\u00e9 not\u00e9 d\u2019impact fondamental sur la fr\u00e9quentation de la Cit\u00e9 de l\u2019espace. En revanche, l\u2019occupation d\u2019une partie de nos places de stationnement est forc\u00e9ment g\u00eanante pour nos visiteurs, en particulier pour les familles ayant programm\u00e9 cette sortie p\u00e9dagogique pour leurs enfants\u2009\u00bb.<\/p>\n<p>L\u2019insuffisance de l\u2019offre de stationnement<\/p>\n<p class=\" wall-content\">L\u2019occupation des gens du voyage amplifie une probl\u00e9matique plus g\u00e9n\u00e9rale. Alors que la fr\u00e9quentation de la Cit\u00e9 de l\u2019Espace ne cesse d\u2019augmenter, le lieu ne dispose actuellement que de\u00a0525 places de stationnement (122 sur le parking P1, 117 sur le P2 et 286 sur le P3).<\/p>\n<p class=\" wall-content\">\u00ab\u2009Cette offre est insuffisante par rapport \u00e0 l\u2019attractivit\u00e9 du site\u2009\u00bb, faisait valoir la M\u00e9tropole, il y a quelques mois. La collectivit\u00e9 rappelle que cette offre avait \u00ab\u2009dimensionn\u00e9 en 2003, lorsque la fr\u00e9quentation \u00e9tait de 250\u2009000\u00a0visiteurs par an\u2009\u00bb. En 2025, elle pr\u00e9voit d\u2019accueillir quelque 445\u2009000\u00a0visiteurs\u2026<\/p>\n<p class=\" wall-content\">Pour rem\u00e9dier \u00e0 cette insuffisance de l\u2019offre, Toulouse M\u00e9tropole a ent\u00e9rin\u00e9, fin 2024, la cr\u00e9ation d\u2019un parking silo qui sera justement construit \u00e0 la place du parking occup\u00e9 par les gens du voyage. Un parking silo qui devrait comporter \u00ab\u2009autour de 830 places, dont au minimum 550 en lieu et place du parking v\u00e9hicules l\u00e9gers P3 actuel\u2009\u00bb, indiquait Toulouse M\u00e9tropole lors du vote de la d\u00e9lib\u00e9ration en conseil communautaire.<\/p>\n<p>Une nouvelle D\u00e9l\u00e9gation de service public<\/p>\n<p class=\" wall-content\">Pour cr\u00e9er et exploiter ce nouvel ouvrage, la collectivit\u00e9 lance une proc\u00e9dure de d\u00e9l\u00e9gation de service public dont la concession devrait courir jusqu\u2019en 2048. Une d\u00e9l\u00e9gation qui comprendra aussi la gestion des parkings de la Cartoucherie (dont un nouveau \u00e0 construire, NDLR,) ainsi que celui de Jeanne d\u2019Arc, situ\u00e9 sous une place qui va totalement \u00eatre r\u00e9am\u00e9nag\u00e9e.<\/p>\n<p>La ligne C du m\u00e9tro, assez proche, fin 2028<\/p>\n<p class=\" wall-content\">C\u00f4t\u00e9 transports en commun, la Cit\u00e9 de l\u2019espace sera l\u2019un des arr\u00eats du futur Lin\u00e9o 12, annonc\u00e9 par Tiss\u00e9o pour septembre\u00a02025\u2026 en attendant l\u2019arriv\u00e9e prochaine de la station de m\u00e9tro qui portera son nom sur la ligne C, \u00e0 1,2\u00a0km de l\u00e0. \u00ab\u2009Des navettes\u2009\u00bb seront mises en place entre le m\u00e9tro et l\u2019\u00e9tablissement, avait d\u2019ailleurs gliss\u00e9 Pierre Trautmann, l\u2019\u00e9lu toulousain en charge de la commande publique, en d\u00e9cembre dernier.<\/p>\n<p class=\" wall-content\">Suivez toute l\u2019actualit\u00e9 de vos villes et m\u00e9dias favoris en vous inscrivant \u00e0 <a href=\"https:\/\/moncompte.actu.fr\" title=\"D\u00e9couvez Mon Actu\" rel=\"nofollow noopener\" data-trk=\"{&quot;cta&quot;:{&quot;action&quot;:&quot;https:\\\/\\\/moncompte.actu.fr&quot;,&quot;category&quot;:&quot;mon compte&quot;,&quot;from&quot;:&quot;article footer&quot;,&quot;name&quot;:&quot;Mon actu&quot;,&quot;type&quot;:&quot;cta&quot;}}\" target=\"_blank\">Mon Actu<\/a>.<\/p>\n","protected":false},"excerpt":{"rendered":"Par David Saint-Sernin Publi\u00e9 le 24 avr. 2025 \u00e0 6h04 Mercredi 23\u00a0avril 2025, il fallait sacr\u00e9ment s\u2019accrocher pour&hellip;\n","protected":false},"author":2,"featured_media":48251,"comment_status":"","ping_status":"","sticky":false,"template":"","format":"standard","meta":{"footnotes":""},"categories":[2816],"tags":[1111,11,7835,1777,674,1011,27,12,2680,25,104,2312],"class_list":{"0":"post-48250","1":"post","2":"type-post","3":"status-publish","4":"format-standard","5":"has-post-thumbnail","7":"category-toulouse","8":"tag-actu","9":"tag-actualites","10":"tag-cite-de-lespace","11":"tag-eu","12":"tag-europe","13":"tag-fr","14":"tag-france","15":"tag-news","16":"tag-occitanie","17":"tag-republique-francaise","18":"tag-societe","19":"tag-toulouse"},"share_on_mastodon":{"url":"https:\/\/pubeurope.com\/@fr\/114391001584977914","error":""},"_links":{"self":[{"href":"https:\/\/www.europesays.com\/fr\/wp-json\/wp\/v2\/posts\/48250","targetHints":{"allow":["GET"]}}],"collection":[{"href":"https:\/\/www.europesays.com\/fr\/wp-json\/wp\/v2\/posts"}],"about":[{"href":"https:\/\/www.europesays.com\/fr\/wp-json\/wp\/v2\/types\/post"}],"author":[{"embeddable":true,"href":"https:\/\/www.europesays.com\/fr\/wp-json\/wp\/v2\/users\/2"}],"replies":[{"embeddable":true,"href":"https:\/\/www.europesays.com\/fr\/wp-json\/wp\/v2\/comments?post=48250"}],"version-history":[{"count":0,"href":"https:\/\/www.europesays.com\/fr\/wp-json\/wp\/v2\/posts\/48250\/revisions"}],"wp:featuredmedia":[{"embeddable":true,"href":"https:\/\/www.europesays.com\/fr\/wp-json\/wp\/v2\/media\/48251"}],"wp:attachment":[{"href":"https:\/\/www.europesays.com\/fr\/wp-json\/wp\/v2\/media?parent=48250"}],"wp:term":[{"taxonomy":"category","embeddable":true,"href":"https:\/\/www.europesays.com\/fr\/wp-json\/wp\/v2\/categories?post=48250"},{"taxonomy":"post_tag","embeddable":true,"href":"https:\/\/www.europesays.com\/fr\/wp-json\/wp\/v2\/tags?post=48250"}],"curies":[{"name":"wp","href":"https:\/\/api.w.org\/{rel}","templated":true}]}}