{"id":482503,"date":"2025-10-22T17:36:22","date_gmt":"2025-10-22T17:36:22","guid":{"rendered":"https:\/\/www.europesays.com\/fr\/482503\/"},"modified":"2025-10-22T17:36:22","modified_gmt":"2025-10-22T17:36:22","slug":"la-premiere-femme-premier-ministre-du-japon-est-aussi-fan-de-heavy-metal","status":"publish","type":"post","link":"https:\/\/www.europesays.com\/fr\/482503\/","title":{"rendered":"La premi\u00e8re femme Premier ministre du Japon est aussi fan de heavy metal"},"content":{"rendered":"<p><strong>Une batterie \u00e9lectronique contre le stress<\/strong><\/p>\n<p style=\"text-align:start\">Mais Sanae Takaichi ne se contente pas d&rsquo;\u00e9couter du metal : elle en joue encore aujourd&rsquo;hui. Dans une r\u00e9cente interview, elle a r\u00e9v\u00e9l\u00e9 qu&rsquo;elle utilise sa batterie \u00e9lectronique pour \u00e9vacuer le stress de ses fonctions politiques. \u00ab\u00a0Je joue apr\u00e8s que mon mari soit couch\u00e9\u00a0\u00bb, confie-t-elle, montrant que la musique reste son exutoire privil\u00e9gi\u00e9.<\/p>\n<p style=\"text-align:start\">Cette passion musicale prend une dimension particuli\u00e8rement touchante quand on sait qu&rsquo;elle s&rsquo;occupe de son \u00e9poux Taku, ancien homme politique diagnostiqu\u00e9 d&rsquo;un cancer de la prostate en 2024 et victime d&rsquo;un infarctus c\u00e9r\u00e9bral cette ann\u00e9e, qui l&rsquo;a laiss\u00e9 paralys\u00e9 du c\u00f4t\u00e9 droit.<\/p>\n<p>\u00a0<\/p>\n","protected":false},"excerpt":{"rendered":"Une batterie \u00e9lectronique contre le stress Mais Sanae Takaichi ne se contente pas d&rsquo;\u00e9couter du metal : elle&hellip;\n","protected":false},"author":2,"featured_media":482504,"comment_status":"","ping_status":"","sticky":false,"template":"","format":"standard","meta":{"footnotes":""},"categories":[1355],"tags":[58,59,1011,27,1361,873],"class_list":{"0":"post-482503","1":"post","2":"type-post","3":"status-publish","4":"format-standard","5":"has-post-thumbnail","7":"category-musique","8":"tag-divertissement","9":"tag-entertainment","10":"tag-fr","11":"tag-france","12":"tag-music","13":"tag-musique"},"share_on_mastodon":{"url":"https:\/\/pubeurope.com\/@fr\/115419033457215684","error":""},"_links":{"self":[{"href":"https:\/\/www.europesays.com\/fr\/wp-json\/wp\/v2\/posts\/482503","targetHints":{"allow":["GET"]}}],"collection":[{"href":"https:\/\/www.europesays.com\/fr\/wp-json\/wp\/v2\/posts"}],"about":[{"href":"https:\/\/www.europesays.com\/fr\/wp-json\/wp\/v2\/types\/post"}],"author":[{"embeddable":true,"href":"https:\/\/www.europesays.com\/fr\/wp-json\/wp\/v2\/users\/2"}],"replies":[{"embeddable":true,"href":"https:\/\/www.europesays.com\/fr\/wp-json\/wp\/v2\/comments?post=482503"}],"version-history":[{"count":0,"href":"https:\/\/www.europesays.com\/fr\/wp-json\/wp\/v2\/posts\/482503\/revisions"}],"wp:featuredmedia":[{"embeddable":true,"href":"https:\/\/www.europesays.com\/fr\/wp-json\/wp\/v2\/media\/482504"}],"wp:attachment":[{"href":"https:\/\/www.europesays.com\/fr\/wp-json\/wp\/v2\/media?parent=482503"}],"wp:term":[{"taxonomy":"category","embeddable":true,"href":"https:\/\/www.europesays.com\/fr\/wp-json\/wp\/v2\/categories?post=482503"},{"taxonomy":"post_tag","embeddable":true,"href":"https:\/\/www.europesays.com\/fr\/wp-json\/wp\/v2\/tags?post=482503"}],"curies":[{"name":"wp","href":"https:\/\/api.w.org\/{rel}","templated":true}]}}