{"id":482509,"date":"2025-10-22T17:39:12","date_gmt":"2025-10-22T17:39:12","guid":{"rendered":"https:\/\/www.europesays.com\/fr\/482509\/"},"modified":"2025-10-22T17:39:12","modified_gmt":"2025-10-22T17:39:12","slug":"barca-la-sanction-tombe-pour-hansi-flick","status":"publish","type":"post","link":"https:\/\/www.europesays.com\/fr\/482509\/","title":{"rendered":"Bar\u00e7a, la sanction tombe pour Hansi Flick !"},"content":{"rendered":"<p><strong>Exclu apr\u00e8s avoir pest\u00e9 contre<br \/>\nl&rsquo;arbitre du match Bar\u00e7a-G\u00e9rone samedi dernier, l&rsquo;entraineur<br \/>\nconna\u00eet d\u00e9sormais sa sanction.<\/strong><\/p>\n<p>Rien d\u2019\u00e9tonnant. Malgr\u00e9 la victoire des siens face \u00e0 G\u00e9rone le<br \/>\n18 octobre dernier (2-1), Hansi Flick \u00e9tait apparu tr\u00e8s agit\u00e9 lors<br \/>\nde la rencontre. \u00c0 tel point que l\u2019entraineur allemand s\u2019\u00e9tait fait<br \/>\nexclure en recevant un second carton jaune, apr\u00e8s avoir alpagu\u00e9<br \/>\nl\u2019arbitre de la rencontre Jesus Gil Manzano suite \u00e0 l\u2019annonce du<br \/>\ntemps additionnel \u00e0 hauteur de quatre minutes.<\/p>\n<p>Un manque de contr\u00f4le terrible pour le tacticien, qui sera<br \/>\nofficiellement absent du banc de touche blaugrana lors du Clasico<br \/>\nd\u00e9cisif face au Real Madrid (dimanche, 16h15). En effet, Hansi<br \/>\nFlick a \u00e9cop\u00e9 d\u2019un match de suspension par la commission de<br \/>\ndiscipline de la F\u00e9d\u00e9ration espagnole de football (RFEF). <a href=\"https:\/\/www.football.fr\/fc-barcelone\/hansi-flick-le-retropedalage-780000.html\" target=\"_blank\" rel=\"noopener\"><br \/>\nSon r\u00e9trop\u00e9dalage de lundi<\/a> en conf\u00e9rence de presse n\u2019a,<br \/>\nsemble-t-il, rien chang\u00e9 du tout.<\/p>\n<p>Le Bar\u00e7a a fait appel<\/p>\n<p>Furieux face \u00e0 la d\u00e9cision de la RFEF de suspendre Flick pour<br \/>\n\u00ab double avertissement et expulsion cons\u00e9cutive, avec<br \/>\namende.s \u00bb, comme l\u2019explique le communiqu\u00e9 d\u00e9voil\u00e9 par la<br \/>\nradio Cope, le FC Barcelone a fait appel ce lundi aupr\u00e8s<br \/>\nde la RFEF. En vain, puisque ce dernier a \u00e9t\u00e9 rejet\u00e9 par la<br \/>\nF\u00e9d\u00e9ration. Pas de miracle pour les Barcelonais, qui d\u00e9fieront donc<br \/>\nleur grand rival sans leur tacticien.<\/p>\n","protected":false},"excerpt":{"rendered":"Exclu apr\u00e8s avoir pest\u00e9 contre l&rsquo;arbitre du match Bar\u00e7a-G\u00e9rone samedi dernier, l&rsquo;entraineur conna\u00eet d\u00e9sormais sa sanction. Rien d\u2019\u00e9tonnant.&hellip;\n","protected":false},"author":2,"featured_media":482510,"comment_status":"","ping_status":"","sticky":false,"template":"","format":"standard","meta":{"footnotes":""},"categories":[9],"tags":[2113,1011,27,60],"class_list":{"0":"post-482509","1":"post","2":"type-post","3":"status-publish","4":"format-standard","5":"has-post-thumbnail","7":"category-sports","8":"tag-breve","9":"tag-fr","10":"tag-france","11":"tag-sports"},"share_on_mastodon":{"url":"https:\/\/pubeurope.com\/@fr\/115419045182942512","error":""},"_links":{"self":[{"href":"https:\/\/www.europesays.com\/fr\/wp-json\/wp\/v2\/posts\/482509","targetHints":{"allow":["GET"]}}],"collection":[{"href":"https:\/\/www.europesays.com\/fr\/wp-json\/wp\/v2\/posts"}],"about":[{"href":"https:\/\/www.europesays.com\/fr\/wp-json\/wp\/v2\/types\/post"}],"author":[{"embeddable":true,"href":"https:\/\/www.europesays.com\/fr\/wp-json\/wp\/v2\/users\/2"}],"replies":[{"embeddable":true,"href":"https:\/\/www.europesays.com\/fr\/wp-json\/wp\/v2\/comments?post=482509"}],"version-history":[{"count":0,"href":"https:\/\/www.europesays.com\/fr\/wp-json\/wp\/v2\/posts\/482509\/revisions"}],"wp:featuredmedia":[{"embeddable":true,"href":"https:\/\/www.europesays.com\/fr\/wp-json\/wp\/v2\/media\/482510"}],"wp:attachment":[{"href":"https:\/\/www.europesays.com\/fr\/wp-json\/wp\/v2\/media?parent=482509"}],"wp:term":[{"taxonomy":"category","embeddable":true,"href":"https:\/\/www.europesays.com\/fr\/wp-json\/wp\/v2\/categories?post=482509"},{"taxonomy":"post_tag","embeddable":true,"href":"https:\/\/www.europesays.com\/fr\/wp-json\/wp\/v2\/tags?post=482509"}],"curies":[{"name":"wp","href":"https:\/\/api.w.org\/{rel}","templated":true}]}}