{"id":482515,"date":"2025-10-22T17:42:14","date_gmt":"2025-10-22T17:42:14","guid":{"rendered":"https:\/\/www.europesays.com\/fr\/482515\/"},"modified":"2025-10-22T17:42:14","modified_gmt":"2025-10-22T17:42:14","slug":"volkswagen-va-suspendre-la-production-de-sa-golf-alors-quune-crise-se-profile","status":"publish","type":"post","link":"https:\/\/www.europesays.com\/fr\/482515\/","title":{"rendered":"Volkswagen va suspendre la production de sa Golf alors qu&rsquo;une crise se profile"},"content":{"rendered":"<p itemprop=\"description\">L\u2019affaire Nexperia commence d\u00e9j\u00e0 \u00e0 avoir des cons\u00e9quences sur l\u2019industrie automobile europ\u00e9enne. Volkswagen s\u2019appr\u00eate \u00e0 suspendre la production de sa Golf, dans son usine de Wolfsburg. La menace d\u2019une nouvelle crise des semi-conducteurs plane plus que jamais au-dessus de l\u2019Europe\u2026<\/p>\n<p style=\"font-weight: 400;\">Nexperia pourrait \u00e0 elle seule chambouler l\u2019industrie automobile europ\u00e9enne. Cette entreprise chinoise, sp\u00e9cialis\u00e9e dans la production de semi-conducteurs, est bas\u00e9e aux Pays-Bas. Elle se retrouve au c\u0153ur d\u2019une crise, impliquant notamment le gouvernement n\u00e9erlandais. L\u2019inqui\u00e9tude grandit dans le secteur automobile. On vient d\u2019apprendre, via le m\u00e9dia allemand Bild, que <strong><a href=\"https:\/\/www.autoplus.fr\/actualite\/volkswagen-se-prepare-au-pire-vers-une-nouvelle-crise-des-semi-conducteurs-1403027.html\" target=\"_blank\" rel=\"noopener nofollow\">Volkswagen<\/a> s\u2019appr\u00eate \u00e0 suspendre la production de son mod\u00e8le le plus iconique\u00a0: la Golf.<\/strong><\/p>\n<p>\t\t\t<strong>La production de la Golf suspendue, d\u2019autres mod\u00e8les menac\u00e9s<\/strong> <\/p>\n<p style=\"font-weight: 400;\">Selon des sources internes proches du dossier, Volkswagen envisage de stopper les cha\u00eenes de montage de la Golf dans l\u2019usine de Wolfsburg. Une mesure qui pourrait m\u00eame s\u2019\u00e9tendre \u00e0 d\u2019autres sites de <a href=\"https:\/\/www.volkswagen.fr\/fr.html\" target=\"_blank\" rel=\"noopener nofollow\">la marque<\/a>. <strong>Cette d\u00e9cision fait suite \u00e0 des difficult\u00e9s d\u2019approvisionnement en semi-conducteurs.<\/strong> Nexperia, fabricant de semi-conducteurs, fait face \u00e0 d\u2019importantes contraintes d\u2019exportations depuis la Chine. <strong>En r\u00e9ponse aux pressions politiques entre P\u00e9kin et Washington, les flux de semi-conducteurs vers l\u2019Europe seraient fortement restreints.<\/strong><\/p>\n<p style=\"font-weight: 400;\">Pour rappel, Nexperia produit \u00e0 la fois en Europe et en Chine. Toutefois, <strong>les puces n\u00e9cessaires \u00e0 la fabrication des semi-conducteurs viennent de l\u2019Empire du Milieu.<\/strong> Ce qui provoque \u00e9videmment un blocage.<\/p>\n<p style=\"font-weight: 400;\">Pour l\u2019heure, la suspension de la production (qui doit intervenir la semaine prochaine) ne concerne que la <a href=\"https:\/\/www.autoplus.fr\/actualite\/future-volkswagen-golf-9-que-sait-on-deja-a-son-sujet-1402140.html\" target=\"_blank\" rel=\"noopener nofollow\">Volkswagen Golf<\/a>. <strong>Mais, en fonction de l\u2019\u00e9volution de la situation, d\u2019autres mod\u00e8les pourraient \u00eatre impact\u00e9s.<\/strong> Chez Volkswagen, avec selon certaines sources le Tiguan et le Tayron, mais aussi chez d\u2019autres constructeurs du groupe, notamment <a href=\"https:\/\/www.autoplus.fr\/actualite\/audi-toutes-les-nouveautes-a-venir-jusquen-2026-1393392.html\" target=\"_blank\" rel=\"noopener nofollow\">Audi<\/a>.<\/p>\n<p> <img loading=\"lazy\" decoding=\"async\" aria-describedby=\"caption-attachment-1403029\" itemprop=\"thumbnailUrl\" class=\"size-large wp-image-1403029 img-responsive \" src=\"https:\/\/www.europesays.com\/fr\/wp-content\/uploads\/2025\/10\/shutterstock_2324574247-grande-768x432.jpeg\" alt=\"Une nouvelle crise des semi-conducteurs se profile-t-elle en Europe ?\" width=\"768\" height=\"432\"  \/> \u00a9  Shutterstock<\/p>\n<p id=\"caption-attachment-1403029\" class=\"wp-caption-text\">L\u00a0\u00bbindustrie automobile europ\u00e9enne a les yeux riv\u00e9s sur l&rsquo;entreprise Nexperia.<\/p>\n<p>    <strong>Semi-conducteurs\u00a0: une ressource devenue indispensable<\/strong> <\/p>\n<p style=\"font-weight: 400;\">La crise qui se profile illustre pr\u00e9cis\u00e9ment la fragilit\u00e9 du secteur automobile face \u00e0 sa d\u00e9pendance aux semi-conducteurs. Ces puces sont utilis\u00e9es massivement dans les v\u00e9hicules modernes. <strong>Aides \u00e0 la conduite, syst\u00e8me d\u2019infodivertissement, mais aussi pour certains \u00e9l\u00e9ments li\u00e9s au moteur\u2026<\/strong> Les semi-conducteurs sont devenus indispensables. Autant que le sont le lithium, le cobalt ou le nickel, pour les voitures \u00e9lectriques. Or, <strong>les tensions g\u00e9opolitiques actuelles affectent lourdement les flux d\u2019approvisionnement de ces composants.<\/strong><\/p>\n<p style=\"font-weight: 400;\">\u00c0 l\u2019heure o\u00f9 l\u2019industrie automobile a d\u00e9j\u00e0 un genou \u00e0 terre, en Europe, cette crise pourrait bien venir aggraver la situation. Volkswagen se retrouve ainsi dans une posture d\u00e9licate. Toujours selon <a href=\"https:\/\/www.bild.de\/geld\/wirtschaft\/volkswagen-stoppt-autoproduktion-chip-krise-eskaliert-68f8b96b59e2e097507081e6\" target=\"_blank\" rel=\"noopener nofollow\">Bild<\/a>, <strong>il manquerait 11 milliards d\u2019euros \u00e0 la marque allemande, pour financer ses investissements pr\u00e9vus pour cette ann\u00e9e.<\/strong> Ce ralentissement de la production tombe donc au pire moment. Les constructeurs europ\u00e9ens pourraient donc devoir urgemment repenser leurs cha\u00eenes logistiques. On le sait, la diversification des fournisseurs peut permettre de limiter les risques de p\u00e9nurie.<\/p>\n","protected":false},"excerpt":{"rendered":"L\u2019affaire Nexperia commence d\u00e9j\u00e0 \u00e0 avoir des cons\u00e9quences sur l\u2019industrie automobile europ\u00e9enne. Volkswagen s\u2019appr\u00eate \u00e0 suspendre la production&hellip;\n","protected":false},"author":2,"featured_media":482516,"comment_status":"","ping_status":"","sticky":false,"template":"","format":"standard","meta":{"footnotes":""},"categories":[6],"tags":[35,33,34,1011,27,1638],"class_list":{"0":"post-482515","1":"post","2":"type-post","3":"status-publish","4":"format-standard","5":"has-post-thumbnail","7":"category-economie","8":"tag-business","9":"tag-economie","10":"tag-economy","11":"tag-fr","12":"tag-france","13":"tag-has_diapo"},"share_on_mastodon":{"url":"https:\/\/pubeurope.com\/@fr\/115419057093244938","error":""},"_links":{"self":[{"href":"https:\/\/www.europesays.com\/fr\/wp-json\/wp\/v2\/posts\/482515","targetHints":{"allow":["GET"]}}],"collection":[{"href":"https:\/\/www.europesays.com\/fr\/wp-json\/wp\/v2\/posts"}],"about":[{"href":"https:\/\/www.europesays.com\/fr\/wp-json\/wp\/v2\/types\/post"}],"author":[{"embeddable":true,"href":"https:\/\/www.europesays.com\/fr\/wp-json\/wp\/v2\/users\/2"}],"replies":[{"embeddable":true,"href":"https:\/\/www.europesays.com\/fr\/wp-json\/wp\/v2\/comments?post=482515"}],"version-history":[{"count":0,"href":"https:\/\/www.europesays.com\/fr\/wp-json\/wp\/v2\/posts\/482515\/revisions"}],"wp:featuredmedia":[{"embeddable":true,"href":"https:\/\/www.europesays.com\/fr\/wp-json\/wp\/v2\/media\/482516"}],"wp:attachment":[{"href":"https:\/\/www.europesays.com\/fr\/wp-json\/wp\/v2\/media?parent=482515"}],"wp:term":[{"taxonomy":"category","embeddable":true,"href":"https:\/\/www.europesays.com\/fr\/wp-json\/wp\/v2\/categories?post=482515"},{"taxonomy":"post_tag","embeddable":true,"href":"https:\/\/www.europesays.com\/fr\/wp-json\/wp\/v2\/tags?post=482515"}],"curies":[{"name":"wp","href":"https:\/\/api.w.org\/{rel}","templated":true}]}}