{"id":482517,"date":"2025-10-22T17:43:11","date_gmt":"2025-10-22T17:43:11","guid":{"rendered":"https:\/\/www.europesays.com\/fr\/482517\/"},"modified":"2025-10-22T17:43:11","modified_gmt":"2025-10-22T17:43:11","slug":"la-russie-rejette-la-faute-sur-lunion-europeenne","status":"publish","type":"post","link":"https:\/\/www.europesays.com\/fr\/482517\/","title":{"rendered":"la Russie rejette la faute sur l\u2019Union europ\u00e9enne"},"content":{"rendered":"<p>\n    <strong>D\u00c9CRYPTAGE &#8211;<\/strong> La diplomatie russe se montre inflexible sur son refus d\u2019un cessez-le-feu en Ukraine qui figerait l\u2019actuelle ligne de front.<\/p>\n<p class=\"fig-paragraph\">La Russie ne d\u00e9mord pas de son refus d\u2019un cessez-le-feu qui ferait de la ligne de front actuelle le pr\u00e9alable \u00e0 d\u2019\u00e9ventuels pourparlers de paix. Mais, \u00e0 Moscou, on maintient le flou sur\u00a0<a href=\"http:\/\/www.lefigaro.fr\/international\/la-perspective-d-un-sommet-a-budapest-pour-preparer-la-paix-en-ukraine-s-eloigne-20251022\" target=\"_blank\" data-fig-type=\"Article\" rel=\"noopener\" data-gtm-custom-categorie=\"navigation\" data-gtm-custom-action=\"crossclick\" data-gtm-custom-label=\"Contextuel\" data-gtm-event=\"customEventSPE\" data-fig-domain=\"LEFIGARO\">la tenue d\u2019un prochain sommet Trump-Poutine<\/a>. Les autorit\u00e9s russes l\u2019ont expos\u00e9, noir sur blanc, dans un document diplomatique non officiel. Un non-paper, dans le jargon des diplomates, transmis dimanche dernier \u00e0 Washington. Y sont r\u00e9it\u00e9r\u00e9es des exigences de longue date, notamment le contr\u00f4le total de\u00a0<a href=\"http:\/\/www.lefigaro.fr\/international\/dans-le-donbass-le-monastere-de-sviatohirsk-a-nouveau-dans-la-ligne-de-mire-des-forces-russes-20250915\" target=\"_blank\" data-fig-type=\"Article\" rel=\"noopener\" data-gtm-custom-categorie=\"navigation\" data-gtm-custom-action=\"crossclick\" data-gtm-custom-label=\"Contextuel\" data-gtm-event=\"customEventSPE\" data-fig-domain=\"LEFIGARO\">la r\u00e9gion du Donbass<\/a>, que les forces russes occupent \u00e0 soixante-quinze pour cent. Ce message sans ambigu\u00eft\u00e9 r\u00e9pondait aux d\u00e9clarations faites peu auparavant par\u00a0<a href=\"http:\/\/www.lefigaro.fr\/international\/a-washington-trump-rencontre-zelensky-sans-rompre-le-dialogue-avec-poutine-20251017\" target=\"_blank\" data-fig-type=\"Article\" rel=\"noopener\" data-gtm-custom-categorie=\"navigation\" data-gtm-custom-action=\"crossclick\" data-gtm-custom-label=\"Contextuel\" data-gtm-event=\"customEventSPE\" data-fig-domain=\"LEFIGARO\">Donald Trump<\/a>. Celui-ci, tout en faisant pression sur l\u2019Ukraine pour qu\u2019elle renonce au Donbass, avait estim\u00e9 qu\u2019il \u00e9tait n\u00e9cessaire que toute n\u00e9gociation parte de la situation actuelle sur la ligne de front, pour arr\u00eater enfin \u00ab\u00a0les massacres\u00a0\u00bb en Ukraine.<\/p>\n<p class=\"fig-paragraph\">Lundi, l\u2019inflexible position russe contre un gel des hostilit\u00e9s a \u00e9t\u00e9 une nouvelle fois formul\u00e9e\u2026<\/p>\n<p class=\"fig-premium-paywall__infos\">\n        Cet article est r\u00e9serv\u00e9 aux abonn\u00e9s.        Il vous reste 83% \u00e0 d\u00e9couvrir.\n    <\/p>\n<p>                <img  data- alt=\"Le Figaro\" class=\"fig-img--complete fig-img\"\/><\/p>\n<p class=\"fig-premium-paywall__title\">Vous avez envie de lire la suite ?<\/p>\n<p class=\"fig-premium-paywall__subtitle\">D\u00e9bloquez tous les articles imm\u00e9diatement.<\/p>\n<p class=\"fig-premium-paywall__connect\">\n                D\u00e9j\u00e0 abonn\u00e9\u00a0?                <a class=\"fig-premium-paywall__connect-link\" href=\"https:\/\/connect.lefigaro.fr\/login?client=horizon_web&amp;type=main&amp;redirect_uri=https%3A%2F%2Fwww.lefigaro.fr%2Finternational%2Fechec-du-sommet-trump-poutine-a-budapest-la-russie-rejette-la-faute-sur-l-union-europeenne-20251022\" data-js-gtm=\"{&quot;customCategorie&quot;: &quot;conversion&quot;, &quot;customAction&quot;: &quot;before_Landing_Connexion_paywall_auto&quot;, &quot;customLabel&quot;: &quot;bGVmaWdhcm8uZnJfXzFmMGFmNDM2LTU4OWUtNjNiNi1hYmIwLTVkNTVkMjRkMjcyOF9fQXJ0aWNsZQ==_\u00c9chec du sommet Trump-Poutine \u00e0 Budapest\u00a0: la Russie rejette la faute sur l\u2019Union europ\u00e9enne_89&quot;, &quot;customIDSPE&quot;: &quot;bGVmaWdhcm8uZnJfXzFmMGFmNDM2LTU4OWUtNjNiNi1hYmIwLTVkNTVkMjRkMjcyOF9fQXJ0aWNsZQ==&quot;, &quot;event&quot;: &quot;customEventSPE&quot;}\" target=\"_blank\" rel=\"noopener\"><br \/>\n                    Connectez-vous<br \/>\n                <\/a>\n            <\/p>\n","protected":false},"excerpt":{"rendered":"D\u00c9CRYPTAGE &#8211; La diplomatie russe se montre inflexible sur son refus d\u2019un cessez-le-feu en Ukraine qui figerait l\u2019actuelle&hellip;\n","protected":false},"author":2,"featured_media":482518,"comment_status":"","ping_status":"","sticky":false,"template":"","format":"standard","meta":{"footnotes":""},"categories":[5],"tags":[11,75,1011,27,131,14,12,132,135,28],"class_list":{"0":"post-482517","1":"post","2":"type-post","3":"status-publish","4":"format-standard","5":"has-post-thumbnail","7":"category-international","8":"tag-actualites","9":"tag-donald-trump","10":"tag-fr","11":"tag-france","12":"tag-guerre-en-ukraine","13":"tag-international","14":"tag-news","15":"tag-russie","16":"tag-vladimir-poutine","17":"tag-world"},"share_on_mastodon":{"url":"https:\/\/pubeurope.com\/@fr\/115419060879438308","error":""},"_links":{"self":[{"href":"https:\/\/www.europesays.com\/fr\/wp-json\/wp\/v2\/posts\/482517","targetHints":{"allow":["GET"]}}],"collection":[{"href":"https:\/\/www.europesays.com\/fr\/wp-json\/wp\/v2\/posts"}],"about":[{"href":"https:\/\/www.europesays.com\/fr\/wp-json\/wp\/v2\/types\/post"}],"author":[{"embeddable":true,"href":"https:\/\/www.europesays.com\/fr\/wp-json\/wp\/v2\/users\/2"}],"replies":[{"embeddable":true,"href":"https:\/\/www.europesays.com\/fr\/wp-json\/wp\/v2\/comments?post=482517"}],"version-history":[{"count":0,"href":"https:\/\/www.europesays.com\/fr\/wp-json\/wp\/v2\/posts\/482517\/revisions"}],"wp:featuredmedia":[{"embeddable":true,"href":"https:\/\/www.europesays.com\/fr\/wp-json\/wp\/v2\/media\/482518"}],"wp:attachment":[{"href":"https:\/\/www.europesays.com\/fr\/wp-json\/wp\/v2\/media?parent=482517"}],"wp:term":[{"taxonomy":"category","embeddable":true,"href":"https:\/\/www.europesays.com\/fr\/wp-json\/wp\/v2\/categories?post=482517"},{"taxonomy":"post_tag","embeddable":true,"href":"https:\/\/www.europesays.com\/fr\/wp-json\/wp\/v2\/tags?post=482517"}],"curies":[{"name":"wp","href":"https:\/\/api.w.org\/{rel}","templated":true}]}}