{"id":482521,"date":"2025-10-22T17:45:16","date_gmt":"2025-10-22T17:45:16","guid":{"rendered":"https:\/\/www.europesays.com\/fr\/482521\/"},"modified":"2025-10-22T17:45:16","modified_gmt":"2025-10-22T17:45:16","slug":"mort-de-cinq-membres-du-lions-club-dont-trois-de-la-ciotat-dans-un-accident-de-car-au-togo","status":"publish","type":"post","link":"https:\/\/www.europesays.com\/fr\/482521\/","title":{"rendered":"Mort de cinq membres du Lions club, dont trois de La Ciotat, dans un accident de car au Togo"},"content":{"rendered":"<p>Un accident de car a fait au moins cinq morts et plusieurs bless\u00e9s au Togo mardi 21\u00a0octobre dans l\u2019apr\u00e8s-midi. Cinq membres des <a href=\"https:\/\/www.laprovence.com\/article\/societe\/78222790387698\/degustation-musique-une-halle-ephemere-ouvre-ses-portes-le-temps-d-un-week-end-a-la-ciotat\" target=\"_blank\" rel=\"noopener\">Lions clubs de La Ciotat Lumi\u00e8res<\/a>, du pays de <a href=\"https:\/\/www.laprovence.com\/article\/faits-divers-justice\/1887820657279314\/deux-promeneurs-imprudents-heliportes-par-la-gendarmerie-a-plan-daups\" target=\"_blank\" rel=\"noopener\">Sainte-Baume<\/a> et de Valenciennes sont d\u00e9c\u00e9d\u00e9s sur le coup.<\/p>\n<p>\u00ab\u00a0\u00c7a s\u2019est pass\u00e9 hier apr\u00e8s-midi, ils \u00e9taient dans un bus pour rejoindre un village entre le <a href=\"https:\/\/www.laprovence.com\/article\/france-monde\/18079218300872\/dans-le-nord-du-togo-une-discrete-poussee-jihadiste-depuis-le-burkina\" target=\"_blank\" rel=\"noopener\">Togo<\/a> et le B\u00e9nin, un pneu arri\u00e8re a \u00e9clat\u00e9, le chauffeur a perdu le contr\u00f4le du bus, ils sont tomb\u00e9s dans un ravin\u00a0\u00bb, rapporte Marie-Claude Pepe, pr\u00e9sidente du Lions club de La Ciotat, sous le choc.<\/p>\n<p>Pas moins de quatre personnes ont \u00e9t\u00e9 bless\u00e9es, dont certaines gravement. \u00ab\u00a0Un membre du <a href=\"https:\/\/www.laprovence.com\/article\/region\/5099014006008615\/la-solidarite-ne-faiblit-pour-le-lions-club-daubagne-garlaban-en-faveur-des-hopitaux\" target=\"_blank\" rel=\"noopener\">Lions club d\u2019Aubagne<\/a> est dans le coma\u00a0\u00bb, pr\u00e9cise-t-elle. La pr\u00e9sidente est boulevers\u00e9e par la situation tragique. \u00ab\u00a0C\u2019est dramatique, on est boulevers\u00e9, on n\u2019arrive pas \u00e0 y croire, c\u2019est un cauchemar\u00a0\u00bb, balbutie-t-elle.<\/p>\n<p>Parmi les victimes, il y a Claude Allegrini, m\u00e9decin g\u00e9n\u00e9raliste, Philippe Courty, ancien libraire de la rue des Poilus, H\u00e9l\u00e8ne Bernardi, femme de l\u2019initiateur du projet humanitaire au B\u00e9nin, Claude Bernardi, qui lui est bless\u00e9. Sandra Corda, de l\u2019organisation du Pays de Sainte-Baume, et Michel Hetroit, de Valenciennes, ont aussi tragiquement succomb\u00e9 \u00e0 leurs blessures.<\/p>\n<p>Un voyage pour inaugurer une maternit\u00e9 \u00e0 Tchantanga<\/p>\n<p>La municipalit\u00e9 a r\u00e9agi dans un communiqu\u00e9 publi\u00e9 sur les r\u00e9seaux sociaux\u00a0: \u00ab\u00a0La Ville s\u2019incline devant la douleur des familles et des proches des victimes de la ville, de France et du B\u00e9nin. La Ciotat se place d\u2019ores et d\u00e9j\u00e0 aux c\u00f4t\u00e9s des familles pour apporter toute l\u2019aide qu\u2019elle jugera n\u00e9cessaire.\u00a0\u00bb<\/p>\n<p>Le <a href=\"https:\/\/www.laprovence.com\/article\/elections\/2253940850987914\/pour-le-maire-alexandre-doriol-dvd-la-ciotat-ne-doit-pas-devenir-une-ville-bling-bling\" target=\"_blank\" rel=\"noopener\">maire de La Ciotat<\/a>,<a href=\"https:\/\/www.laprovence.com\/article\/elections\/84656774370896\/municipales-2026-a-la-ciotat-les-candidats-tardent-a-se-declarer\" target=\"_blank\" rel=\"noopener\"> Alexandre Doriol <\/a>(DVD), en lien avec l&rsquo;ambassade, s&rsquo;active pour soutenir les membres et proches des victimes. \u00ab\u00a0Je re\u00e7ois une partie du Lions aujourd&rsquo;hui et demain pour faciliter les choses, sanitairement, \u00e9conomiquement, pour r\u00e9pondre pr\u00e9sent\u00a0\u00bb, indique l&rsquo;\u00e9lu, touch\u00e9 par la situation.\u00a0\u00ab\u00a0Quand on fait de l&rsquo;humanitaire et qu&rsquo;on perd la vie, il n&rsquo;y a pas de mot, je suis d\u00e9vast\u00e9 de chagrin, j&rsquo;\u00e9tais avec eux encore dimanche\u00a0\u00bb, d\u00e9plore-t-il.\u00a0<\/p>\n<p>Les membres de l\u2019organisation de charit\u00e9 avaient pris la route cette semaine pour le B\u00e9nin afin d\u2019inaugurer la maternit\u00e9 de Tchantanga, dans le nord-ouest du pays. La construction de l\u2019\u00e9tablissement avait \u00e9t\u00e9 financ\u00e9e par les organismes de La Ciotat et de la Sainte-Baume. \u00ab\u00a0Michel Hetroit a fourni du mat\u00e9riel m\u00e9dical r\u00e9cup\u00e9r\u00e9 d\u2019une maternit\u00e9 qui fermait \u00e0 Valenciennes, on l\u2019a fait venir par un conteneur\u00a0\u00bb, explique Marie-Claude Pepe. Et d\u2019ajouter\u00a0: \u00ab\u00a0Ils y \u00e9taient pour f\u00eater et inaugurer la maternit\u00e9.\u00a0\u00bb Le projet se concr\u00e9tisait apr\u00e8s plusieurs ann\u00e9es d\u2019\u0153uvres sociales. \u00ab\u00a0La premi\u00e8re pierre avait \u00e9t\u00e9 pos\u00e9e l&rsquo;ann\u00e9e derni\u00e8re, ce sont des personnes au grand c\u0153ur\u00a0\u00bb, tient \u00e0 souligner <a href=\"https:\/\/www.laprovence.com\/article\/societe\/3753442210029714\/les-travaux-de-pompage-devraient-commencer-au-chantier-de-la-licorne-a-la-ciotat\" target=\"_blank\" rel=\"noopener\">Jean-Marc Martinez<\/a>, \u00e9lu d\u00e9l\u00e9gu\u00e9 \u00e0 l&rsquo;environnement. Membre du Lions club depuis dix ans, pour lui, \u00a0\u00bb c&rsquo;est une v\u00e9ritable catastrophe, le choc est immense\u00a0\u00bb.<\/p>\n<p>\u00ab\u00a0(C\u2019est) un projet que nous pr\u00e9parons depuis 7\u00a0ans en lien avec le club Pays de la Sainte Baume et la fondation internationale des Lions clubs dont le montant s\u2019\u00e9l\u00e8ve \u00e0 67\u00a0000\u00a0euros\u00a0\u00bb, pr\u00e9cisait Marc Binder lors de la c\u00e9l\u00e9bration du 35e anniversaire du <a href=\"https:\/\/www.laprovence.com\/article\/region\/42161911046385\/la-ciotat-les-urgences-distribuent-des-vetements-neufs-aux-sans-abri-grace-au-lions-club\" target=\"_blank\" rel=\"noopener\">Lions club La Ciotat Lumi\u00e8res<\/a>. Sur place, il se charge des d\u00e9marches administratives. \u00ab\u00a0On va devoir les rapatrier, mais ce n\u2019est pas \u00e9vident\u00a0\u00bb, regrette Marie-Claude Pepe. Le maire de La Ciotat a mont\u00e9 une cellule de crise pour aider les proches.<\/p>\n","protected":false},"excerpt":{"rendered":"Un accident de car a fait au moins cinq morts et plusieurs bless\u00e9s au Togo mardi 21\u00a0octobre dans&hellip;\n","protected":false},"author":2,"featured_media":482522,"comment_status":"","ping_status":"","sticky":false,"template":"","format":"standard","meta":{"footnotes":""},"categories":[2],"tags":[17,11,1102,3216,5244,10902,274,1011,27,18864,2514,18,12,1100],"class_list":{"0":"post-482521","1":"post","2":"type-post","3":"status-publish","4":"format-standard","5":"has-post-thumbnail","7":"category-actualites","8":"tag-17","9":"tag-actualites","10":"tag-breakingnews","11":"tag-cinq","12":"tag-club","13":"tag-dont","14":"tag-faits-divers-justice","15":"tag-fr","16":"tag-france","17":"tag-lions","18":"tag-membres","19":"tag-mort","20":"tag-news","21":"tag-trois"},"share_on_mastodon":{"url":"https:\/\/pubeurope.com\/@fr\/115419068746328579","error":""},"_links":{"self":[{"href":"https:\/\/www.europesays.com\/fr\/wp-json\/wp\/v2\/posts\/482521","targetHints":{"allow":["GET"]}}],"collection":[{"href":"https:\/\/www.europesays.com\/fr\/wp-json\/wp\/v2\/posts"}],"about":[{"href":"https:\/\/www.europesays.com\/fr\/wp-json\/wp\/v2\/types\/post"}],"author":[{"embeddable":true,"href":"https:\/\/www.europesays.com\/fr\/wp-json\/wp\/v2\/users\/2"}],"replies":[{"embeddable":true,"href":"https:\/\/www.europesays.com\/fr\/wp-json\/wp\/v2\/comments?post=482521"}],"version-history":[{"count":0,"href":"https:\/\/www.europesays.com\/fr\/wp-json\/wp\/v2\/posts\/482521\/revisions"}],"wp:featuredmedia":[{"embeddable":true,"href":"https:\/\/www.europesays.com\/fr\/wp-json\/wp\/v2\/media\/482522"}],"wp:attachment":[{"href":"https:\/\/www.europesays.com\/fr\/wp-json\/wp\/v2\/media?parent=482521"}],"wp:term":[{"taxonomy":"category","embeddable":true,"href":"https:\/\/www.europesays.com\/fr\/wp-json\/wp\/v2\/categories?post=482521"},{"taxonomy":"post_tag","embeddable":true,"href":"https:\/\/www.europesays.com\/fr\/wp-json\/wp\/v2\/tags?post=482521"}],"curies":[{"name":"wp","href":"https:\/\/api.w.org\/{rel}","templated":true}]}}