{"id":482527,"date":"2025-10-22T17:48:11","date_gmt":"2025-10-22T17:48:11","guid":{"rendered":"https:\/\/www.europesays.com\/fr\/482527\/"},"modified":"2025-10-22T17:48:11","modified_gmt":"2025-10-22T17:48:11","slug":"des-parcs-jardins-et-cimetieres-fermes-a-nancy-et-metz-ce-jeudi","status":"publish","type":"post","link":"https:\/\/www.europesays.com\/fr\/482527\/","title":{"rendered":"des parcs, jardins et cimeti\u00e8res ferm\u00e9s \u00e0 Nancy et\u00a0Metz\u00a0ce\u00a0jeudi"},"content":{"rendered":"<p>            Par<br \/>\n        <strong><br \/>\n            <a href=\"https:\/\/actu.fr\/auteur\/redaction-lorraine\" title=\"Consulter tous les articles de R\u00e9daction Lorraine\" target=\"_blank\" rel=\"noopener\">R\u00e9daction Lorraine<\/a><br \/>\n        <\/strong><\/p>\n<p>        Publi\u00e9 le<\/p>\n<p>            22 oct. 2025 \u00e0 18h13        <\/p>\n<p>Ce jeudi 23 octobre, <a href=\"https:\/\/actu.fr\/meteo\/la-tempete-benjamin-vient-d-etre-nommee-et-elle-va-nous-frapper-ce-jeudi-quelles-consequences-en-france_63333035.html\" target=\"_blank\" rel=\"noopener\">la temp\u00eate Benjamin va frapper la France<\/a>. M\u00e9t\u00e9o France a d\u00e9j\u00e0 plac\u00e9 <a href=\"https:\/\/actu.fr\/meteo\/tempete-benjamin-presque-toute-la-france-en-vigilance-vent-ce-jeudi-des-rafales-jusqu-a-140-km-h-attendus_63334231.html\" target=\"_blank\" rel=\"noopener\">15 d\u00e9partements en vigilance orange \u00ab\u00a0vent\u00a0\u00bb<\/a> en raison <strong>des rafales attendues jusqu\u2019\u00e0 140 km\/h<\/strong>.<\/p>\n<p class=\" wall-content\">En Lorraine, les quatre d\u00e9partements sont en <strong>vigilance jaune<\/strong>. Selon les pr\u00e9visions, il faut s\u2019attendre \u00e0 <a href=\"https:\/\/actu.fr\/meteo\/depression-benjamin-des-vents-violents-et-l-equivalent-d-un-mois-de-pluie-attendus-en-lorraine_63335146.html\" target=\"_blank\" rel=\"noopener\">des vents violents et \u00ab\u00a0l\u2019\u00e9quivalent d\u2019un mois de pluie\u00a0\u00bb<\/a> sur la r\u00e9gion.<\/p>\n<p class=\" wall-content\">Face \u00e0 ce ph\u00e9nom\u00e8ne, les municipalit\u00e9s de <a href=\"https:\/\/actu.fr\/grand-est\/nancy_54395\" target=\"_blank\" rel=\"noopener\">Nancy<\/a> (Meurthe-et-Moselle) et <a href=\"https:\/\/actu.fr\/grand-est\/metz_57463\" target=\"_blank\" rel=\"noopener\">Metz<\/a> (Moselle) ont pris<strong> des mesures de pr\u00e9caution<\/strong> pour \u00e9viter d\u2019\u00e9ventuels <a href=\"https:\/\/actu.fr\/tag\/accident\" target=\"_blank\" rel=\"noopener\">accidents<\/a>.<\/p>\n<p>Pas de r\u00e9ouverture avant vendredi matin \u00e0 Nancy<\/p>\n<p class=\" wall-content\">Dans un communiqu\u00e9 de presse, la Ville de Nancy indique que \u00ab\u00a0<strong>les parcs et jardins de Nancy ainsi que les cimeti\u00e8res n\u2019ouvriront pas ce jeudi<\/strong>\u00ab\u00a0.<\/p>\n<p class=\" wall-content\">Ces sites pourront <strong>rouvrir progressivement vendredi matin<\/strong>, \u00ab\u00a0apr\u00e8s le contr\u00f4le des arbres et des b\u00e2tis par les \u00e9quipes de la Ville de Nancy, afin de s\u2019assurer que les conditions d\u2019accueil du grand public sont optimales et s\u00e9curis\u00e9es\u00a0\u00bb.<\/p>\n<p class=\" wall-content\">La Ville de Nancy a aussi pris la d\u00e9cision de <a href=\"https:\/\/actu.fr\/grand-est\/nancy_54395\/foire-d-automne-2025-a-nancy-prevue-ce-jeudi-son-inauguration-est-reportee-a-cause-de-la-meteo_63337713.html\" target=\"_blank\" rel=\"noopener\">reporter l\u2019inauguration de la Foire d\u2019Automne<\/a> pr\u00e9vue ce jeudi \u00e0 cause de la m\u00e9t\u00e9o.<\/p>\n<p>Metz ferme ses parcs et jardins par \u00ab\u00a0mesure de s\u00e9curit\u00e9\u00a0\u00bb<\/p>\n<p class=\" wall-content\">Par<strong> \u00ab mesure de s\u00e9curit\u00e9 \u00bb<\/strong>, les parcs et jardins de Metz seront ferm\u00e9s jeudi 23 octobre, fait savoir la municipalit\u00e9 dans un communiqu\u00e9 de presse. Voici les lieux concern\u00e9s :<\/p>\n<p>Votre r\u00e9gion, votre actu !<\/p>\n<p>Recevez chaque jour les infos qui comptent pour vous.<\/p>\n<p>\t<a href=\"https:\/\/actu.fr\/newsletter\" class=\"ac-btn ac-btn--corner ac-btn--medium ac-btn--blue800\" target=\"_blank\" rel=\"noopener\">S&rsquo;incrire<\/a><\/p>\n<ul class=\" wall-content\">\n<li>Jardin botanique ;<\/li>\n<li>Parc Sainte Chr\u00e9tienne ;<\/li>\n<li>Fort de Queuleu ;<\/li>\n<li>Jardin du Temple neuf ;<\/li>\n<li>Parc de la Cavalerie.<\/li>\n<\/ul>\n<p class=\" wall-content\">Leur <strong>r\u00e9ouverture<\/strong> est programm\u00e9e pour la journ\u00e9e du <strong>vendredi 24 octobre<\/strong>, \u00ab sous r\u00e9serve que les <strong>conditions d\u2019accueil<\/strong> du public soient jug\u00e9es <strong>s\u00fbres<\/strong> et <strong>adapt\u00e9es<\/strong> (absence de branches ou d\u2019arbres tomb\u00e9s au sol) \u00bb, poursuit prudemment la Ville.<\/p>\n<p class=\" wall-content\">Personnalisez votre actualit\u00e9 en ajoutant vos villes et m\u00e9dias en favori avec <a href=\"https:\/\/moncompte.actu.fr\" title=\"D\u00e9couvez Mon Actu\" rel=\"nofollow noopener\" data-trk=\"{&quot;cta&quot;:{&quot;action&quot;:&quot;https:\\\/\\\/moncompte.actu.fr&quot;,&quot;category&quot;:&quot;mon compte&quot;,&quot;from&quot;:&quot;article footer&quot;,&quot;name&quot;:&quot;Mon actu&quot;,&quot;type&quot;:&quot;cta&quot;}}\" target=\"_blank\">Mon Actu<\/a>.<\/p>\n","protected":false},"excerpt":{"rendered":"Par R\u00e9daction Lorraine Publi\u00e9 le 22 oct. 2025 \u00e0 18h13 Ce jeudi 23 octobre, la temp\u00eate Benjamin va&hellip;\n","protected":false},"author":2,"featured_media":212578,"comment_status":"","ping_status":"","sticky":false,"template":"","format":"standard","meta":{"footnotes":""},"categories":[9635],"tags":[1111,11,1777,674,1011,27,775,2357,1702,12,11014,25,104],"class_list":{"0":"post-482527","1":"post","2":"type-post","3":"status-publish","4":"format-standard","5":"has-post-thumbnail","7":"category-nancy","8":"tag-actu","9":"tag-actualites","10":"tag-eu","11":"tag-europe","12":"tag-fr","13":"tag-france","14":"tag-grand-est","15":"tag-meteo-france","16":"tag-nancy","17":"tag-news","18":"tag-parc-de-la-pepiniere","19":"tag-republique-francaise","20":"tag-societe"},"share_on_mastodon":{"url":"https:\/\/pubeurope.com\/@fr\/115419080556896546","error":""},"_links":{"self":[{"href":"https:\/\/www.europesays.com\/fr\/wp-json\/wp\/v2\/posts\/482527","targetHints":{"allow":["GET"]}}],"collection":[{"href":"https:\/\/www.europesays.com\/fr\/wp-json\/wp\/v2\/posts"}],"about":[{"href":"https:\/\/www.europesays.com\/fr\/wp-json\/wp\/v2\/types\/post"}],"author":[{"embeddable":true,"href":"https:\/\/www.europesays.com\/fr\/wp-json\/wp\/v2\/users\/2"}],"replies":[{"embeddable":true,"href":"https:\/\/www.europesays.com\/fr\/wp-json\/wp\/v2\/comments?post=482527"}],"version-history":[{"count":0,"href":"https:\/\/www.europesays.com\/fr\/wp-json\/wp\/v2\/posts\/482527\/revisions"}],"wp:featuredmedia":[{"embeddable":true,"href":"https:\/\/www.europesays.com\/fr\/wp-json\/wp\/v2\/media\/212578"}],"wp:attachment":[{"href":"https:\/\/www.europesays.com\/fr\/wp-json\/wp\/v2\/media?parent=482527"}],"wp:term":[{"taxonomy":"category","embeddable":true,"href":"https:\/\/www.europesays.com\/fr\/wp-json\/wp\/v2\/categories?post=482527"},{"taxonomy":"post_tag","embeddable":true,"href":"https:\/\/www.europesays.com\/fr\/wp-json\/wp\/v2\/tags?post=482527"}],"curies":[{"name":"wp","href":"https:\/\/api.w.org\/{rel}","templated":true}]}}