{"id":482531,"date":"2025-10-22T17:52:20","date_gmt":"2025-10-22T17:52:20","guid":{"rendered":"https:\/\/www.europesays.com\/fr\/482531\/"},"modified":"2025-10-22T17:52:20","modified_gmt":"2025-10-22T17:52:20","slug":"sacre-meilleur-de-vendee-le-fion-de-lucette-va-disparaitre","status":"publish","type":"post","link":"https:\/\/www.europesays.com\/fr\/482531\/","title":{"rendered":"Sacr\u00e9 meilleur de Vend\u00e9e, le fion de Lucette va dispara\u00eetre"},"content":{"rendered":"<p><strong>\u00ab\u00a0Attention, le <a href=\"https:\/\/lessablesdolonne.maville.com\/actu\/actudet_--c-est-du-pain-beni-le-fion-de-lucette-fait-le-buzz-sur-internet-et-se-fait-un-nom-en-france-_15-6739663_actu.Htm?utm_source=troove&amp;utm_medium=site\" target=\"_blank\" rel=\"noopener\">fion de Lucette<\/a> va bient\u00f4t laisser sa place \u00e0 d\u2019autres gourmandises.\u00a0\u00bb<\/strong> C\u2019est de cette mani\u00e8re que la <a href=\"https:\/\/lessablesdolonne.maville.com\/actu\/actudet_-aux-sables-d-olonne-la-boulangerie-lucette-gagne-une-medaille-pour-sa-galette-des-rois-_15-6588601_actu.Htm\" target=\"_blank\" rel=\"noopener\">boulangerie Lucette<\/a>, aux Sables-d\u2019Olonne (Vend\u00e9e), a annonc\u00e9 la fin de sa p\u00e2tisserie embl\u00e9matique. Prim\u00e9 par une m\u00e9daille d\u2019or lors du concours d\u00e9partemental de la sp\u00e9cialit\u00e9, son flan mara\u00eechin avait fait l\u2019objet d\u2019un v\u00e9ritable buzz \u00e0 la t\u00e9l\u00e9vision et sur les r\u00e9seaux sociaux, en mars\u00a02025.  <a href=\"https:\/\/lessablesdolonne.maville.com\/actu\/actudet_-le-meilleur-fion-de-vendee-est-celui-de-lucette-aux-sables-d-olonne-_15-6729982_actu.Htm?utm_source=troove&amp;utm_medium=site\" target=\"_blank\" rel=\"noopener\">Ouest-France<\/a>  <a href=\"https:\/\/lessablesdolonne.maville.com\/actu\/actudet_-le-meilleur-fion-de-vendee-est-celui-de-lucette-aux-sables-d-olonne-_15-6729982_actu.Htm?utm_source=troove&amp;utm_medium=site\" target=\"_blank\" rel=\"noopener\"> avait relay\u00e9 l\u2019information<\/a>, reprise ensuite sur plusieurs pages humoristiques, mais aussi par l\u2019\u00e9mission Quotidien ou encore le journaliste Michel Denisot.<\/p>\n<\/p>\n<p>Pourtant, la boulangerie va se s\u00e9parer de son fion \u00e9ponyme.<strong> \u00ab\u00a0Tu as jusqu\u2019au 31\u00a0octobre pour en d\u00e9guster un, deux\u2026 ou plus\u00a0\u00bb, <\/strong>pr\u00e9vient l\u2019enseigne sur ses r\u00e9seaux sociaux, qui assure que la p\u00e2tisserie va <strong>\u00ab\u00a0d\u00e9finitivement\u00a0\u00bb<\/strong> dispara\u00eetre.<\/p>\n<p>Lucette, 60, boulevard de Castelnau aux Sables-d\u2019Olonne. Renseignements et contact\u00a0: t\u00e9l.\u00a002\u00a051\u00a090\u00a089\u00a089.<\/p>\n<p>\u00a0<\/p>\n","protected":false},"excerpt":{"rendered":"\u00ab\u00a0Attention, le fion de Lucette va bient\u00f4t laisser sa place \u00e0 d\u2019autres gourmandises.\u00a0\u00bb C\u2019est de cette mani\u00e8re que&hellip;\n","protected":false},"author":2,"featured_media":482532,"comment_status":"","ping_status":"","sticky":false,"template":"","format":"standard","meta":{"footnotes":""},"categories":[9619],"tags":[1111,11,38575,1777,674,60584,1011,27,60585,14954,12,882,25,6938,2310,2546],"class_list":{"0":"post-482531","1":"post","2":"type-post","3":"status-publish","4":"format-standard","5":"has-post-thumbnail","7":"category-toulon","8":"tag-actu","9":"tag-actualites","10":"tag-disparaitre","11":"tag-eu","12":"tag-europe","13":"tag-fion","14":"tag-fr","15":"tag-france","16":"tag-lucette","17":"tag-meilleur","18":"tag-news","19":"tag-provence-alpes-cote-dazur","20":"tag-republique-francaise","21":"tag-sacre","22":"tag-toulon","23":"tag-vendee"},"share_on_mastodon":{"url":"https:\/\/pubeurope.com\/@fr\/115419096263109183","error":""},"_links":{"self":[{"href":"https:\/\/www.europesays.com\/fr\/wp-json\/wp\/v2\/posts\/482531","targetHints":{"allow":["GET"]}}],"collection":[{"href":"https:\/\/www.europesays.com\/fr\/wp-json\/wp\/v2\/posts"}],"about":[{"href":"https:\/\/www.europesays.com\/fr\/wp-json\/wp\/v2\/types\/post"}],"author":[{"embeddable":true,"href":"https:\/\/www.europesays.com\/fr\/wp-json\/wp\/v2\/users\/2"}],"replies":[{"embeddable":true,"href":"https:\/\/www.europesays.com\/fr\/wp-json\/wp\/v2\/comments?post=482531"}],"version-history":[{"count":0,"href":"https:\/\/www.europesays.com\/fr\/wp-json\/wp\/v2\/posts\/482531\/revisions"}],"wp:featuredmedia":[{"embeddable":true,"href":"https:\/\/www.europesays.com\/fr\/wp-json\/wp\/v2\/media\/482532"}],"wp:attachment":[{"href":"https:\/\/www.europesays.com\/fr\/wp-json\/wp\/v2\/media?parent=482531"}],"wp:term":[{"taxonomy":"category","embeddable":true,"href":"https:\/\/www.europesays.com\/fr\/wp-json\/wp\/v2\/categories?post=482531"},{"taxonomy":"post_tag","embeddable":true,"href":"https:\/\/www.europesays.com\/fr\/wp-json\/wp\/v2\/tags?post=482531"}],"curies":[{"name":"wp","href":"https:\/\/api.w.org\/{rel}","templated":true}]}}