{"id":482533,"date":"2025-10-22T17:53:09","date_gmt":"2025-10-22T17:53:09","guid":{"rendered":"https:\/\/www.europesays.com\/fr\/482533\/"},"modified":"2025-10-22T17:53:09","modified_gmt":"2025-10-22T17:53:09","slug":"dispute-explosive-un-automobiliste-perd-son-sang-froid-et-sort-une-arme","status":"publish","type":"post","link":"https:\/\/www.europesays.com\/fr\/482533\/","title":{"rendered":"dispute explosive, un automobiliste perd son sang-froid et sort une arme"},"content":{"rendered":"<p>            Par<br \/>\n        <strong><br \/>\n            <a href=\"https:\/\/actu.fr\/auteur\/lea-pippinato\" title=\"Consulter tous les articles de L\u00e9a Pippinato\" target=\"_blank\" rel=\"noopener\">L\u00e9a Pippinato<\/a><br \/>\n        <\/strong><\/p>\n<p>        Publi\u00e9 le<\/p>\n<p>            22 oct. 2025 \u00e0 19h30        <\/p>\n<p><strong>Ce lundi 20 octobre 2025<\/strong>, vers 16h, dans le quartier Saint-Martin \u00e0 Montpellier, la circulation est ralentie par un camion-poubelle. Une conductrice de 38 ans, au volant de sa voiture avec son ex-compagnon et leurs trois filles, d\u00e9cide de se garer sur le c\u00f4t\u00e9, en contresens. Une man\u0153uvre maladroite mais sans danger imm\u00e9diat. Pourtant, elle d\u00e9clenche la col\u00e8re d\u2019un autre automobiliste.<\/p>\n<p>    <a href=\"https:\/\/www.google.com\/maps\/embed?pb=!1m18!1m12!1m3!1d23114.090373704526!2d3.8338559999999995!3d43.6011008!2m3!1f0!2f0!3f0!3m2!1i1024!2i768!4f13.1!3m3!1m2!1s0x12b6afbe7fa23087%3A0xbc938f9e547ae88f!2sSaint-Martin%2C%2034000%20Montpellier!5e0!3m2!1sen!2sfr!4v1761145131909!5m2!1sen!2sfr\" title=\"Ouvrie le lien\" target=\"_blank\" rel=\"noopener\">Cliquez ici pour visualiser le contenu<\/a><\/p>\n<p class=\" wall-content\">L\u2019homme de 53 ans s\u2019\u00e9nerve et commence \u00e0 prof\u00e9rer des insultes depuis son v\u00e9hicule. L\u2019ex-compagnon de la conductrice, \u00e2g\u00e9 de 46 ans, descend de la voiture pour tenter d\u2019apaiser la situation. L\u2019automobiliste furieux en fait de m\u00eame.<\/p>\n<p>La menace et la fuite<\/p>\n<p class=\" wall-content\">Face \u00e0 la tension qui monte, l\u2019homme col\u00e9rique retourne \u00e0 sa voiture. Il en ressort avec une arme de poing et la brandit devant le p\u00e8re de famille. Il pointe le pistolet en direction de sa cible avant de prof\u00e9rer des menaces : \u00ab\u00a0Je vais te retrouver, on ne va pas en rester l\u00e0.\u00a0\u00bb Puis, sans plus attendre, l\u2019agresseur regagne son v\u00e9hicule et s\u2019enfuit en trombe. Pr\u00e9venue, la police nationale lance les recherches. Une \u00e9quipe de la brigade anticriminalit\u00e9 (Bac) rep\u00e8re le v\u00e9hicule quelques minutes plus tard, toujours dans le secteur Saint-Martin, alors qu\u2019il prend la direction du quartier Pr\u00e8s d\u2019Ar\u00e8ne.<\/p>\n<p class=\" wall-content\">L\u2019automobiliste est interpell\u00e9 et reconna\u00eet les faits. Lors de son audition, il tente d\u2019expliquer son geste : selon lui, un troisi\u00e8me homme aurait surgi pendant l\u2019\u00e9change verbal, ce qui lui aurait fait peur. Il affirme avoir voulu se d\u00e9fendre en sortant un pistolet \u00e0 billes, une arme de type Airsoft. L\u2019homme, habitant de Montpellier, a \u00e9t\u00e9 d\u00e9f\u00e9r\u00e9 au parquet <strong>ce mercredi 22 octobre<\/strong> \u00e0 14h. Il sera convoqu\u00e9 prochainement devant le tribunal judiciaire pour des faits de violence avec arme.<\/p>\n<p class=\" wall-content\">Personnalisez votre actualit\u00e9 en ajoutant vos villes et m\u00e9dias en favori avec <a href=\"https:\/\/moncompte.actu.fr\" title=\"D\u00e9couvez Mon Actu\" rel=\"nofollow noopener\" data-trk=\"{&quot;cta&quot;:{&quot;action&quot;:&quot;https:\\\/\\\/moncompte.actu.fr&quot;,&quot;category&quot;:&quot;mon compte&quot;,&quot;from&quot;:&quot;article footer&quot;,&quot;name&quot;:&quot;Mon actu&quot;,&quot;type&quot;:&quot;cta&quot;}}\" target=\"_blank\">Mon Actu<\/a>.<\/p>\n","protected":false},"excerpt":{"rendered":"Par L\u00e9a Pippinato Publi\u00e9 le 22 oct. 2025 \u00e0 19h30 Ce lundi 20 octobre 2025, vers 16h, dans&hellip;\n","protected":false},"author":2,"featured_media":482534,"comment_status":"","ping_status":"","sticky":false,"template":"","format":"standard","meta":{"footnotes":""},"categories":[9599],"tags":[1111,11,3542,1777,674,118,1011,27,2208,12,2680,1072,25,7501],"class_list":{"0":"post-482533","1":"post","2":"type-post","3":"status-publish","4":"format-standard","5":"has-post-thumbnail","7":"category-montpellier","8":"tag-actu","9":"tag-actualites","10":"tag-circulation","11":"tag-eu","12":"tag-europe","13":"tag-faits-divers","14":"tag-fr","15":"tag-france","16":"tag-montpellier","17":"tag-news","18":"tag-occitanie","19":"tag-police","20":"tag-republique-francaise","21":"tag-violences-urbaines"},"share_on_mastodon":{"url":"https:\/\/pubeurope.com\/@fr\/115419100120307921","error":""},"_links":{"self":[{"href":"https:\/\/www.europesays.com\/fr\/wp-json\/wp\/v2\/posts\/482533","targetHints":{"allow":["GET"]}}],"collection":[{"href":"https:\/\/www.europesays.com\/fr\/wp-json\/wp\/v2\/posts"}],"about":[{"href":"https:\/\/www.europesays.com\/fr\/wp-json\/wp\/v2\/types\/post"}],"author":[{"embeddable":true,"href":"https:\/\/www.europesays.com\/fr\/wp-json\/wp\/v2\/users\/2"}],"replies":[{"embeddable":true,"href":"https:\/\/www.europesays.com\/fr\/wp-json\/wp\/v2\/comments?post=482533"}],"version-history":[{"count":0,"href":"https:\/\/www.europesays.com\/fr\/wp-json\/wp\/v2\/posts\/482533\/revisions"}],"wp:featuredmedia":[{"embeddable":true,"href":"https:\/\/www.europesays.com\/fr\/wp-json\/wp\/v2\/media\/482534"}],"wp:attachment":[{"href":"https:\/\/www.europesays.com\/fr\/wp-json\/wp\/v2\/media?parent=482533"}],"wp:term":[{"taxonomy":"category","embeddable":true,"href":"https:\/\/www.europesays.com\/fr\/wp-json\/wp\/v2\/categories?post=482533"},{"taxonomy":"post_tag","embeddable":true,"href":"https:\/\/www.europesays.com\/fr\/wp-json\/wp\/v2\/tags?post=482533"}],"curies":[{"name":"wp","href":"https:\/\/api.w.org\/{rel}","templated":true}]}}