{"id":482537,"date":"2025-10-22T17:56:09","date_gmt":"2025-10-22T17:56:09","guid":{"rendered":"https:\/\/www.europesays.com\/fr\/482537\/"},"modified":"2025-10-22T17:56:09","modified_gmt":"2025-10-22T17:56:09","slug":"parcs-et-jardins-fermes-collecte-des-dechets-perturbee","status":"publish","type":"post","link":"https:\/\/www.europesays.com\/fr\/482537\/","title":{"rendered":"parcs et jardins ferm\u00e9s, collecte des d\u00e9chets perturb\u00e9e"},"content":{"rendered":"<p>            Par<br \/>\n        <strong><br \/>\n            <a href=\"https:\/\/actu.fr\/auteur\/vanessa-leroy\" title=\"Consulter tous les articles de Vanessa Leroy\" target=\"_blank\" rel=\"noopener\">Vanessa Leroy<\/a><br \/>\n        <\/strong><\/p>\n<p>        Publi\u00e9 le<\/p>\n<p>            22 oct. 2025 \u00e0 19h26<br \/>\n        ; mis \u00e0 jour le 22 oct. 2025 \u00e0 19h38    <\/p>\n<p>Le <a href=\"https:\/\/actu.fr\/normandie\/le-havre_76351\/tempete-benjamin-le-village-de-la-transat-cafe-l-or-ferme-ce-jeudi-a-cause-du-vent_63333319.html\" target=\"_blank\" rel=\"noopener\">village de la Transat Caf\u00e9 L\u2019OR<\/a> et l\u2019acc\u00e8s et le stationnement sur la digue Nord ne seront pas les seuls <strong>lieux ferm\u00e9s au public<\/strong> ce jeudi 23\u00a0octobre 2025, au\u00a0<a href=\"https:\/\/actu.fr\/normandie\/havre_76351\" target=\"_blank\" rel=\"noopener\">Havre<\/a>, en raison de l\u2019arriv\u00e9e de la <a href=\"https:\/\/actu.fr\/meteo\/meteo-la-tempete-benjamin-arrive-en-seine-maritime-a-quoi-faut-il-s-attendre_63334450.html\" target=\"_blank\" rel=\"noopener\">temp\u00eate Benjamin<\/a>.<\/p>\n<p>Parcs \u00e0 Rouen et au Havre ferm\u00e9s<\/p>\n<p class=\" wall-content\">Alors que <strong>des rafales de vent \u00e0 110\u00a0km\/h<\/strong> voire plus sont attendues, \u00ab\u2009la Ville du\u00a0Havre a d\u00e9cid\u00e9 de fermer l\u2019acc\u00e8s\u00a0\u00e0 tous les cimeti\u00e8res, au parc forestier de Montgeon et aux Jardin suspendus\u00a0jusqu\u2019\u00e0 nouvel ordre\u2009\u00bb.<\/p>\n<p class=\" wall-content\">Par ailleurs, la municipalit\u00e9 indique que \u00ab\u2009l\u2019activit\u00e9 li\u00e9e \u00e0 <strong>la collecte des d\u00e9chets sera perturb\u00e9e<\/strong>\u2009\u00bb.<\/p>\n<p class=\" wall-content\">Et d\u2019inciter les habitants \u00e0 la prudence en invitant \u00ab\u2009les Havrais \u00e0 limiter leurs d\u00e9placements en centre de recyclage et d\u2019\u00e9viter de pr\u00e9senter les bacs \u00e0 la collecte\u2009\u00bb.<\/p>\n<p class=\" wall-content\">\u00c0 Rouen, \u00ab\u2009tous les parcs et jardins municipaux seront ferm\u00e9s au public \u00e0 partir de demain, jeudi 23\u00a0octobre, et ce jusqu\u2019\u00e0 nouvel ordre\u2009\u00bb, a fait savoir la municipalit\u00e9.<\/p>\n<p>Suivez l\u2019actualit\u00e9 du\u00a0Havre <a href=\"https:\/\/www.whatsapp.com\/channel\/0029VaFqJYE8aKvLBwVrEe0o\" target=\"_blank\" rel=\"noopener\">sur notre cha\u00eene WhatsApp<\/a> et <a href=\"https:\/\/www.tiktok.com\/@76actu.fr?lang=fr\" target=\"_blank\" rel=\"noopener\">sur notre compte TikTok<\/a>Suivez l\u2019actualit\u00e9 de Rouen sur <a href=\"https:\/\/www.whatsapp.com\/channel\/0029VaKfnf99hXF2ddApFB1D\" target=\"_blank\" rel=\"noopener\">notre cha\u00eene WhatsApp<\/a> et sur <a href=\"https:\/\/www.tiktok.com\/@76actu.fr?lang=fr\" target=\"_blank\" rel=\"noopener\">notre compte TikTok<\/a><\/p>\n<p class=\" wall-content\">Personnalisez votre actualit\u00e9 en ajoutant vos villes et m\u00e9dias en favori avec <a href=\"https:\/\/moncompte.actu.fr\" title=\"D\u00e9couvez Mon Actu\" rel=\"nofollow noopener\" data-trk=\"{&quot;cta&quot;:{&quot;action&quot;:&quot;https:\\\/\\\/moncompte.actu.fr&quot;,&quot;category&quot;:&quot;mon compte&quot;,&quot;from&quot;:&quot;article footer&quot;,&quot;name&quot;:&quot;Mon actu&quot;,&quot;type&quot;:&quot;cta&quot;}}\" target=\"_blank\">Mon Actu<\/a>.<\/p>\n<p>                    <script async src=\"\/\/www.tiktok.com\/embed.js\"><\/script><\/p>\n","protected":false},"excerpt":{"rendered":"Par Vanessa Leroy Publi\u00e9 le 22 oct. 2025 \u00e0 19h26 ; mis \u00e0 jour le 22 oct. 2025&hellip;\n","protected":false},"author":2,"featured_media":482538,"comment_status":"","ping_status":"","sticky":false,"template":"","format":"standard","meta":{"footnotes":""},"categories":[9587],"tags":[1111,11,1777,674,1011,27,3059,2487,2357,12,5161,25,9590],"class_list":{"0":"post-482537","1":"post","2":"type-post","3":"status-publish","4":"format-standard","5":"has-post-thumbnail","7":"category-rouen","8":"tag-actu","9":"tag-actualites","10":"tag-eu","11":"tag-europe","12":"tag-fr","13":"tag-france","14":"tag-intemperies","15":"tag-meteo","16":"tag-meteo-france","17":"tag-news","18":"tag-normandie","19":"tag-republique-francaise","20":"tag-rouen"},"share_on_mastodon":{"url":"https:\/\/pubeurope.com\/@fr\/115419111989886923","error":""},"_links":{"self":[{"href":"https:\/\/www.europesays.com\/fr\/wp-json\/wp\/v2\/posts\/482537","targetHints":{"allow":["GET"]}}],"collection":[{"href":"https:\/\/www.europesays.com\/fr\/wp-json\/wp\/v2\/posts"}],"about":[{"href":"https:\/\/www.europesays.com\/fr\/wp-json\/wp\/v2\/types\/post"}],"author":[{"embeddable":true,"href":"https:\/\/www.europesays.com\/fr\/wp-json\/wp\/v2\/users\/2"}],"replies":[{"embeddable":true,"href":"https:\/\/www.europesays.com\/fr\/wp-json\/wp\/v2\/comments?post=482537"}],"version-history":[{"count":0,"href":"https:\/\/www.europesays.com\/fr\/wp-json\/wp\/v2\/posts\/482537\/revisions"}],"wp:featuredmedia":[{"embeddable":true,"href":"https:\/\/www.europesays.com\/fr\/wp-json\/wp\/v2\/media\/482538"}],"wp:attachment":[{"href":"https:\/\/www.europesays.com\/fr\/wp-json\/wp\/v2\/media?parent=482537"}],"wp:term":[{"taxonomy":"category","embeddable":true,"href":"https:\/\/www.europesays.com\/fr\/wp-json\/wp\/v2\/categories?post=482537"},{"taxonomy":"post_tag","embeddable":true,"href":"https:\/\/www.europesays.com\/fr\/wp-json\/wp\/v2\/tags?post=482537"}],"curies":[{"name":"wp","href":"https:\/\/api.w.org\/{rel}","templated":true}]}}