{"id":482539,"date":"2025-10-22T17:57:12","date_gmt":"2025-10-22T17:57:12","guid":{"rendered":"https:\/\/www.europesays.com\/fr\/482539\/"},"modified":"2025-10-22T17:57:12","modified_gmt":"2025-10-22T17:57:12","slug":"dans-les-coulisses-de-la-haute-couture","status":"publish","type":"post","link":"https:\/\/www.europesays.com\/fr\/482539\/","title":{"rendered":"dans les coulisses de la haute couture"},"content":{"rendered":"<p>Paris, 2025. Une prestigieuse maison de couture re\u00e7oit une commande de premier ordre\u00a0: confectionner la future robe de mari\u00e9e de la princesse d\u2019Angleterre. Pendant plusieurs mois et dans le plus grand secret, une trentaine d\u2019hommes et de femmes soumis \u00e0 de strictes clauses de confidentialit\u00e9 vont travailler dans l\u2019atelier parisien, mais aussi \u00e0 Alen\u00e7on pour la confection des dentelles et \u00e0 Mumbai en Inde pour les broderies. Pench\u00e9s sur cet ouvrage extraordinaire, les corps sont sous pression et les secrets les mieux gard\u00e9s refont surface. Caroline Guiela Nguyen raconte, dans une grande fresque chorale, l\u2019histoire de ces ouvri\u00e8res et ouvriers de l\u2019ombre\u00a0: couturi\u00e8res, mod\u00e9listes, brodeurs au savoir-faire exceptionnel, au moment o\u00f9 leur vie va basculer.<\/p>\n<p class=\"note\">Du mercredi\u00a05 au vendredi 7\u00a0novembre \u00e0 19\u00a0h\u00a030 \u00e0 la MC2 \u00e0 Grenoble. Tarifs de 10 \u00e0 33\u00a0\u20ac.<\/p>\n","protected":false},"excerpt":{"rendered":"Paris, 2025. Une prestigieuse maison de couture re\u00e7oit une commande de premier ordre\u00a0: confectionner la future robe de&hellip;\n","protected":false},"author":2,"featured_media":482540,"comment_status":"","ping_status":"","sticky":false,"template":"","format":"standard","meta":{"footnotes":""},"categories":[9566],"tags":[1111,11,2430,1687,112,1777,674,1011,27,2731,2732,12,4043,25,953],"class_list":{"0":"post-482539","1":"post","2":"type-post","3":"status-publish","4":"format-standard","5":"has-post-thumbnail","7":"category-grenoble","8":"tag-actu","9":"tag-actualites","10":"tag-auvergne-rhone-alpes","11":"tag-culture-loisirs","12":"tag-edition-grenoble-agglomeration","13":"tag-eu","14":"tag-europe","15":"tag-fr","16":"tag-france","17":"tag-grenoble","18":"tag-grenoble-bassin","19":"tag-news","20":"tag-repas-et-the-dansant","21":"tag-republique-francaise","22":"tag-soiree"},"share_on_mastodon":{"url":"https:\/\/pubeurope.com\/@fr\/115419115897234546","error":""},"_links":{"self":[{"href":"https:\/\/www.europesays.com\/fr\/wp-json\/wp\/v2\/posts\/482539","targetHints":{"allow":["GET"]}}],"collection":[{"href":"https:\/\/www.europesays.com\/fr\/wp-json\/wp\/v2\/posts"}],"about":[{"href":"https:\/\/www.europesays.com\/fr\/wp-json\/wp\/v2\/types\/post"}],"author":[{"embeddable":true,"href":"https:\/\/www.europesays.com\/fr\/wp-json\/wp\/v2\/users\/2"}],"replies":[{"embeddable":true,"href":"https:\/\/www.europesays.com\/fr\/wp-json\/wp\/v2\/comments?post=482539"}],"version-history":[{"count":0,"href":"https:\/\/www.europesays.com\/fr\/wp-json\/wp\/v2\/posts\/482539\/revisions"}],"wp:featuredmedia":[{"embeddable":true,"href":"https:\/\/www.europesays.com\/fr\/wp-json\/wp\/v2\/media\/482540"}],"wp:attachment":[{"href":"https:\/\/www.europesays.com\/fr\/wp-json\/wp\/v2\/media?parent=482539"}],"wp:term":[{"taxonomy":"category","embeddable":true,"href":"https:\/\/www.europesays.com\/fr\/wp-json\/wp\/v2\/categories?post=482539"},{"taxonomy":"post_tag","embeddable":true,"href":"https:\/\/www.europesays.com\/fr\/wp-json\/wp\/v2\/tags?post=482539"}],"curies":[{"name":"wp","href":"https:\/\/api.w.org\/{rel}","templated":true}]}}