{"id":482541,"date":"2025-10-22T17:58:16","date_gmt":"2025-10-22T17:58:16","guid":{"rendered":"https:\/\/www.europesays.com\/fr\/482541\/"},"modified":"2025-10-22T17:58:16","modified_gmt":"2025-10-22T17:58:16","slug":"grenoble-les-prochaines-visites-de-patrimoine-et-developpement-du-grand-grenoble","status":"publish","type":"post","link":"https:\/\/www.europesays.com\/fr\/482541\/","title":{"rendered":"Grenoble. Les prochaines visites de \u201cPatrimoine et d\u00e9veloppement du Grand Grenoble\u201d"},"content":{"rendered":"<p>L\u2019association Patrimoine et d\u00e9veloppement du Grand Grenoble propose des circuits et visites ce samedi 25\u00a0octobre\u00a0: visite guid\u00e9e \u201cCrimes et ch\u00e2timents\u201d de 10\u00a0h\u00a030 \u00e0 midi, visite guid\u00e9e \u201c\u00c9nigmes et r\u00e9bus\u201d de 14\u00a0h\u00a030 \u00e0 16 heures et visite guid\u00e9e Les Maisons de tol\u00e9rance de 10\u00a0h\u00a030 \u00e0 midi. Le samedi 8\u00a0novembre, visite guid\u00e9e \u00e0 la d\u00e9couverte du quartier Saint-Laurent\u00a0sera propos\u00e9e de 14 heures \u00e0 15\u00a0h\u00a030. Les d\u00e9parts se font au 10 rue Chenoise.<\/p>\n<p class=\"note\">Pour ces quatre visites, le nombre de places est limit\u00e9. Inscription pr\u00e9alable obligatoire. Plus d\u2019infos : contact@patrimoine-grandgrenoble.fr<\/p>\n","protected":false},"excerpt":{"rendered":"L\u2019association Patrimoine et d\u00e9veloppement du Grand Grenoble propose des circuits et visites ce samedi 25\u00a0octobre\u00a0: visite guid\u00e9e \u201cCrimes&hellip;\n","protected":false},"author":2,"featured_media":482542,"comment_status":"","ping_status":"","sticky":false,"template":"","format":"standard","meta":{"footnotes":""},"categories":[9566],"tags":[1111,11,2430,1687,112,1777,674,1011,27,2731,2732,12,25],"class_list":{"0":"post-482541","1":"post","2":"type-post","3":"status-publish","4":"format-standard","5":"has-post-thumbnail","7":"category-grenoble","8":"tag-actu","9":"tag-actualites","10":"tag-auvergne-rhone-alpes","11":"tag-culture-loisirs","12":"tag-edition-grenoble-agglomeration","13":"tag-eu","14":"tag-europe","15":"tag-fr","16":"tag-france","17":"tag-grenoble","18":"tag-grenoble-bassin","19":"tag-news","20":"tag-republique-francaise"},"share_on_mastodon":{"url":"https:\/\/pubeurope.com\/@fr\/115419119870730283","error":""},"_links":{"self":[{"href":"https:\/\/www.europesays.com\/fr\/wp-json\/wp\/v2\/posts\/482541","targetHints":{"allow":["GET"]}}],"collection":[{"href":"https:\/\/www.europesays.com\/fr\/wp-json\/wp\/v2\/posts"}],"about":[{"href":"https:\/\/www.europesays.com\/fr\/wp-json\/wp\/v2\/types\/post"}],"author":[{"embeddable":true,"href":"https:\/\/www.europesays.com\/fr\/wp-json\/wp\/v2\/users\/2"}],"replies":[{"embeddable":true,"href":"https:\/\/www.europesays.com\/fr\/wp-json\/wp\/v2\/comments?post=482541"}],"version-history":[{"count":0,"href":"https:\/\/www.europesays.com\/fr\/wp-json\/wp\/v2\/posts\/482541\/revisions"}],"wp:featuredmedia":[{"embeddable":true,"href":"https:\/\/www.europesays.com\/fr\/wp-json\/wp\/v2\/media\/482542"}],"wp:attachment":[{"href":"https:\/\/www.europesays.com\/fr\/wp-json\/wp\/v2\/media?parent=482541"}],"wp:term":[{"taxonomy":"category","embeddable":true,"href":"https:\/\/www.europesays.com\/fr\/wp-json\/wp\/v2\/categories?post=482541"},{"taxonomy":"post_tag","embeddable":true,"href":"https:\/\/www.europesays.com\/fr\/wp-json\/wp\/v2\/tags?post=482541"}],"curies":[{"name":"wp","href":"https:\/\/api.w.org\/{rel}","templated":true}]}}