{"id":482543,"date":"2025-10-22T17:59:25","date_gmt":"2025-10-22T17:59:25","guid":{"rendered":"https:\/\/www.europesays.com\/fr\/482543\/"},"modified":"2025-10-22T17:59:25","modified_gmt":"2025-10-22T17:59:25","slug":"une-methode-digne-de-la-mafia-ce-que-lon-sait-sur-le-cartel-v-soupconne-davoir-voulu-racketter-des-commercants-a-rennes","status":"publish","type":"post","link":"https:\/\/www.europesays.com\/fr\/482543\/","title":{"rendered":"\u00ab Une m\u00e9thode digne de la mafia \u00bb : ce que l\u2019on sait sur le Cartel V, soup\u00e7onn\u00e9 d\u2019avoir voulu racketter des commer\u00e7ants \u00e0 Rennes"},"content":{"rendered":"<p>Du jamais vu \u00e0 Rennes. Lundi 20 octobre, des commer\u00e7ants de la dalle Kennedy, dans le quartier de Villejean, ont \u00e9t\u00e9 la cible d\u2019une tentative d\u2019extorsion. Ils ont chacun re\u00e7u un courrier leur intimant l\u2019ordre de verser une somme d\u2019argent en \u00e9change d\u2019une pr\u00e9tendue \u00ab protection \u00bb.<\/p>\n<p>Alert\u00e9e, la police a men\u00e9 des investigations qui ont rapidement permis l\u2019interpellation de deux jeunes dealers, \u00e2g\u00e9s de 16 et 17 ans. Selon le parquet, ces adolescents \u00ab ont \u00e9t\u00e9 tr\u00e8s r\u00e9cemment recrut\u00e9s pour distribuer des enveloppes \u00bb et n\u2019auraient pas eu \u00ab connaissance de leur contenu \u00bb.<\/p>\n<p>L\u2019un des points de deal les plus lucratifs<\/p>\n<p>\u00ab C\u2019est une m\u00e9thode digne de la mafia \u00bb, confie une source polici\u00e8re. \u00ab Heureusement, les commer\u00e7ants ne se sont pas laiss\u00e9s faire. Ils sont courageux. Il y a clairement une volont\u00e9 de contr\u00f4ler tout le territoire. Si tu ma\u00eetrises la dalle, les commer\u00e7ants et les nourrices, tu ma\u00eetrises tout \u00bb. Alors que les enqu\u00eateurs essayent d\u00e9sormais identifier le ou les donneurs d\u2019ordre, un nom ressort : celui du Cartel V. La signature retrouv\u00e9e au bas du courrier de chantage.<\/p>\n<p>Le Cartel V (pour Villejean ?) se pr\u00e9sente comme une \u00e9quipe de dealers revendiquant le contr\u00f4le du point de deal du 8 rue du Bourbonnais, l\u2019un des plus lucratifs de Rennes. Apr\u00e8s une s\u00e9rie de fusillades violentes en d\u00e9but d\u2019ann\u00e9e, qui avaient oppos\u00e9 une bande locale \u00e0 une \u00e9quipe ext\u00e9rieure &#8211; dont des membres marseillais <a href=\"https:\/\/www.letelegramme.fr\/bretagne\/fusillades-dans-le-quartier-de-villejean-a-rennes-quatre-membres-du-clan-yoda-interpelles-a-marseille-6908577.php\" target=\"_blank\" rel=\"noopener\">du clan Yoda r\u00e9cemment interpell\u00e9s<\/a> -, ce Cartel V semble s\u2019activer pour asseoir son autorit\u00e9.<\/p>\n<p>Attirer des petites mains<\/p>\n<p>Sur le r\u00e9seau social TikTok, plusieurs comptes affili\u00e9s \u00e0 cette organisation ont fleuri ces derni\u00e8res semaines pour faire la promotion de leur business. Une strat\u00e9gie destin\u00e9e \u00e0 rassurer la client\u00e8le quand \u00e0 la s\u00e9curit\u00e9 du lieu et \u00e0 attirer de nouvelles petites mains dans le trafic (guetteurs, rabatteurs ou vendeurs) avec des promesses de salaires \u00e9lev\u00e9s.<\/p>\n<p>Certains membres du Cartel V seraient \u00e9galement r\u00e9cemment apparus dans le clip du rapeur Heykel &#8211; tourn\u00e9 en partie sur la dalle Kennedy. Originaire de Villeneuve d\u2019Ascq (59), ce dernier s\u2019est taill\u00e9 une r\u00e9putation de plus en plus solide dans le milieu du rap avec certains de ses clips cumulant jusqu&rsquo;\u00e0 plusieurs millions de vues.<\/p>\n<p> \u00ab Ils s\u2019en fichent de tout montrer sur les r\u00e9seaux sociaux \u00bb, d\u00e9plore une source polici\u00e8re.. \u00ab Ils n\u2019ont pas peur des cons\u00e9quences \u00bb. En attendant, le point de deal du Bourbonnais continue de tourner \u00e0 plein r\u00e9gime.<\/p>\n","protected":false},"excerpt":{"rendered":"Du jamais vu \u00e0 Rennes. Lundi 20 octobre, des commer\u00e7ants de la dalle Kennedy, dans le quartier de&hellip;\n","protected":false},"author":2,"featured_media":482544,"comment_status":"","ping_status":"","sticky":false,"template":"","format":"standard","meta":{"footnotes":""},"categories":[2821],"tags":[1111,11,829,765,1777,674,3383,1011,27,848,12,50972,584,25],"class_list":{"0":"post-482543","1":"post","2":"type-post","3":"status-publish","4":"format-standard","5":"has-post-thumbnail","7":"category-rennes","8":"tag-actu","9":"tag-actualites","10":"tag-bretagne","11":"tag-en-continu","12":"tag-eu","13":"tag-europe","14":"tag-faits-divers-a-rennes","15":"tag-fr","16":"tag-france","17":"tag-ille-et-vilaine","18":"tag-news","19":"tag-newsletter-la-rennes-quotidienne","20":"tag-rennes","21":"tag-republique-francaise"},"share_on_mastodon":{"url":"https:\/\/pubeurope.com\/@fr\/115419123894217344","error":""},"_links":{"self":[{"href":"https:\/\/www.europesays.com\/fr\/wp-json\/wp\/v2\/posts\/482543","targetHints":{"allow":["GET"]}}],"collection":[{"href":"https:\/\/www.europesays.com\/fr\/wp-json\/wp\/v2\/posts"}],"about":[{"href":"https:\/\/www.europesays.com\/fr\/wp-json\/wp\/v2\/types\/post"}],"author":[{"embeddable":true,"href":"https:\/\/www.europesays.com\/fr\/wp-json\/wp\/v2\/users\/2"}],"replies":[{"embeddable":true,"href":"https:\/\/www.europesays.com\/fr\/wp-json\/wp\/v2\/comments?post=482543"}],"version-history":[{"count":0,"href":"https:\/\/www.europesays.com\/fr\/wp-json\/wp\/v2\/posts\/482543\/revisions"}],"wp:featuredmedia":[{"embeddable":true,"href":"https:\/\/www.europesays.com\/fr\/wp-json\/wp\/v2\/media\/482544"}],"wp:attachment":[{"href":"https:\/\/www.europesays.com\/fr\/wp-json\/wp\/v2\/media?parent=482543"}],"wp:term":[{"taxonomy":"category","embeddable":true,"href":"https:\/\/www.europesays.com\/fr\/wp-json\/wp\/v2\/categories?post=482543"},{"taxonomy":"post_tag","embeddable":true,"href":"https:\/\/www.europesays.com\/fr\/wp-json\/wp\/v2\/tags?post=482543"}],"curies":[{"name":"wp","href":"https:\/\/api.w.org\/{rel}","templated":true}]}}