{"id":482545,"date":"2025-10-22T18:00:26","date_gmt":"2025-10-22T18:00:26","guid":{"rendered":"https:\/\/www.europesays.com\/fr\/482545\/"},"modified":"2025-10-22T18:00:26","modified_gmt":"2025-10-22T18:00:26","slug":"en-pleine-intervention-entre-saint-malo-et-rennes-un-fourgon-du-departement-dille-et-vilaine-percute","status":"publish","type":"post","link":"https:\/\/www.europesays.com\/fr\/482545\/","title":{"rendered":"En pleine intervention entre Saint-Malo et Rennes, un fourgon du D\u00e9partement d&rsquo;Ille-et-Vilaine percut\u00e9"},"content":{"rendered":"<p>            Par<br \/>\n        <strong><br \/>\n            <a href=\"https:\/\/actu.fr\/auteur\/brian-legoff\" title=\"Consulter tous les articles de Brian Le Goff\" rel=\"nofollow noopener\" target=\"_blank\">Brian Le Goff<\/a><br \/>\n        <\/strong><\/p>\n<p>        Publi\u00e9 le<\/p>\n<p>            22 oct. 2025 \u00e0 18h16        <\/p>\n<p>Les d\u00e9g\u00e2ts de cet accident ne sont<strong> heureusement que mat\u00e9riels,<\/strong> mais rappellent \u00e0 tous la n\u00e9cessit\u00e9 d\u2019\u00eatre prudent et attentif quand on conduit, notamment en cas d\u2019intervention des agents des routes.<\/p>\n<p class=\" wall-content\">Mercredi 22\u00a0octobre 2025, <strong>entre 9h30 et 9h50,<\/strong> un fourgon de balisage du D\u00e9partement d\u2019Ille-et-Vilaine en pleine intervention sur la quatre-voies entre St-Malo et Rennes, au niveau d\u2019H\u00e9d\u00e9-Bazouges, a \u00e9t\u00e9 percut\u00e9 par une voiture, indique le D\u00e9partement \u00e0 <a href=\"https:\/\/actu.fr\/rennes\/\" rel=\"nofollow noopener\" target=\"_blank\">actu Rennes<\/a>.<\/p>\n<p>Un bless\u00e9<\/p>\n<p class=\" wall-content\">Les pompiers ont \u00e9t\u00e9 alert\u00e9s aux alentours de 9h50.<strong> Seul le conducteur de la voiture<\/strong> a \u00e9t\u00e9 bless\u00e9 et pris en charge par les secours. Aucun agent du D\u00e9partement n\u2019a \u00e9t\u00e9 bless\u00e9 physiquement. \u00ab<strong>\u2009Une aide psychologique a \u00e9t\u00e9 mise en place<\/strong> pour ces derniers\u2009\u00bb, rel\u00e8ve le D\u00e9partement.<\/p>\n<p class=\" wall-content\">L\u2019accident a entra\u00een\u00e9 la <strong>coupure de la RD 137<\/strong>. Les v\u00e9hicules ont \u00e9t\u00e9 d\u00e9vi\u00e9s <strong>jusqu\u2019\u00e0 11h30<\/strong> le temps de remettre en service le secteur. \u00ab\u2009Quand une intervention est en cours,<strong> il faut s\u2019\u00e9carter et ralentir\u2009\u00bb<\/strong>, insiste encore le D\u00e9partement.<\/p>\n<p class=\" wall-content\">Personnalisez votre actualit\u00e9 en ajoutant vos villes et m\u00e9dias en favori avec <a href=\"https:\/\/moncompte.actu.fr\" title=\"D\u00e9couvez Mon Actu\" rel=\"nofollow noopener\" data-trk=\"{&quot;cta&quot;:{&quot;action&quot;:&quot;https:\\\/\\\/moncompte.actu.fr&quot;,&quot;category&quot;:&quot;mon compte&quot;,&quot;from&quot;:&quot;article footer&quot;,&quot;name&quot;:&quot;Mon actu&quot;,&quot;type&quot;:&quot;cta&quot;}}\" target=\"_blank\">Mon Actu<\/a>.<\/p>\n","protected":false},"excerpt":{"rendered":"Par Brian Le Goff Publi\u00e9 le 22 oct. 2025 \u00e0 18h16 Les d\u00e9g\u00e2ts de cet accident ne sont&hellip;\n","protected":false},"author":2,"featured_media":482546,"comment_status":"","ping_status":"","sticky":false,"template":"","format":"standard","meta":{"footnotes":""},"categories":[2821],"tags":[119,1111,11,829,3542,1777,674,118,1011,27,12,584,25,2086],"class_list":{"0":"post-482545","1":"post","2":"type-post","3":"status-publish","4":"format-standard","5":"has-post-thumbnail","7":"category-rennes","8":"tag-accident","9":"tag-actu","10":"tag-actualites","11":"tag-bretagne","12":"tag-circulation","13":"tag-eu","14":"tag-europe","15":"tag-faits-divers","16":"tag-fr","17":"tag-france","18":"tag-news","19":"tag-rennes","20":"tag-republique-francaise","21":"tag-travaux"},"share_on_mastodon":{"url":"https:\/\/pubeurope.com\/@fr\/115419127829900329","error":""},"_links":{"self":[{"href":"https:\/\/www.europesays.com\/fr\/wp-json\/wp\/v2\/posts\/482545","targetHints":{"allow":["GET"]}}],"collection":[{"href":"https:\/\/www.europesays.com\/fr\/wp-json\/wp\/v2\/posts"}],"about":[{"href":"https:\/\/www.europesays.com\/fr\/wp-json\/wp\/v2\/types\/post"}],"author":[{"embeddable":true,"href":"https:\/\/www.europesays.com\/fr\/wp-json\/wp\/v2\/users\/2"}],"replies":[{"embeddable":true,"href":"https:\/\/www.europesays.com\/fr\/wp-json\/wp\/v2\/comments?post=482545"}],"version-history":[{"count":0,"href":"https:\/\/www.europesays.com\/fr\/wp-json\/wp\/v2\/posts\/482545\/revisions"}],"wp:featuredmedia":[{"embeddable":true,"href":"https:\/\/www.europesays.com\/fr\/wp-json\/wp\/v2\/media\/482546"}],"wp:attachment":[{"href":"https:\/\/www.europesays.com\/fr\/wp-json\/wp\/v2\/media?parent=482545"}],"wp:term":[{"taxonomy":"category","embeddable":true,"href":"https:\/\/www.europesays.com\/fr\/wp-json\/wp\/v2\/categories?post=482545"},{"taxonomy":"post_tag","embeddable":true,"href":"https:\/\/www.europesays.com\/fr\/wp-json\/wp\/v2\/tags?post=482545"}],"curies":[{"name":"wp","href":"https:\/\/api.w.org\/{rel}","templated":true}]}}