{"id":482547,"date":"2025-10-22T18:01:14","date_gmt":"2025-10-22T18:01:14","guid":{"rendered":"https:\/\/www.europesays.com\/fr\/482547\/"},"modified":"2025-10-22T18:01:14","modified_gmt":"2025-10-22T18:01:14","slug":"lucas-fox-en-dedicace-ce-samedi-25-septembre","status":"publish","type":"post","link":"https:\/\/www.europesays.com\/fr\/482547\/","title":{"rendered":"Lucas Fox en d\u00e9dicace ce samedi 25 septembre !"},"content":{"rendered":"<p>Le Studio par Arp\u00e8ges, Art &amp; L\u2019\u00catre, Les Biblioth\u00e8ques Id\u00e9ales et la Librairie Dinali organisent une rencontre-d\u00e9dicace exceptionnelle avec Lucas Fox, batteur et cofondateur <a href=\"https:\/\/www.dna.fr\/culture-loisirs\/2019\/10\/28\/motorhead-au-temps-d-overkill-et-bomber\" target=\"_blank\" rel=\"noopener\">du groupe mythique Mot\u00f6rhead<\/a> \u00e0 l\u2019occasion de la parution de sa biographie Mot\u00f6rhead, in and out, entre autres histoires d\u2019une vie exub\u00e9rante.<\/p>\n<p>Lucas Fox \u00e9voquera aussi la puissance de cr\u00e9ation du c\u00e9l\u00e8bre Swinging London pour l\u2019avoir v\u00e9cu de l\u2019int\u00e9rieur.<\/p>\n<p>Ce contenu est bloqu\u00e9 car vous n&rsquo;avez pas accept\u00e9 les cookies et autres traceurs.<\/p>\n<p>En cliquant sur \u00ab J\u2019accepte \u00bb, les cookies et autres traceurs seront d\u00e9pos\u00e9s et vous pourrez visualiser les contenus  (<a href=\"\" class=\"consentModule_policy\" target=\"_blank\" title=\"Consulter la politique de protection des donn\u00e9es du fournisseur\">plus d&rsquo;informations<\/a>).<\/p>\n<p>En cliquant sur \u00ab J\u2019accepte tous les cookies \u00bb, vous autorisez des d\u00e9p\u00f4ts de cookies et autres traceurs pour le stockage de vos donn\u00e9es sur nos sites et applications \u00e0 des fins de personnalisation et de ciblage publicitaire.<\/p>\n<p class=\"consentModule_secondaryText\">Vous gardez la possibilit\u00e9 de retirer votre consentement \u00e0 tout moment en consultant notre <a href=\"https:\/\/www.dna.fr\/protection-des-donnees\" target=\"_blank\" title=\"Consulter notre politique de protection des donn\u00e9es\" rel=\"noopener\">politique de protection des donn\u00e9es<\/a>. <br \/>&#13;<br \/>\n            <a href=\"https:\/\/www.dna.fr\/culture-loisirs\/2025\/10\/22\/javascript:Didomi.notice.show()\" class=\"consentModule_cmp\" target=\"_blank\" rel=\"noopener\">G\u00e9rer mes choix<\/a>&#13;\n        <\/p>\n<p>&#13;<br \/>\n                        J&rsquo;accepte&#13;<br \/>\n            J&rsquo;accepte tous les cookies&#13;\n        <\/p>\n<p>Il sera interrog\u00e9 par Yannick Lefran\u00e7ois, dessinateur de presse bien connu des lecteurs des DNA et fondu de m\u00e9tal.<\/p>\n<p>La rencontre aura lieu le samedi 25\u00a0octobre de 14\u00a0h\u00a030 \u00e0 18\u00a0h au Studio par Arp\u00e8ges, 14 boulevard de la Victoire \u00e0 Strasbourg.<\/p>\n<p>La soir\u00e9e se poursuivra au Bateau du Rhin, 20 rue du Port du Rhin (r\u00e9servations sur le site de l\u2019Association Jour J, Heure H).<\/p>\n","protected":false},"excerpt":{"rendered":"Le Studio par Arp\u00e8ges, Art &amp; L\u2019\u00catre, Les Biblioth\u00e8ques Id\u00e9ales et la Librairie Dinali organisent une rencontre-d\u00e9dicace exceptionnelle&hellip;\n","protected":false},"author":2,"featured_media":482548,"comment_status":"","ping_status":"","sticky":false,"template":"","format":"standard","meta":{"footnotes":""},"categories":[2820],"tags":[1111,11,6211,1687,2880,1777,674,107,1011,27,775,1757,873,12,5486,25,640,2879],"class_list":{"0":"post-482547","1":"post","2":"type-post","3":"status-publish","4":"format-standard","5":"has-post-thumbnail","7":"category-strasbourg","8":"tag-actu","9":"tag-actualites","10":"tag-conference","11":"tag-culture-loisirs","12":"tag-edition-strasbourg","13":"tag-eu","14":"tag-europe","15":"tag-fil-info","16":"tag-fr","17":"tag-france","18":"tag-grand-est","19":"tag-insolite","20":"tag-musique","21":"tag-news","22":"tag-rencontre","23":"tag-republique-francaise","24":"tag-strasbourg","25":"tag-strasbourg-ville"},"share_on_mastodon":{"url":"https:\/\/pubeurope.com\/@fr\/115419131885757732","error":""},"_links":{"self":[{"href":"https:\/\/www.europesays.com\/fr\/wp-json\/wp\/v2\/posts\/482547","targetHints":{"allow":["GET"]}}],"collection":[{"href":"https:\/\/www.europesays.com\/fr\/wp-json\/wp\/v2\/posts"}],"about":[{"href":"https:\/\/www.europesays.com\/fr\/wp-json\/wp\/v2\/types\/post"}],"author":[{"embeddable":true,"href":"https:\/\/www.europesays.com\/fr\/wp-json\/wp\/v2\/users\/2"}],"replies":[{"embeddable":true,"href":"https:\/\/www.europesays.com\/fr\/wp-json\/wp\/v2\/comments?post=482547"}],"version-history":[{"count":0,"href":"https:\/\/www.europesays.com\/fr\/wp-json\/wp\/v2\/posts\/482547\/revisions"}],"wp:featuredmedia":[{"embeddable":true,"href":"https:\/\/www.europesays.com\/fr\/wp-json\/wp\/v2\/media\/482548"}],"wp:attachment":[{"href":"https:\/\/www.europesays.com\/fr\/wp-json\/wp\/v2\/media?parent=482547"}],"wp:term":[{"taxonomy":"category","embeddable":true,"href":"https:\/\/www.europesays.com\/fr\/wp-json\/wp\/v2\/categories?post=482547"},{"taxonomy":"post_tag","embeddable":true,"href":"https:\/\/www.europesays.com\/fr\/wp-json\/wp\/v2\/tags?post=482547"}],"curies":[{"name":"wp","href":"https:\/\/api.w.org\/{rel}","templated":true}]}}