{"id":482553,"date":"2025-10-22T18:05:21","date_gmt":"2025-10-22T18:05:21","guid":{"rendered":"https:\/\/www.europesays.com\/fr\/482553\/"},"modified":"2025-10-22T18:05:21","modified_gmt":"2025-10-22T18:05:21","slug":"pres-de-nantes-un-homme-arme-a-surgi-dans-la-boutique-de-cigarettes-electroniques","status":"publish","type":"post","link":"https:\/\/www.europesays.com\/fr\/482553\/","title":{"rendered":"Pr\u00e8s de Nantes, un homme arm\u00e9 a surgi dans la boutique de cigarettes \u00e9lectroniques"},"content":{"rendered":"<p>Capuche sur la t\u00eate et cache-cou relev\u00e9 sur le nez, il\u00a0a pouss\u00e9 la porte du petit commerce peu avant 11\u00a0heures, mardi. C\u2019\u00e9tait place de la R\u00e9volution-fran\u00e7aise, <a href=\"https:\/\/nantes.maville.com\/pays-de-la-loire\/loire-atlantique\/saint-herblain\/\" target=\"_blank\" rel=\"noopener\">\u00e0 Saint-Herblain.<\/a><\/p>\n<p>Le braqueur avait une arme, qui ressemblait beaucoup \u00e0 un revolver. \u00c0 la g\u00e9rante de cette boutique de cigarettes \u00e9lectroniques, il a aussit\u00f4t demand\u00e9 de l\u2019argent.<\/p>\n<p>Le braqueur a fil\u00e9 \u00e0 pied<\/p>\n<p>Apeur\u00e9e, la victime a remis le contenu de la caisse \u00e0 l\u2019inconnu, qui est reparti \u00e0 pied. La commer\u00e7ante n\u2019a pas \u00e9t\u00e9 bless\u00e9e, mais elle est tr\u00e8s choqu\u00e9e.<\/p>\n<p>La police est arriv\u00e9e sur les lieux peu apr\u00e8s. Une enqu\u00eate a \u00e9t\u00e9 ouverte afin d\u2019identifier le voleur \u00e0 main arm\u00e9e.<\/p>\n<p>\u00a0<\/p>\n","protected":false},"excerpt":{"rendered":"Capuche sur la t\u00eate et cache-cou relev\u00e9 sur le nez, il\u00a0a pouss\u00e9 la porte du petit commerce peu&hellip;\n","protected":false},"author":2,"featured_media":482554,"comment_status":"","ping_status":"","sticky":false,"template":"","format":"standard","meta":{"footnotes":""},"categories":[2818],"tags":[1111,11,10268,11647,8056,60587,1777,674,1011,27,4933,766,12,2636,3762,25,60586],"class_list":{"0":"post-482553","1":"post","2":"type-post","3":"status-publish","4":"format-standard","5":"has-post-thumbnail","7":"category-nantes","8":"tag-actu","9":"tag-actualites","10":"tag-arme","11":"tag-boutique","12":"tag-cigarettes","13":"tag-electroniques","14":"tag-eu","15":"tag-europe","16":"tag-fr","17":"tag-france","18":"tag-homme","19":"tag-nantes","20":"tag-news","21":"tag-pays-de-la-loire","22":"tag-pres","23":"tag-republique-francaise","24":"tag-surgi"},"share_on_mastodon":{"url":"https:\/\/pubeurope.com\/@fr\/115419147478673267","error":""},"_links":{"self":[{"href":"https:\/\/www.europesays.com\/fr\/wp-json\/wp\/v2\/posts\/482553","targetHints":{"allow":["GET"]}}],"collection":[{"href":"https:\/\/www.europesays.com\/fr\/wp-json\/wp\/v2\/posts"}],"about":[{"href":"https:\/\/www.europesays.com\/fr\/wp-json\/wp\/v2\/types\/post"}],"author":[{"embeddable":true,"href":"https:\/\/www.europesays.com\/fr\/wp-json\/wp\/v2\/users\/2"}],"replies":[{"embeddable":true,"href":"https:\/\/www.europesays.com\/fr\/wp-json\/wp\/v2\/comments?post=482553"}],"version-history":[{"count":0,"href":"https:\/\/www.europesays.com\/fr\/wp-json\/wp\/v2\/posts\/482553\/revisions"}],"wp:featuredmedia":[{"embeddable":true,"href":"https:\/\/www.europesays.com\/fr\/wp-json\/wp\/v2\/media\/482554"}],"wp:attachment":[{"href":"https:\/\/www.europesays.com\/fr\/wp-json\/wp\/v2\/media?parent=482553"}],"wp:term":[{"taxonomy":"category","embeddable":true,"href":"https:\/\/www.europesays.com\/fr\/wp-json\/wp\/v2\/categories?post=482553"},{"taxonomy":"post_tag","embeddable":true,"href":"https:\/\/www.europesays.com\/fr\/wp-json\/wp\/v2\/tags?post=482553"}],"curies":[{"name":"wp","href":"https:\/\/api.w.org\/{rel}","templated":true}]}}