{"id":482561,"date":"2025-10-22T18:09:14","date_gmt":"2025-10-22T18:09:14","guid":{"rendered":"https:\/\/www.europesays.com\/fr\/482561\/"},"modified":"2025-10-22T18:09:14","modified_gmt":"2025-10-22T18:09:14","slug":"sortir-a-toulouse-stomp-breakdance-vins-et-terroirs-10-idees-a-ne-pas-rater-pour-ce-week-end","status":"publish","type":"post","link":"https:\/\/www.europesays.com\/fr\/482561\/","title":{"rendered":"Sortir \u00e0 Toulouse. Stomp, breakdance, vins et terroirs&#8230; 10 id\u00e9es \u00e0 ne pas rater pour ce week-end"},"content":{"rendered":"<p>            Par<br \/>\n        <strong><br \/>\n            <a href=\"https:\/\/actu.fr\/auteur\/gabriel-kenedi\" title=\"Consulter tous les articles de Gabriel Kenedi\" target=\"_blank\" rel=\"noopener\">Gabriel Kenedi<\/a><br \/>\n        <\/strong><\/p>\n<p>        Publi\u00e9 le<\/p>\n<p>            22 oct. 2025 \u00e0 19h32        <\/p>\n<p>La folie <strong>Indochine<\/strong> va \u00e0 nouveau d\u00e9ferler <a href=\"https:\/\/actu.fr\/toulouse\/loisirs-culture\" target=\"_blank\" rel=\"noopener\">sur Toulouse<\/a>, vendredi 24 et samedi 25 octobre 2025 :<strong> le groupe culte emmen\u00e9 par Nicola Sirkis sera au Z\u00e9nith de Toulouse<\/strong> pour deux shows tr\u00e8s attendus (et d\u00e9j\u00e0 archi-complets). Pour le reste, que faire ce week-end sur le plan \u00e9v\u00e9nementiel et culturel de la Ville rose ? On a s\u00e9lectionn\u00e9 pour vous <strong>10 id\u00e9es de sorties <\/strong>(spectacles, salons et autres shows) \u00e0 ne pas manquer ! Suivez le guide !<\/p>\n<p>#1. Un (double) salon pour les gourmands avec 350 exposants<br \/>\n    <img   decoding=\"async\" loading=\"lazy\" src=\"https:\/\/www.europesays.com\/fr\/wp-content\/uploads\/2025\/10\/photo-vins-et-terroirs-960x640.jpg\" alt=\"Plusieurs producteurs pr\u00e9senteront leurs produits.\" width=\"960\" height=\"640\"\/><br \/>\n    C\u2019est le retour du salon Vins &amp; Terroirs \u00e0 Toulouse qui se d\u00e9roule en m\u00eame temps que le salon Chocolat &amp; Gourmandises. (\u00a9Vins et terroirs)<\/p>\n<p class=\" wall-content\">C\u2019est l\u2019\u00e9v\u00e9nement du week-end au MEETT, le parc des expositions de Toulouse M\u00e9tropole situ\u00e9 \u00e0 Aussonne. Du 24 au 26 octobre, les Salons Vins &amp; Terroirs et Chocolat &amp; Gourmandises sont de retour. V\u00e9ritable institution, l\u2019\u00e9v\u00e9nement avait attir\u00e9 <strong>plus de 35 000 visiteurs<\/strong> lors de sa pr\u00e9c\u00e9dente \u00e9dition.\u00a0<\/p>\n<p class=\" wall-content\">\u00c0 l\u2019occasion de ce double salon, <strong>plus de 350 exposants seront r\u00e9unis<\/strong> pour partager, avec un public aussi curieux que fin gourmet, leur passion et faire d\u00e9guster leurs produits. <strong>210 vignerons<\/strong> issus de toutes les r\u00e9gions viticoles fran\u00e7aises et, en prime cette ann\u00e9e, une s\u00e9lection in\u00e9dite de vins internationaux du Portugal, d\u2019Italie, d\u2019Argentine ou du Chili pour enrichir la d\u00e9couverte et \u00e9toffer les caves des connaisseurs.<\/p>\n<p class=\" wall-content\">Aussi, les amateurs de terroir se r\u00e9galeront gr\u00e2ce aux 75 exposants passionn\u00e9s. Sans oublier les plus de 50 chocolatiers et artisans qui seront install\u00e9s dans les all\u00e9es du MEETT de Toulouse, dont de grandes maisons toulousaines : Bello &amp; Angeli, Barrelle, La Compagnie du Chocolat, Salon Cacao\u2019T, De La F\u00e8ve au Palais, Fr\u00e9d\u00e9ric Lopez, ou encore les Tabliers Toqu\u00e9s. Immanquable !\u00a0<\/p>\n<p>Les Salons Vins &amp; Terroirs et Chocolat &amp; Gourmandises. Du vendredi 24 (nocturne) au dimanche 26 octobre 2025. Vendredi de 11h \u00e0 21h30 \u2013 Samedi et dimanche de 10h \u00e0 19h. Tarif classique : 7 \u20ac. Gratuit pour les enfants de moins de 10 ans. <a href=\"https:\/\/www.salon-vins-terroirs-toulouse.com\/fr\/billetterie\" target=\"_blank\" rel=\"noopener\">Billetterie \u00e0 retrouver ici<\/a>.<\/p>\n<p>Votre r\u00e9gion, votre actu !<\/p>\n<p>Recevez chaque jour les infos qui comptent pour vous.<\/p>\n<p>\t<a href=\"https:\/\/actu.fr\/newsletter\" class=\"ac-btn ac-btn--corner ac-btn--medium ac-btn--blue800\" target=\"_blank\" rel=\"noopener\">S&rsquo;incrire<\/a><br \/>\n#2. Du breakdance au Palais des Sports<br \/>\n    <img   decoding=\"async\" loading=\"lazy\" src=\"https:\/\/www.europesays.com\/fr\/wp-content\/uploads\/2025\/10\/mastersallstars-c-eduardo-b-960x640.jpeg\" alt=\"Le Troph\u00e9e Masters AllStars va avoir lieu au Palais des Sports, dimanche 26 octobre 2025.\" width=\"960\" height=\"640\"\/><br \/>\n    Le Troph\u00e9e Masters AllStars va avoir lieu au Palais des Sports, dimanche 26 octobre 2025. (\u00a9Eduardo-b)<\/p>\n<p class=\" wall-content\">Pens\u00e9 comme un pont entre cultures urbaines et grand public, le Troph\u00e9e Masters All Stars <strong>m\u00eale danse, musique live, DJ et MC<\/strong> pour une exp\u00e9rience sc\u00e9nique spectaculaire et f\u00e9d\u00e9ratrice. Diff\u00e9rents breakers du monde entier s\u2019affronteront en battle, dont les tr\u00e8s c\u00e9l\u00e8bres Sud-Cor\u00e9ens Jinjo, les Br\u00e9siliens From Favela ou encore les R\u00e9unionnais On Off, pour ne citer qu\u2019eux.<\/p>\n<p class=\" wall-content\">Les Toulousains seront \u00e9galement repr\u00e9sent\u00e9s, avec le crew Weasel\u2019z ! D\u2019un point de vue musical, deux showcases exclusifs seront offerts au public. Gradur, figure incontournable du rap fran\u00e7ais, ainsi que Kokosvoice du groupe Triangle des Bermudes, r\u00e9v\u00e9lation musicale du moment avec leur tube \u201cCharger\u201d. Des DJ sets seront \u00e9galement assur\u00e9s par William NC &amp; Jaja. Un sacr\u00e9 show en perspective !<\/p>\n<p>Dimanche 26 octobre, au Palais des Sports Andr\u00e9 Brouat. Ouverture des portes \u00e0 17h, pour <a href=\"https:\/\/www.oandb.fr\/fr\/event\/trophee-masters-all-stars-dimanche-26-octobre-2025\" target=\"_blank\" rel=\"noopener\">un tarif unique \u00e0 25 \u20ac<\/a>.#3. Stomp, six spectacles au Casino Barri\u00e8re<br \/>\n    <img   decoding=\"async\" loading=\"lazy\" src=\"https:\/\/www.europesays.com\/fr\/wp-content\/uploads\/2025\/10\/photo-2-stomp-c-dr-960x640.jpg\" alt=\"Stomp.\" width=\"960\" height=\"640\"\/><br \/>\n    Stomp va faire le show \u00e0 Toulouse. (\u00a9DR)<\/p>\n<p class=\" wall-content\">V\u00e9ritable ph\u00e9nom\u00e8ne mondial, STOMP a \u00e9t\u00e9 vu par <strong>plus de 15 millions de spectateurs \u00e0 travers le monde<\/strong>. La sensationnelle troupe de percussionnistes britannique propose un cocktail irr\u00e9sistible de percussions, de danse, de th\u00e9\u00e2tre et de com\u00e9die avec une bande-son enivrante inspir\u00e9e par l\u2019agitation du quotidien. \u00c0 la fois musiciens, danseurs et acrobates, ces huit artistes transforment n\u2019importe quel objet en machine \u00e0 rythmes : des balais, des couvercles de poubelles, des zippo et m\u00eame un \u00e9vier pour faire r\u00e9sonner des rythmes euphoriques s\u00e9duisant un public de tous les \u00e2ges.\u00a0<\/p>\n<p>Du jeudi 23 au dimanche 26 octobre. Tarifs : 43,20 \u00e0 55,20 \u20ac.\u00a0<\/p>\n<p>#4. Les 24 heures de l\u2019accord\u00e9on\u00a0<br \/>\n    <img   decoding=\"async\" loading=\"lazy\" src=\"https:\/\/www.europesays.com\/fr\/wp-content\/uploads\/2025\/10\/img-8955-960x640.jpg\" alt=\"Le 17 mai, \u00e7a va guincher chez les seniors...\" width=\"960\" height=\"640\"\/><br \/>\n    La Cave Po\u00e9sie accueille les 24 heures de l\u2019accord\u00e9on. (\u00a9Illustration Fabien Hisbacq \u2013 Actu Occitanie)<\/p>\n<p class=\" wall-content\">C\u2019est<strong> un marathon atypique<\/strong> que propose la Cave Po\u00e9sie avec les 24 heures de l\u2019accord\u00e9on. \u00ab Comme vous \u00eates de plus en plus \u00e0 courir \u00e0 nos c\u00f4t\u00e9s ce marathon hors normes, le parcours s\u2019agrandit et la course passera m\u00eame par la Chapelle des Carm\u00e9lites. Pendant 25h non-stop de 18h \u00e0 18h \u00bb.\u00a0 Et il y aura toujours de quoi se restaurer \u00e0 mi-parcours, de quoi boire tout le long de la course.<\/p>\n<p>Organis\u00e9 par la Cave Po\u00e9sie. Le samedi 25 et dimanche 26 octobre 2025. Prix libre. <a href=\"https:\/\/www.cave-poesie.com\/\" target=\"_blank\" rel=\"noopener\">Plus d\u2019infos \u00e0 retrouver ici<\/a>.#5. Origines Contr\u00f4l\u00e9es, soir\u00e9e de cl\u00f4ture<\/p>\n<p class=\" wall-content\">Origines Contr\u00f4l\u00e9es (fond\u00e9 par le Tactikollectif) propose \u00ab\u00a0une soir\u00e9e qui claque, qui rassemble et qui fait du bien\u00a0\u00bb pour cl\u00f4turer le festival. Au programme ? <strong>Rock, cha\u00e2bi, chant berb\u00e8re, rap et blues du d\u00e9sert<\/strong> : trois groupes (Tiwiza, Anzul Project et Chorale Thifirellasses), trois univers, un m\u00eame souffle de libert\u00e9. Entre traditions revisit\u00e9es et \u00e9chos du pr\u00e9sent, la culture kabyle se chante, se danse, se vit\u2026 en live.<\/p>\n<p>Samedi 25 octobre, \u00e0 20 h au Centre culturel Renan. Entr\u00e9e : 10 \u20ac en pr\u00e9vente \/ 12 \u20ac sur place<\/p>\n<p>#6. Yam\u00ea en concert au Bikini<br \/>\n    <img   decoding=\"async\" loading=\"lazy\" src=\"https:\/\/www.europesays.com\/fr\/wp-content\/uploads\/2025\/10\/ae50b1d6c4c56e260b1d6c4c5b660bv-960x640.jpg\" alt=\"Yam\u00ea, la r\u00e9v\u00e9lation masculine de l'ann\u00e9e des Victoires de la musique 2024, se produira aux Rendez-vous Soniques, le samedi 9 novembre, et il reste des places.\" width=\"960\" height=\"640\"\/><br \/>\n    Yam\u00ea, la r\u00e9v\u00e9lation masculine de l\u2019ann\u00e9e des Victoires de la musique 2024, se produira au Bikini. (\u00a9Ojoz.)<\/p>\n<p class=\" wall-content\">Au Bikini, c\u2019est<strong> l\u2019un des artistes les plus \u00ab c\u00f4t\u00e9s \u00bb de sa g\u00e9n\u00e9ration<\/strong>. Yam\u00ea avait marqu\u00e9 les esprits avec \u00ab B\u00e9cane \u00bb. Il a depuis encha\u00een\u00e9 avec son album Ebem dans lequel il fait d\u00e9couvrir un univers m\u00ealant chanson fran\u00e7aise, jazz, rap et sonorit\u00e9s africaines. Sur sc\u00e8ne, sa voix puissante et son aisance naturelle lui donnent une pr\u00e9sence unique.<\/p>\n<p>Le samedi 25 octobre, \u00e0 19h30, au <a href=\"https:\/\/lebikini.com\/2025\/10\/25\/yame\" target=\"_blank\" rel=\"noopener\">Bikini<\/a>. Tarifs : 30 \u00e0 34 \u20ac.#7. Mahaut Drama \u00e0 Altigone\u00a0<\/p>\n<p class=\" wall-content\"><strong>Mahaut Drama, connue pour son talent de chroniqueuse (sur France Inter)<\/strong> et son humour incisif, se produit sur la sc\u00e8ne d\u2019Altigone (Saint-Orens) avec son spectacle intitul\u00e9 \u00ab\u00a0Drama Queen\u00a0\u00bb. Dans son one-woman-show, l\u2019humoriste engag\u00e9e met en avant des anecdotes du quotidien et des th\u00e9matiques contemporaines avec l\u00e9g\u00e8ret\u00e9 et un regard souvent d\u00e9cal\u00e9.<\/p>\n<p>Le samedi 25 octobre, \u00e0 20h30, \u00e0 Altigone. Tarif : 34 \u20ac.<\/p>\n<p>#8. Guignol au Z\u00e9nith\u00a0<\/p>\n<p class=\" wall-content\">Pendant les vacances d\u2019automne,<strong> Guignol pose son chapiteau au Jardin des Plantes<\/strong> !\u00a0 Les enfants seront enchant\u00e9s de retrouver leurs h\u00e9ros pr\u00e9f\u00e9r\u00e9s : Winnie l\u2019Ourson, Pinocchio, Peter Pan, la Reine des Neiges et la Pat\u2019 Patrouille. Un spectacle de marionnettes plein de rires et de complicit\u00e9, \u00e0 partager en famille.\u00a0<\/p>\n<p>Au Jardin des Plantes. Deux spectacles selon les jours (15h et 16h30). Tarif : 8 \u20ac. Pas de r\u00e9servation en ligne.<\/p>\n<p>#9. Jean-Baptiste Mazoyer au Bascala<\/p>\n<p class=\" wall-content\">Avec Le Ma\u00eetre du Jeu, Jean-Baptiste Mazoyer revisite les codes du jeu de r\u00f4le pour en faire un spectacle aussi interactif qu\u2019hilarant. Sur sc\u00e8ne, pas de quatri\u00e8me mur : c\u2019est le public qui d\u00e9cide de la suite de l\u2019aventure. Improvisation, narration et humour se combinent \u00e0 merveille pour cr\u00e9er une aventure unique \u00e0 chaque repr\u00e9sentation. Un spectacle o\u00f9 le h\u00e9ros\u2026 c\u2019est vous !<\/p>\n<p>Le samedi 25 octobre, \u00e0 20h45. Tarifs : 18 \u00e0 22 \u20ac.<\/p>\n<p>#10. Un spectacle immersif au Ges\u00f9<\/p>\n<p class=\" wall-content\">Apr\u00e8s avoir \u00e9merveill\u00e9 plus de 1,8 million de spectateurs \u00e0 travers l\u2019Europe, \u00ab\u00a0Genesis\u00a0\u00bb arrive \u00e0 Toulouse \u00e0 partir du vendredi 24 octobre. Cette exp\u00e9rience immersive, sign\u00e9e Projektil et Fever, transforme l\u2019\u00e9glise du Ges\u00f9 en un th\u00e9\u00e2tre de lumi\u00e8re et de son, pour une plong\u00e9e dans l\u2019origine de l\u2019univers. Durant 30 minutes, les visiteurs assistent \u00e0 un spectacle de vid\u00e9o mapping 3D qui s\u2019annonce spectaculaire.\u00a0<\/p>\n<p>\u00c9glise du Ges\u00f9. Du 24 octobre au 21 d\u00e9cembre. Infos et billetterie <a href=\"https:\/\/feverup.com\/m\/268935?_gl=1*1usakv7*_up*MQ..*_ga*MTk5ODM2MjA5MC4xNzYxMTI3Mjgx*_ga_L4M4ND4NG4*czE3NjExMjcyODAkbzEkZzAkdDE3NjExMjcyODAkajYwJGwwJGg5NjI1MDg2MzM.\" target=\"_blank\" rel=\"noopener\">sur le site de Fever<\/a>.<\/p>\n<p class=\" wall-content\">Personnalisez votre actualit\u00e9 en ajoutant vos villes et m\u00e9dias en favori avec <a href=\"https:\/\/moncompte.actu.fr\" title=\"D\u00e9couvez Mon Actu\" rel=\"nofollow noopener\" data-trk=\"{&quot;cta&quot;:{&quot;action&quot;:&quot;https:\\\/\\\/moncompte.actu.fr&quot;,&quot;category&quot;:&quot;mon compte&quot;,&quot;from&quot;:&quot;article footer&quot;,&quot;name&quot;:&quot;Mon actu&quot;,&quot;type&quot;:&quot;cta&quot;}}\" target=\"_blank\">Mon Actu<\/a>.<\/p>\n","protected":false},"excerpt":{"rendered":"Par Gabriel Kenedi Publi\u00e9 le 22 oct. 2025 \u00e0 19h32 La folie Indochine va \u00e0 nouveau d\u00e9ferler sur&hellip;\n","protected":false},"author":2,"featured_media":482562,"comment_status":"","ping_status":"","sticky":false,"template":"","format":"standard","meta":{"footnotes":""},"categories":[2816],"tags":[1111,11,1777,674,1011,27,1652,12,2680,25,1341,2312],"class_list":{"0":"post-482561","1":"post","2":"type-post","3":"status-publish","4":"format-standard","5":"has-post-thumbnail","7":"category-toulouse","8":"tag-actu","9":"tag-actualites","10":"tag-eu","11":"tag-europe","12":"tag-fr","13":"tag-france","14":"tag-loisirs-culture","15":"tag-news","16":"tag-occitanie","17":"tag-republique-francaise","18":"tag-sortir-a-toulouse","19":"tag-toulouse"},"share_on_mastodon":{"url":"https:\/\/pubeurope.com\/@fr\/115419163933761817","error":""},"_links":{"self":[{"href":"https:\/\/www.europesays.com\/fr\/wp-json\/wp\/v2\/posts\/482561","targetHints":{"allow":["GET"]}}],"collection":[{"href":"https:\/\/www.europesays.com\/fr\/wp-json\/wp\/v2\/posts"}],"about":[{"href":"https:\/\/www.europesays.com\/fr\/wp-json\/wp\/v2\/types\/post"}],"author":[{"embeddable":true,"href":"https:\/\/www.europesays.com\/fr\/wp-json\/wp\/v2\/users\/2"}],"replies":[{"embeddable":true,"href":"https:\/\/www.europesays.com\/fr\/wp-json\/wp\/v2\/comments?post=482561"}],"version-history":[{"count":0,"href":"https:\/\/www.europesays.com\/fr\/wp-json\/wp\/v2\/posts\/482561\/revisions"}],"wp:featuredmedia":[{"embeddable":true,"href":"https:\/\/www.europesays.com\/fr\/wp-json\/wp\/v2\/media\/482562"}],"wp:attachment":[{"href":"https:\/\/www.europesays.com\/fr\/wp-json\/wp\/v2\/media?parent=482561"}],"wp:term":[{"taxonomy":"category","embeddable":true,"href":"https:\/\/www.europesays.com\/fr\/wp-json\/wp\/v2\/categories?post=482561"},{"taxonomy":"post_tag","embeddable":true,"href":"https:\/\/www.europesays.com\/fr\/wp-json\/wp\/v2\/tags?post=482561"}],"curies":[{"name":"wp","href":"https:\/\/api.w.org\/{rel}","templated":true}]}}