{"id":482563,"date":"2025-10-22T18:10:13","date_gmt":"2025-10-22T18:10:13","guid":{"rendered":"https:\/\/www.europesays.com\/fr\/482563\/"},"modified":"2025-10-22T18:10:13","modified_gmt":"2025-10-22T18:10:13","slug":"apres-setre-balade-avec-un-maillot-floque-arracheur-2-kippa-il-prend-six-mois-de-prison-avec-sursis","status":"publish","type":"post","link":"https:\/\/www.europesays.com\/fr\/482563\/","title":{"rendered":"Apr\u00e8s s\u2019\u00eatre balad\u00e9 avec un maillot floqu\u00e9 \u00ab\u00a0arracheur 2 kippa\u00a0\u00bb, il prend six mois de prison avec sursis"},"content":{"rendered":"<p>Un habit qui semblait \u00ab\u00a0dr\u00f4le\u00a0\u00bb \u00e0 endosser. Le porteur d\u2019un maillot de foot floqu\u00e9 du message \u00ab\u00a0Arracheur 2 <a href=\"https:\/\/www.20minutes.fr\/societe\/1765607-20160113-represente-port-kippa-juifs\" class=\"c-link c-link--is-underlined\" target=\"_blank\" rel=\"noopener\">kippa<\/a>\u00a0\u00bb a \u00e9t\u00e9 condamn\u00e9 ce mercredi \u00e0 Toulouse pour provocation \u00e0 la <a href=\"https:\/\/www.20minutes.fr\/justice\/2945207-20210105-toulouse-imam-empalot-renvoye-correctionnelle-incitation-haine-apres-propos-juifs\" class=\"c-link c-link--is-underlined\" target=\"_blank\" rel=\"noopener\">haine raciale<\/a> \u00e0 six mois de prison avec sursis, un acte antis\u00e9mite d\u00e9nonc\u00e9 par le parquet et pour lequel le pr\u00e9venu a pr\u00e9sent\u00e9 des excuses.<\/p>\n<p>\u00ab\u00a0Je trouvais \u00e7a dr\u00f4le jusqu\u2019\u00e0 ce que je me retrouve ici\u00a0\u00bb, a affirm\u00e9 cet homme de 28 ans, p\u00e8re de deux jeunes enfants, dont le casier judiciaire porte mention de sept condamnations.<\/p>\n<p>\u00ab\u00a0J\u2019ai \u00e9t\u00e9 nul\u00a0\u00bb<\/p>\n<p>\u00ab\u00a0Je tiens \u00e0 m\u2019excuser aupr\u00e8s des Juifs, j\u2019ai \u00e9t\u00e9 nul, je comprends que \u00e7a ait \u00e9t\u00e9 per\u00e7u comme de la violence\u00a0\u00bb, a-t-il ajout\u00e9, qualifiant son geste de \u00ab\u00a0blague de merde\u00a0\u00bb.<\/p>\n<p>L\u2019homme, employ\u00e9 en int\u00e9rim, avait \u00e9t\u00e9 aper\u00e7u d\u00e9but septembre \u00e0 la terrasse d\u2019un caf\u00e9 tr\u00e8s fr\u00e9quent\u00e9 du centre-ville de Toulouse avec ce maillot de l\u2019\u00e9quipe d\u2019Allemagne, floqu\u00e9 du message dans le dos. Un membre de la communaut\u00e9 juive locale l\u2019avait pris en photo.<\/p>\n<p>Salut nazi<\/p>\n<p>Des investigations diligent\u00e9es par le parquet de Toulouse ont permis de rapidement l\u2019identifier, tout comme de retrouver sur son compte TikTok une vid\u00e9o le montrant de dos, avec le m\u00eame maillot et faisant un salut nazi, au son de la musique du film Rabbi Jacob.<\/p>\n<p>A la barre, l\u2019homme, baskets blanches, pantalon style treillis et coupe-vent \u00e0 capuche, a expliqu\u00e9 avoir pens\u00e9 \u00e0 un tel message du fait de la \u00ab\u00a0culture du buzz sur TikTok\u00a0\u00bb, en se d\u00e9fendant d\u2019\u00eatre antis\u00e9mite et affirmant compter des Juifs parmi les membres de sa famille.<\/p>\n<p>Conflit au Proche-Orient<\/p>\n<p>\u00ab\u00a0Le tribunal a beaucoup de mal \u00e0 comprendre, dans le contexte national et international que tout le monde conna\u00eet\u00a0\u00bb, lui a r\u00e9pondu le magistrat pr\u00e9sidant les d\u00e9bats, dans une allusion aux tensions existant en France en lien avec le conflit au Proche-Orient.<\/p>\n<\/p>\n<p>La juridiction a int\u00e9gralement suivi les r\u00e9quisitions de la procureure de la R\u00e9publique C\u00e9line Pag\u00e8s qui, outre une peine de six mois avec sursis probatoire pendant deux ans, avait \u00e9galement demand\u00e9 que le pr\u00e9venu soit condamn\u00e9 \u00e0 140 heures de travail d\u2019int\u00e9r\u00eat g\u00e9n\u00e9ral et \u00e0 indemniser les parties civiles.<\/p>\n<p>\u00ab\u00a0Banalit\u00e9 du mal\u00a0\u00bb<\/p>\n<p>Le caract\u00e8re antis\u00e9mite du message est \u00e9tabli \u00ab\u00a0sans contestation possible\u00a0\u00bb et il constitue en outre une \u00ab\u00a0apologie de la violence physique\u00a0\u00bb, a d\u00e9clar\u00e9 C\u00e9line Pag\u00e8s.<\/p>\n<p>Six associations se sont constitu\u00e9es parties civiles dans cette affaire, dont le Conseil repr\u00e9sentatif des institutions juives de France (Crif) Toulouse et la Ligue internationale contre le racisme et l\u2019antis\u00e9mitisme (Licra).<\/p>\n<p>Condamnation \u00e0 indemniser des associations<\/p>\n<p>Leur avocat, Me Marc Sztulman, a notamment \u00e9voqu\u00e9 le concept de \u00ab\u00a0banalit\u00e9 du mal\u00a0\u00bb, d\u00e9velopp\u00e9 par la philosophe Hannah Arendt dans son livre sur le proc\u00e8s \u00e0 J\u00e9rusalem d\u2019un des architectes de la Solution finale, Adolf Eichmann. \u00ab\u00a0La banalit\u00e9 du mal, on la retrouve \u00e0 la terrasse d\u2019un caf\u00e9 toulousain en\u00a02025\u00a0\u00bb, a-t-il notamment plaid\u00e9.<\/p>\n<p><a href=\"https:\/\/www.20minutes.fr\/dossier\/antisemitisme\" class=\"c-link c-btn c-btn--primary\" target=\"_blank\" rel=\"noopener\">Notre dossier Antis\u00e9mitisme<\/a><\/p>\n<p>Le tribunal a condamn\u00e9 le pr\u00e9venu \u00e0 indemniser les associations \u00e0 hauteur de 1.000 euros chacune et \u00e0 leur payer individuellement 800 euros au titre des frais de justice.<\/p>\n<p>\u00ab\u00a0Je suis tr\u00e8s satisfait de la d\u00e9cision du tribunal\u00a0\u00bb, a d\u00e9clar\u00e9 \u00e0 l\u2019AFP Franck Touboul, pr\u00e9sident du Crif Toulouse, \u00e0 l\u2019issue du d\u00e9lib\u00e9r\u00e9, jugeant essentiel \u00ab\u00a0que l\u2019Etat de droit puisse rappeler \u00e0 chaque fois que c\u2019est possible qu\u2019une <a href=\"https:\/\/www.20minutes.fr\/societe\/4132067-20250105-infraction-peut-couter-cher-debut-janvier\" class=\"c-link c-link--is-underlined\" target=\"_blank\" rel=\"noopener\">infraction<\/a> portant atteinte \u00e0 l\u2019int\u00e9grit\u00e9 morale, physique, religieuse de chaque personne dans l\u2019espace public, doit \u00eatre sanctionn\u00e9e\u00a0\u00bb.<\/p>\n","protected":false},"excerpt":{"rendered":"Un habit qui semblait \u00ab\u00a0dr\u00f4le\u00a0\u00bb \u00e0 endosser. Le porteur d\u2019un maillot de foot floqu\u00e9 du message \u00ab\u00a0Arracheur 2&hellip;\n","protected":false},"author":2,"featured_media":482564,"comment_status":"","ping_status":"","sticky":false,"template":"","format":"standard","meta":{"footnotes":""},"categories":[2816],"tags":[1111,11,6155,4073,7613,3259,26121,1777,674,118,6738,1011,27,2722,5005,303,47049,19553,2721,12,2680,7612,1306,25,2439,2312],"class_list":{"0":"post-482563","1":"post","2":"type-post","3":"status-publish","4":"format-standard","5":"has-post-thumbnail","7":"category-toulouse","8":"tag-actu","9":"tag-actualites","10":"tag-antisemitisme","11":"tag-condamnation","12":"tag-conflit-au-proche-orient","13":"tag-conflit-israelo-palestinien","14":"tag-crif","15":"tag-eu","16":"tag-europe","17":"tag-faits-divers","18":"tag-faits-divers-toulouse","19":"tag-fr","20":"tag-france","21":"tag-haute-garonne","22":"tag-juif","23":"tag-justice","24":"tag-kippa","25":"tag-licra","26":"tag-midi-pyrenees","27":"tag-news","28":"tag-occitanie","29":"tag-proche-orient","30":"tag-regions","31":"tag-republique-francaise","32":"tag-tiktok","33":"tag-toulouse"},"share_on_mastodon":{"url":"https:\/\/pubeurope.com\/@fr\/115419167113207357","error":""},"_links":{"self":[{"href":"https:\/\/www.europesays.com\/fr\/wp-json\/wp\/v2\/posts\/482563","targetHints":{"allow":["GET"]}}],"collection":[{"href":"https:\/\/www.europesays.com\/fr\/wp-json\/wp\/v2\/posts"}],"about":[{"href":"https:\/\/www.europesays.com\/fr\/wp-json\/wp\/v2\/types\/post"}],"author":[{"embeddable":true,"href":"https:\/\/www.europesays.com\/fr\/wp-json\/wp\/v2\/users\/2"}],"replies":[{"embeddable":true,"href":"https:\/\/www.europesays.com\/fr\/wp-json\/wp\/v2\/comments?post=482563"}],"version-history":[{"count":0,"href":"https:\/\/www.europesays.com\/fr\/wp-json\/wp\/v2\/posts\/482563\/revisions"}],"wp:featuredmedia":[{"embeddable":true,"href":"https:\/\/www.europesays.com\/fr\/wp-json\/wp\/v2\/media\/482564"}],"wp:attachment":[{"href":"https:\/\/www.europesays.com\/fr\/wp-json\/wp\/v2\/media?parent=482563"}],"wp:term":[{"taxonomy":"category","embeddable":true,"href":"https:\/\/www.europesays.com\/fr\/wp-json\/wp\/v2\/categories?post=482563"},{"taxonomy":"post_tag","embeddable":true,"href":"https:\/\/www.europesays.com\/fr\/wp-json\/wp\/v2\/tags?post=482563"}],"curies":[{"name":"wp","href":"https:\/\/api.w.org\/{rel}","templated":true}]}}