{"id":482580,"date":"2025-10-22T18:20:13","date_gmt":"2025-10-22T18:20:13","guid":{"rendered":"https:\/\/www.europesays.com\/fr\/482580\/"},"modified":"2025-10-22T18:20:13","modified_gmt":"2025-10-22T18:20:13","slug":"la-bande-annonce-de-la-saison-5-entre-rome-et-paris-devoilee","status":"publish","type":"post","link":"https:\/\/www.europesays.com\/fr\/482580\/","title":{"rendered":"la bande-annonce de la saison 5, entre Rome et Paris, d\u00e9voil\u00e9e"},"content":{"rendered":"<p class=\"mb-4 text-lg md:leading-8 break-words\">La jeune Am\u00e9ricaine n&rsquo;en a pas fini avec ses p\u00e9rip\u00e9ties europ\u00e9ennes. Netflix vient de d\u00e9voiler la bande-annonce de la cinqui\u00e8me saison d&rsquo;Emily in Paris. Dans le premier aper\u00e7u, <a href=\"https:\/\/fr.news.yahoo.com\/emily-in-paris-premi%C3%A8res-images-090413563.html\" data-ylk=\"slk:Emily;elm:context_link;itc:0;sec:content-canvas;outcm:mb_qualified_link;_E:mb_qualified_link;ct:story;\" class=\"link  yahoo-link\" target=\"_blank\" rel=\"noopener\">Emily<\/a> d\u00e9ambule dans les ruelles romaines, navigue sur les canaux v\u00e9nitiens et retrouve les toits parisiens. Une itin\u00e9rance qui illustre le nouveau d\u00e9fi de l&rsquo;h\u00e9ro\u00efne incarn\u00e9e par Lily Collins: mener de front la direction du bureau romain de l&rsquo;agence Grateau tout en pr\u00e9servant ses attaches parisiennes.<\/p>\n<p class=\"mb-4 text-lg md:leading-8 break-words\">Emily dirige d\u00e9sormais l&rsquo;antenne romaine de l&rsquo;agence, apr\u00e8s avoir rencontr\u00e9 Marcello Muratori \u00e0 la fin de la saison pr\u00e9c\u00e9dente. Mais Paris reste dans la partie, comme le confirme le cr\u00e9ateur de la s\u00e9rie Darren Star, qui pr\u00e9cise qu&rsquo;Emily aura toujours une pr\u00e9sence dans la capitale fran\u00e7aise.<\/p>\n<p class=\"mb-4 text-lg md:leading-8 break-words\">L&rsquo;intrigue \u00e9voque les difficult\u00e9s professionnelles et sentimentales qui attendent l&rsquo;h\u00e9ro\u00efne dans sa nouvelle ville. Une mauvaise d\u00e9cision vient perturber le bureau, avec des r\u00e9percussions tant sur sa carri\u00e8re que sur ses relations amoureuses. Emily cherche la stabilit\u00e9 en adoptant un mode de vie \u00e0 la fran\u00e7aise, jusqu&rsquo;\u00e0 ce qu&rsquo;un secret menace l&rsquo;une de ses relations les plus proches.<\/p>\n<p>Le retour du casting et nouvelles t\u00eates<\/p>\n<p class=\"mb-4 text-lg md:leading-8 break-words\">Les personnages familiers seront de retour: Philippine Leroy-Beaulieu dans le r\u00f4le de Sylvie, Ashley Park en Mindy, Lucien Laviscount en Alfie, et les autres membres de l&rsquo;\u00e9quipe parisienne. Lucas Bravo reprend le r\u00f4le de Gabriel, malgr\u00e9 ses d\u00e9clarations critiques sur l&rsquo;\u00e9volution de son personnage lors de la promotion du film Libre. L&rsquo;acteur avait exprim\u00e9 le souhait de voir Gabriel gagner en complexit\u00e9, ce qui avait aliment\u00e9 les sp\u00e9culations sur son \u00e9ventuel d\u00e9part.<\/p>\n<p class=\"mb-4 text-lg md:leading-8 break-words\">Camille Razat, qui interpr\u00e9tait Camille, a en revanche quitt\u00e9 la s\u00e9rie pour se consacrer au cin\u00e9ma. Le casting accueille de nouveaux visages: <a href=\"https:\/\/fr.news.yahoo.com\/emily-in-paris-mich%C3%A8le-laroque-193157732.html\" data-ylk=\"slk:Mich\u00e8le Laroque;elm:context_link;itc:0;sec:content-canvas;outcm:mb_qualified_link;_E:mb_qualified_link;ct:story;\" class=\"link  yahoo-link\" target=\"_blank\" rel=\"noopener\">Mich\u00e8le Laroque<\/a> incarne Yvette, une vieille amie de Sylvie, tandis que Minnie Driver joue la Princesse Jane, une relation de Sylvie ayant \u00e9pous\u00e9 une famille royale. Bryan Greenberg rejoint \u00e9galement la distribution dans le r\u00f4le de Jake, un Am\u00e9ricain install\u00e9 \u00e0 Paris.<\/p>\n<p>Dans le top 10 dans 93 pays<\/p>\n<p class=\"mb-4 text-lg md:leading-8 break-words\">Lanc\u00e9e en octobre 2020 sur Netflix, Emily in Paris a rapidement conquis le public malgr\u00e9 les critiques fran\u00e7aises pointant les clich\u00e9s. La s\u00e9rie de Darren Star, \u00e9galement cr\u00e9ateur de Sex and the City, suit les aventures d&rsquo;Emily Cooper, jeune sp\u00e9cialiste du marketing de Chicago propuls\u00e9e dans une agence parisienne. La premi\u00e8re saison avait attir\u00e9 58 millions de spectateurs dans le monde, selon les chiffres communiqu\u00e9s par Netflix en mai 2021.<\/p>\n<p class=\"mb-4 text-lg md:leading-8 break-words\">La quatri\u00e8me saison, diffus\u00e9e en deux parties en ao\u00fbt et septembre 2024, a confirm\u00e9 le succ\u00e8s avec 19,9 millions de vues lors des quatre premiers jours suivant le lancement de la premi\u00e8re partie. La s\u00e9rie a rejoint le top 10 dans 93 pays. Cette r\u00e9ussite a conduit Netflix \u00e0 renouveler le programme pour une cinqui\u00e8me saison.<\/p>\n<p class=\"mb-4 text-lg md:leading-8 break-words\"><a href=\"https:\/\/www.bfmtv.com\/people\/series\/emily-in-paris-la-bande-annonce-de-la-saison-5-entre-rome-et-paris-devoilee_AN-202510220745.html#xtor=AL-68\" rel=\"nofollow noopener\" target=\"_blank\" data-ylk=\"slk:Article original publi\u00e9 sur BFMTV.com;elm:context_link;itc:0;sec:content-canvas\" class=\"link \">Article original publi\u00e9 sur BFMTV.com<\/a><\/p>\n","protected":false},"excerpt":{"rendered":"La jeune Am\u00e9ricaine n&rsquo;en a pas fini avec ses p\u00e9rip\u00e9ties europ\u00e9ennes. Netflix vient de d\u00e9voiler la bande-annonce de&hellip;\n","protected":false},"author":2,"featured_media":482581,"comment_status":"","ping_status":"","sticky":false,"template":"","format":"standard","meta":{"footnotes":""},"categories":[1888],"tags":[1111,1928,11,1927,50611,45147,11739,1777,674,1011,27,60588,12512,127,12,1926,626,1925,25],"class_list":{"0":"post-482580","1":"post","2":"type-post","3":"status-publish","4":"format-standard","5":"has-post-thumbnail","7":"category-paris","8":"tag-actu","9":"tag-actu-paris","10":"tag-actualites","11":"tag-actualites-paris","12":"tag-cinquieme-saison","13":"tag-emily","14":"tag-emily-in-paris","15":"tag-eu","16":"tag-europe","17":"tag-fr","18":"tag-france","19":"tag-la-cinquieme-saison","20":"tag-lily-collins","21":"tag-netflix","22":"tag-news","23":"tag-news-paris","24":"tag-paris","25":"tag-paris-news","26":"tag-republique-francaise"},"share_on_mastodon":{"url":"https:\/\/pubeurope.com\/@fr\/115419206381046739","error":""},"_links":{"self":[{"href":"https:\/\/www.europesays.com\/fr\/wp-json\/wp\/v2\/posts\/482580","targetHints":{"allow":["GET"]}}],"collection":[{"href":"https:\/\/www.europesays.com\/fr\/wp-json\/wp\/v2\/posts"}],"about":[{"href":"https:\/\/www.europesays.com\/fr\/wp-json\/wp\/v2\/types\/post"}],"author":[{"embeddable":true,"href":"https:\/\/www.europesays.com\/fr\/wp-json\/wp\/v2\/users\/2"}],"replies":[{"embeddable":true,"href":"https:\/\/www.europesays.com\/fr\/wp-json\/wp\/v2\/comments?post=482580"}],"version-history":[{"count":0,"href":"https:\/\/www.europesays.com\/fr\/wp-json\/wp\/v2\/posts\/482580\/revisions"}],"wp:featuredmedia":[{"embeddable":true,"href":"https:\/\/www.europesays.com\/fr\/wp-json\/wp\/v2\/media\/482581"}],"wp:attachment":[{"href":"https:\/\/www.europesays.com\/fr\/wp-json\/wp\/v2\/media?parent=482580"}],"wp:term":[{"taxonomy":"category","embeddable":true,"href":"https:\/\/www.europesays.com\/fr\/wp-json\/wp\/v2\/categories?post=482580"},{"taxonomy":"post_tag","embeddable":true,"href":"https:\/\/www.europesays.com\/fr\/wp-json\/wp\/v2\/tags?post=482580"}],"curies":[{"name":"wp","href":"https:\/\/api.w.org\/{rel}","templated":true}]}}