{"id":482588,"date":"2025-10-22T18:24:15","date_gmt":"2025-10-22T18:24:15","guid":{"rendered":"https:\/\/www.europesays.com\/fr\/482588\/"},"modified":"2025-10-22T18:24:15","modified_gmt":"2025-10-22T18:24:15","slug":"pourquoi-les-frappes-de-ce-mercredi-indignent-tout-particulierement","status":"publish","type":"post","link":"https:\/\/www.europesays.com\/fr\/482588\/","title":{"rendered":"Pourquoi les frappes de ce mercredi indignent tout particuli\u00e8rement"},"content":{"rendered":"<p>        <img decoding=\"async\" loading=\"lazy\" src=\"https:\/\/www.europesays.com\/fr\/wp-content\/uploads\/2025\/10\/6f95d66_upload-1-rqp56t0fm7jf-afp-20251022-79ll663-v1-midres-ukrainerussiaconflictwar.jpg\"  width=\"728\" height=\"410\" alt=\"Un sauveteur ukrainien \u00e9vacuant un enfant apr\u00e8s une attaque de drone qui a frapp\u00e9 une \u00e9cole maternelle \u00e0 Kharkiv. Photo diffus\u00e9e par les services d\u2019urgence ukrainiens, le 22\u00a0octobre 2025.\"\/>  <\/p>\n<p>HANDOUT \/ AFP<\/p>\n<p>Un sauveteur ukrainien \u00e9vacuant un enfant apr\u00e8s une attaque de drone qui a frapp\u00e9 une \u00e9cole maternelle \u00e0 Kharkiv. Photo diffus\u00e9e par les services d\u2019urgence ukrainiens, le 22\u00a0octobre 2025.<\/p>\n<p class=\"asset asset-text\">INTERNATIONAL &#8211; Une nouvelle sc\u00e8ne d\u2019horreur. T\u00f4t ce mercredi 22\u00a0octobre, <a href=\"https:\/\/www.huffingtonpost.fr\/international\/video\/ce-tunnel-trump-poutine-est-un-projet-fou-mais-il-est-loin-de-deplaire-au-president-americain_256128.html\" target=\"_blank\" rel=\"noopener nofollow\" title=\"Nouvelle fen\u00eatre\">la Russie<\/a> a lanc\u00e9 une attaque a\u00e9rienne g\u00e9n\u00e9ralis\u00e9e <a href=\"https:\/\/www.huffingtonpost.fr\/international\/article\/guerre-en-ukraine-colere-de-l-onu-apres-l-attaque-d-un-de-ses-convois-humanitaires_255981.html\" target=\"_blank\" rel=\"noopener nofollow\" title=\"Nouvelle fen\u00eatre\">sur l\u2019Ukraine<\/a> dans laquelle une \u00e9cole maternelle a \u00e9t\u00e9 touch\u00e9e. Au moment de l\u2019attaque, 48\u00a0enfants se trouvaient \u00e0 l\u2019int\u00e9rieur du b\u00e2timent, situ\u00e9 <a href=\"https:\/\/www.huffingtonpost.fr\/international\/article\/guerre-en-ukraine-cinq-morts-cote-ukrainien-apres-des-frappes-d-ampleur-sur-kharkiv-et-kherson_251052.html\" target=\"_blank\" rel=\"noopener nofollow\" title=\"Nouvelle fen\u00eatre\">\u00e0 Kharkiv<\/a>, la deuxi\u00e8me ville de pays, rapporte <a href=\"https:\/\/www.euronews.com\/2025\/10\/22\/russian-strike-hits-kharkiv-kindergarten-children-evacuated-amid-blaze\" target=\"_blank\" rel=\"noopener nofollow\" title=\"Nouvelle fen\u00eatre\">Euro News.<\/a><\/p>\n<p class=\"asset asset-text\">Les \u00e9l\u00e8ves ont \u00e9t\u00e9 emmen\u00e9s aussi rapidement que possible vers des abris antia\u00e9riens par leurs enseignants, a rapport\u00e9 plus tard dans la journ\u00e9e le maire de la ville, Ihor Terekhov. Si les enfants sont sains et saufs, sept adultes ont \u00e9t\u00e9 bless\u00e9s et une personne a \u00e9t\u00e9 tu\u00e9e.<\/p>\n<p class=\"asset asset-text\">\u00ab\u00a0Rien ne justifie une frappe de drone sur une<a href=\"https:\/\/www.huffingtonpost.fr\/faits-divers\/article\/une-assistante-d-ecole-maternelle-mise-en-examen-pour-viols-et-agressions-sexuelles-sur-9-enfants_253152.html\" rel=\"nofollow noopener\" target=\"_blank\"> \u00e9cole maternelle<\/a>, et rien ne pourra jamais le justifier\u00a0\u00bb, a d\u00e9nonc\u00e9 dans la matin\u00e9e sur X le pr\u00e9sident ukrainien, <a href=\"https:\/\/www.huffingtonpost.fr\/international\/article\/guerre-en-ukraine-zelensky-et-ses-allies-font-bloc-sur-la-question-territoriale-face-aux-pressions-de-trump_256226.html\" rel=\"nofollow noopener\" target=\"_blank\">Volodymyr Zelensky<\/a>, en partageant plusieurs photos de pompiers transportant de jeunes enfants. Sur ces clich\u00e9s, on voit \u00e9galement l\u2019\u00e9cole maternelle touch\u00e9e, donc le toit a compl\u00e8tement br\u00fbl\u00e9 et les fen\u00eatres sont effondr\u00e9es.<\/p>\n<p class=\"asset asset-text\">Le maire de Kharkiv a \u00e9galement d\u00e9clar\u00e9 que \u00ab\u00a0L\u2019horreur que nous avons tous v\u00e9cue, en particulier les parents, pendant ces quelques minutes o\u00f9 personne ne savait si tout le monde \u00e9tait en vie, restera \u00e0 jamais grav\u00e9e dans nos m\u00e9moires.\u00a0\u00bb \u00ab\u00a0Heureusement, tous les enfants ont pu \u00eatre \u00e9vacu\u00e9s. La cruaut\u00e9 de la Russie n\u2019a pas de limite\u00a0\u00bb, a \u00e9crit de son c\u00f4t\u00e9 la Premi\u00e8re ministre de l\u2019Ukraine, <a href=\"https:\/\/www.huffingtonpost.fr\/international\/article\/en-ukraine-le-choix-de-la-nouvelle-premiere-ministre-dit-beaucoup-du-moment-de-bascule_252717.html\" rel=\"nofollow noopener\" target=\"_blank\">Yulia Svyrydenko.<\/a><\/p>\n<p> La lecture de ce contenu est susceptible d\u2019entra\u00eener un d\u00e9p\u00f4t de cookies de la part de l\u2019op\u00e9rateur tiers qui l\u2019h\u00e9berge. Compte-tenu des choix que vous avez exprim\u00e9s en mati\u00e8re de d\u00e9p\u00f4t de cookies, nous avons bloqu\u00e9 l\u2019affichage de ce contenu. Si vous souhaitez y acc\u00e9der, vous devez accepter la cat\u00e9gorie de cookies \u201cContenus tiers\u201d en cliquant sur le bouton ci-dessous. <\/p>\n<p> Lire la Vid\u00e9o        <\/p>\n<p class=\"asset asset-text\">\u00ab\u00a0Apr\u00e8s une nouvelle nuit de frappes meurtri\u00e8res en Ukraine, c\u2019est un jardin d\u2019enfants que les drones du Kremlin ont pris pour cible ce matin\u00a0\u00bb, a d\u00e9plor\u00e9 sur X le Ministre fran\u00e7ais des Affaires \u00e9trang\u00e8res, <a href=\"https:\/\/www.huffingtonpost.fr\/politique\/article\/sur-le-pavoisement-des-drapeaux-palestiniens-en-mairie-la-defausse-de-jean-noel-barrot-en-dit-long_255106.html\" rel=\"nofollow noopener\" target=\"_blank\">Jean No\u00ebl Barrot.<\/a> \u00ab\u00a0Halte \u00e0 cette cruaut\u00e9 sans limite. Cessez-le-feu\u00a0\u00bb, a-t-il ajout\u00e9.<\/p>\n<p> La lecture de ce contenu est susceptible d\u2019entra\u00eener un d\u00e9p\u00f4t de cookies de la part de l\u2019op\u00e9rateur tiers qui l\u2019h\u00e9berge. Compte-tenu des choix que vous avez exprim\u00e9s en mati\u00e8re de d\u00e9p\u00f4t de cookies, nous avons bloqu\u00e9 l\u2019affichage de ce contenu. Si vous souhaitez y acc\u00e9der, vous devez accepter la cat\u00e9gorie de cookies \u201cContenus tiers\u201d en cliquant sur le bouton ci-dessous. <\/p>\n<p> Lire la Vid\u00e9o        La Russie multiplie les attaques sur le r\u00e9seau \u00e9lectrique    <\/p>\n<p class=\"asset asset-text\">La frappe qui a touch\u00e9 l\u2019\u00e9cole maternelle de Kharkiv fait partie d\u2019une attaque bien plus vaste. Volodymyr Zelensky a ainsi indiqu\u00e9 que les frappes russes qui ont eu lieu t\u00f4t ce mercredi ont touch\u00e9 une dizaine de r\u00e9gions.<\/p>\n<p class=\"asset asset-text\">Dans la nuit, les journalistes de l\u2019AFP \u00e0 Kiev ont entendu une dizaine d\u2019explosions et vu une colonne de fum\u00e9e s\u2019\u00e9levant au-dessus de la capitale, o\u00f9 deux personnes ont \u00e9t\u00e9 tu\u00e9es selon le maire Vitali Klitschko. \u00ab\u00a0Il y a eu un bruit (de drone) qui s\u2019est soudainement acc\u00e9l\u00e9r\u00e9, suivi d\u2019un boum. Je me suis lev\u00e9e d\u2019un bond (&#8230;) les fen\u00eatres ont vol\u00e9 en \u00e9clats\u00a0\u00bb, a racont\u00e9 \u00e0 l\u2019AFP une habitante, Mariana Gortchenko, technicienne dentaire de 41\u00a0ans.<\/p>\n<p class=\"asset asset-text\">\u00ab\u00a0Une nouvelle nuit qui prouve que la Russie ne ressent pas suffisamment de pression pour mettre fin \u00e0 la guerre\u00a0\u00bb, a d\u00e9nonc\u00e9 Volodymyr Zelensky, appelant les Europ\u00e9ens et Washington \u00e0 prendre \u00ab\u00a0des sanctions s\u00e9v\u00e8res\u00a0\u00bb.<\/p>\n<p class=\"asset asset-text\">La Russie multiplie depuis des semaines les frappes sur le r\u00e9seau \u00e9lectrique et les infrastructures gazi\u00e8res en Ukraine, provoquant r\u00e9guli\u00e8rement des coupures de courant \u00e0 l\u2019approche de l\u2019hiver. Apr\u00e8s les bombardements de ce mercredi, le minist\u00e8re ukrainien de l\u2019\u00c9nergie a annonc\u00e9 des coupures d\u2019urgence dans \u00ab\u00a0la plupart des r\u00e9gions\u00a0\u00bb.<\/p>\n","protected":false},"excerpt":{"rendered":"HANDOUT \/ AFP Un sauveteur ukrainien \u00e9vacuant un enfant apr\u00e8s une attaque de drone qui a frapp\u00e9 une&hellip;\n","protected":false},"author":2,"featured_media":482589,"comment_status":"","ping_status":"","sticky":false,"template":"","format":"standard","meta":{"footnotes":""},"categories":[1590],"tags":[11,1777,674,131,14,12,132,220],"class_list":{"0":"post-482588","1":"post","2":"type-post","3":"status-publish","4":"format-standard","5":"has-post-thumbnail","7":"category-ukraine","8":"tag-actualites","9":"tag-eu","10":"tag-europe","11":"tag-guerre-en-ukraine","12":"tag-international","13":"tag-news","14":"tag-russie","15":"tag-ukraine"},"share_on_mastodon":{"url":"https:\/\/pubeurope.com\/@fr\/115419223205272505","error":""},"_links":{"self":[{"href":"https:\/\/www.europesays.com\/fr\/wp-json\/wp\/v2\/posts\/482588","targetHints":{"allow":["GET"]}}],"collection":[{"href":"https:\/\/www.europesays.com\/fr\/wp-json\/wp\/v2\/posts"}],"about":[{"href":"https:\/\/www.europesays.com\/fr\/wp-json\/wp\/v2\/types\/post"}],"author":[{"embeddable":true,"href":"https:\/\/www.europesays.com\/fr\/wp-json\/wp\/v2\/users\/2"}],"replies":[{"embeddable":true,"href":"https:\/\/www.europesays.com\/fr\/wp-json\/wp\/v2\/comments?post=482588"}],"version-history":[{"count":0,"href":"https:\/\/www.europesays.com\/fr\/wp-json\/wp\/v2\/posts\/482588\/revisions"}],"wp:featuredmedia":[{"embeddable":true,"href":"https:\/\/www.europesays.com\/fr\/wp-json\/wp\/v2\/media\/482589"}],"wp:attachment":[{"href":"https:\/\/www.europesays.com\/fr\/wp-json\/wp\/v2\/media?parent=482588"}],"wp:term":[{"taxonomy":"category","embeddable":true,"href":"https:\/\/www.europesays.com\/fr\/wp-json\/wp\/v2\/categories?post=482588"},{"taxonomy":"post_tag","embeddable":true,"href":"https:\/\/www.europesays.com\/fr\/wp-json\/wp\/v2\/tags?post=482588"}],"curies":[{"name":"wp","href":"https:\/\/api.w.org\/{rel}","templated":true}]}}