{"id":482590,"date":"2025-10-22T18:25:21","date_gmt":"2025-10-22T18:25:21","guid":{"rendered":"https:\/\/www.europesays.com\/fr\/482590\/"},"modified":"2025-10-22T18:25:21","modified_gmt":"2025-10-22T18:25:21","slug":"washington-appelle-lonu-a-soutenir-les-efforts-visant-a-alleger-les-sanctions-contre-la-syrie","status":"publish","type":"post","link":"https:\/\/www.europesays.com\/fr\/482590\/","title":{"rendered":"Washington appelle l\u2019ONU \u00e0 soutenir les efforts visant \u00e0 all\u00e9ger les sanctions contre la Syrie"},"content":{"rendered":"<p>AA \/ Hamilton, Canada \/ Merve Aydogan<\/p>\n<p>Les \u00c9tats-Unis ont exhort\u00e9 mercredi le Conseil de s\u00e9curit\u00e9 de l\u2019ONU \u00e0 soutenir les efforts visant \u00e0 all\u00e9ger les sanctions contre la Syrie, estimant qu\u2019une telle mesure est indispensable pour am\u00e9liorer la situation humanitaire et accompagner la reconstruction post-conflit.<\/p>\n<p>\u00ab Nous continuons d\u2019appeler le gouvernement syrien \u00e0 saisir l\u2019opportunit\u00e9 ouverte par l\u2019annonce historique du pr\u00e9sident Trump sur l\u2019all\u00e8gement des sanctions en faveur du peuple syrien \u00bb, a d\u00e9clar\u00e9 l\u2019envoy\u00e9 am\u00e9ricain Mike Waltz devant le Conseil. \u00ab Un all\u00e8gement suppl\u00e9mentaire des sanctions est crucial pour le bien-\u00eatre de la population syrienne et pour donner une chance au pays. \u00bb<\/p>\n<p>Invitant les membres du Conseil \u00e0 appuyer des ajustements au niveau onusien, Waltz a d\u00e9clar\u00e9 : \u00ab Nous appelons le Conseil \u00e0 soutenir les efforts visant \u00e0 all\u00e9ger les sanctions de l\u2019ONU contre la Syrie, y compris la lev\u00e9e de celles visant certains responsables syriens inscrits sous la r\u00e9solution 1267. \u00bb<\/p>\n<p>Il a rappel\u00e9 que la Syrie fait face \u00e0 \u00ab de nombreux d\u00e9fis \u00bb apr\u00e8s \u00ab cinq d\u00e9cennies d\u2019oppression du r\u00e9gime Assad \u00bb et a appel\u00e9 Damas \u00e0 \u00ab renforcer l\u2019unit\u00e9 nationale par l\u2019int\u00e9gration pacifique de toutes ses composantes \u00bb. Il a ajout\u00e9 que \u00ab le gouvernement ne doit tol\u00e9rer aucun abus \u00bb.<\/p>\n<p>L\u2019\u00e9missaire am\u00e9ricain a \u00e9galement salu\u00e9 la coop\u00e9ration de la Syrie avec l\u2019Organisation pour l\u2019Interdiction des Armes Chimiques, indiquant que les deux parties travaillent \u00e0 \u00ab acc\u00e9l\u00e9rer l\u2019\u00e9limination des derniers \u00e9l\u00e9ments du programme chimique d\u2019Assad \u00bb.<\/p>\n<p>\u00ab Nous saluons les efforts de la Syrie pour resserrer ses liens avec ses voisins \u00bb, a-t-il poursuivi, citant le soutien de l\u2019Arabie saoudite, du Qatar, de la T\u00fcrkiye et de la Jordanie.<\/p>\n<p>Waltz a jug\u00e9 que l\u2019appui ext\u00e9rieur reste essentiel \u00e0 la reconstruction et a assur\u00e9 que les \u00c9tats-Unis \u00ab continueront de travailler avec la Syrie pour emp\u00eacher la r\u00e9surgence de Daech \u00bb.<\/p>\n<p>La guerre civile syrienne a pris fin en d\u00e9cembre dernier lorsque Bachar al-Assad, \u00e0 la t\u00eate du pays depuis pr\u00e8s de 25 ans, a fui vers la Russie, mettant un terme au r\u00e9gime baasiste en place depuis 1963.<\/p>\n<p>Depuis l\u2019installation d\u2019un nouveau gouvernement conduit par le pr\u00e9sident Ahmad al-Charaa, la Syrie a engag\u00e9 des r\u00e9formes politiques et \u00e9conomiques, tout en promouvant la coh\u00e9sion sociale et en \u00e9largissant sa coop\u00e9ration avec ses partenaires r\u00e9gionaux et internationaux.<\/p>\n<p>* Traduit de l&rsquo;anglais par Ayse Betul Akcesme<\/p>\n<p>                            &#13;<br \/>\n                                <a href=\"https:\/\/www.aa.com.tr\/fr\/p\/abonnement\/1001\" target=\"_blank\" style=\"font-size:12px; color:#444; text-decoration:none;\" rel=\"noopener\">&#13;<br \/>\n                                    Seulement une partie des d\u00e9p\u00eaches, que l&rsquo;Agence Anadolu diffuse \u00e0 ses abonn\u00e9s via le Syst\u00e8me de Diffusion interne (HAS), est diffus\u00e9e sur le site de l&rsquo;AA, de mani\u00e8re r\u00e9sum\u00e9e. <b style=\"color:#1897F7\">Contactez-nous s&rsquo;il vous pla\u00eet pour vous abonner.<\/b>&#13;<br \/>\n                                <\/a>&#13;<\/p>\n","protected":false},"excerpt":{"rendered":"AA \/ Hamilton, Canada \/ Merve Aydogan Les \u00c9tats-Unis ont exhort\u00e9 mercredi le Conseil de s\u00e9curit\u00e9 de l\u2019ONU&hellip;\n","protected":false},"author":2,"featured_media":482591,"comment_status":"","ping_status":"","sticky":false,"template":"","format":"standard","meta":{"footnotes":""},"categories":[1589],"tags":[11,1785,60589,73,1866,12,7185,32,1864,1865,1863,308,2744],"class_list":{"0":"post-482590","1":"post","2":"type-post","3":"status-publish","4":"format-standard","5":"has-post-thumbnail","7":"category-etats-unis","8":"tag-actualites","9":"tag-anadolu-ajansi","10":"tag-conseil-de-scurit-de-lonu","11":"tag-etats-unis","12":"tag-etats-unis-damerique","13":"tag-news","14":"tag-sanctions","15":"tag-syrie","16":"tag-united-states","17":"tag-united-states-of-america","18":"tag-us","19":"tag-usa","20":"tag-washington"},"share_on_mastodon":{"url":"https:\/\/pubeurope.com\/@fr\/115419226052448022","error":""},"_links":{"self":[{"href":"https:\/\/www.europesays.com\/fr\/wp-json\/wp\/v2\/posts\/482590","targetHints":{"allow":["GET"]}}],"collection":[{"href":"https:\/\/www.europesays.com\/fr\/wp-json\/wp\/v2\/posts"}],"about":[{"href":"https:\/\/www.europesays.com\/fr\/wp-json\/wp\/v2\/types\/post"}],"author":[{"embeddable":true,"href":"https:\/\/www.europesays.com\/fr\/wp-json\/wp\/v2\/users\/2"}],"replies":[{"embeddable":true,"href":"https:\/\/www.europesays.com\/fr\/wp-json\/wp\/v2\/comments?post=482590"}],"version-history":[{"count":0,"href":"https:\/\/www.europesays.com\/fr\/wp-json\/wp\/v2\/posts\/482590\/revisions"}],"wp:featuredmedia":[{"embeddable":true,"href":"https:\/\/www.europesays.com\/fr\/wp-json\/wp\/v2\/media\/482591"}],"wp:attachment":[{"href":"https:\/\/www.europesays.com\/fr\/wp-json\/wp\/v2\/media?parent=482590"}],"wp:term":[{"taxonomy":"category","embeddable":true,"href":"https:\/\/www.europesays.com\/fr\/wp-json\/wp\/v2\/categories?post=482590"},{"taxonomy":"post_tag","embeddable":true,"href":"https:\/\/www.europesays.com\/fr\/wp-json\/wp\/v2\/tags?post=482590"}],"curies":[{"name":"wp","href":"https:\/\/api.w.org\/{rel}","templated":true}]}}