{"id":482596,"date":"2025-10-22T18:28:12","date_gmt":"2025-10-22T18:28:12","guid":{"rendered":"https:\/\/www.europesays.com\/fr\/482596\/"},"modified":"2025-10-22T18:28:12","modified_gmt":"2025-10-22T18:28:12","slug":"une-partie-des-europeens-dont-les-francais-nont-pas-conscience-de-la-menace-russe-liberation","status":"publish","type":"post","link":"https:\/\/www.europesays.com\/fr\/482596\/","title":{"rendered":"\u00abUne partie des Europ\u00e9ens, dont les Fran\u00e7ais, n\u2019ont pas conscience de la menace russe\u00bb \u2013 Lib\u00e9ration"},"content":{"rendered":"<p class=\"sc-cPiKLX AiZTS text-element\">L\u2019Union europ\u00e9enne peine \u00e0 sortir de sa d\u00e9pendance aux Etats-Unis qui ont assur\u00e9 sa d\u00e9fense durant quatre-vingts ans. Or, elle n\u2019a pas le choix que de <a href=\"https:\/\/www.liberation.fr\/economie\/europe-de-la-defense-lindustrie-de-larmement-se-relance-entre-alliances-et-rivalites-nationales-20250319_AET44RRED5BV7C7JETSTHHD3VU\/\" target=\"_blank\" rel=\"noreferrer noopener\" title=\"https:\/\/www.liberation.fr\/economie\/europe-de-la-defense-lindustrie-de-larmement-se-relance-entre-alliances-et-rivalites-nationales-20250319_AET44RRED5BV7C7JETSTHHD3VU\/\">se r\u00e9armer massivement<\/a> face \u00e0 une Russie de plus en plus agressive, la Commission jugeant probable une guerre d\u2019ici 2030. Sylvain Kahn, professeur au Centre d\u2019histoire de Sciences Po, qui vient de publier l\u2019Atlantisme est mort ? Vive l\u2019Europe ! (\u00e9ditions de l\u2019aube), se veut optimiste : non seulement l\u2019Union parviendra \u00e0 assumer sa d\u00e9fense, mais de cette aventure na\u00eetra un \u00abEtat europ\u00e9en\u00bb. <\/p>\n<p class=\"sc-cPiKLX AiZTS text-element\"><b>La guerre en Ukraine a d\u00e9but\u00e9 il y a bient\u00f4t quatre ans, <\/b><a href=\"https:\/\/www.liberation.fr\/international\/europe\/lunion-europeenne-peine-a-se-mettre-en-ordre-de-bataille-face-a-la-russie-20251001_UWN45RZ54JBRRIKA3335AXQWHY\/\" target=\"_blank\" rel=\"noreferrer noopener\" title=\"https:\/\/www.liberation.fr\/international\/europe\/lunion-europeenne-peine-a-se-mettre-en-ordre-de-bataille-face-a-la-russie-20251001_UWN45RZ54JBRRIKA3335AXQWHY\/\"><b>l\u2019Europe peine \u00e0 se r\u00e9armer massivement<\/b><\/a><b> alors m\u00eame que la Commission et certains Etats membres estiment une guerre possible avec la Russie d\u2019ici 2029. Comment l\u2019expliquer ?<\/b> <\/p>\n<p class=\"sc-cPiKLX AiZTS text-element\">Il y a une double explication \u00e0 cette lenteur : d\u2019une part, la d\u00e9fense est au c\u0153ur du r\u00e9galien et, d\u2019autre part, le rejet de la Communaut\u00e9 europ\u00e9enne de d\u00e9fense par la France en 1954 a conduit les Etats europ\u00e9ens \u00e0 remettre les cl\u00e9s de leur s\u00e9curit\u00e9 \u00e0 l\u2019Otan et aux Etats-Unis. Il a fallu attendre le trait\u00e9 de Maastricht en 1992 pour que l\u2019Union ose \u00e0 nouveau se r\u00e9int\u00e9resser \u00e0 cette question. Les progr\u00e8s sont lents, mais r\u00e9els. Le probl\u00e8me est qu\u2019aujourd\u2019hui, entre la menace russe de plus en plus pressante et le retrait de la garantie de s\u00e9curit\u00e9 am\u00e9ricaine d\u00e9cid\u00e9e par Donald Trump, l\u2019Union n\u2019arrive pas \u00e0 passer en surmultipli\u00e9 alors qu\u2019il y a urgence. Il est ainsi un rien path\u00e9tique que les Etats se chamaillent avec la Commission pour savoir si elle est comp\u00e9tente pour r\u00e9diger une \u00abfeuille de route\u00bb listant les priorit\u00e9s et les \u00e9tapes du r\u00e9armement europ\u00e9en pour la pr\u00e9parer \u00e0 un affrontement majeur avec Moscou \u00e0 l\u2019horizon 2030. Mais entre 1945 et 2025, il s\u2019est \u00e9coul\u00e9 quatre-vingts ans, soit presque trois fois plus que la p\u00e9riode qui s\u00e9pare 1914 de 1945, et des habitudes de travail collectif en profondeur ont \u00e9t\u00e9 prises, y compris avec des manies dont il est difficile de sortir. <\/p>\n<p class=\"sc-cPiKLX AiZTS text-element\"><b>Faut-il d\u00e9sesp\u00e9rer de l\u2019Union ?<\/b><\/p>\n<p class=\"sc-cPiKLX AiZTS text-element\">Non. Si l\u2019on regarde les choses dans la dur\u00e9e, en moins de dix ans, la politique de d\u00e9fense a consid\u00e9rablement \u00e9volu\u00e9. Une agence europ\u00e9enne de d\u00e9fense et un fonds europ\u00e9en ont \u00e9t\u00e9 cr\u00e9\u00e9s, l\u2019Union a achet\u00e9 des armes pour l\u2019Ukraine en d\u00e9tournant un autre fonds de sa fonction premi\u00e8re, le programme Safe [pour Security for Action for Europe, ndlr] vot\u00e9 cette ann\u00e9e va permettre \u00e0 l\u2019Union d\u2019emprunter 150 milliards d\u2019euros pour aider les Etats europ\u00e9ens \u00e0 se r\u00e9armer, un v\u00e9ritable march\u00e9 int\u00e9rieur de l\u2019armement va enfin voir le jour, l\u2019Union venant tout juste d\u2019adopter le programme Edip [pour European Defence Industrial Programme], ou encore un commissaire europ\u00e9en \u00e0 la d\u00e9fense a \u00e9t\u00e9 nomm\u00e9. Surtout, toutes ces innovations sont incr\u00e9mentales et en appellent d\u2019autres, car une fois que la machine communautaire se met en marche avec \u00e0 la man\u0153uvre une institution supranationale, la Commission, rien ne l\u2019arr\u00eate, comme l\u2019ont montr\u00e9 la monnaie unique et l\u2019int\u00e9gration \u00e9conomique et financi\u00e8re qui a suivi. C\u2019est pour cela que les Etats r\u00e9sistent. Mais \u00e0 l\u2019\u00e9chelle de l\u2019histoire, les querelles actuelles ne sont pas tr\u00e8s graves. <\/p>\n<p class=\"sc-cPiKLX AiZTS text-element\"><b>Mais a-t-on le temps face au danger existentiel de la Russie, mais aussi d\u00e9sormais des Etats-Unis de Donald Trump qui tentent de d\u00e9stabiliser nos d\u00e9mocraties ?<\/b><\/p>\n<p class=\"sc-cPiKLX AiZTS text-element\">C\u2019est vrai. Mais quand le Covid est apparu, l\u2019Union n\u2019avait pas le temps et pas de comp\u00e9tences dans ce domaine et pourtant les d\u00e9cisions ont \u00e9t\u00e9 prises tr\u00e8s rapidement. C\u2019est pareil avec la d\u00e9fense. Le tempo s\u2019acc\u00e9l\u00e8re. Regardez la fa\u00e7on dont les Europ\u00e9ens ont r\u00e9ussi \u00e0 augmenter <a href=\"https:\/\/www.liberation.fr\/checknews\/pourquoi-lukraine-souffre-t-elle-dune-penurie-dobus-20231226_GXYUWBF3MFDF3PN73Z3NFZKZIE\/\" target=\"_blank\" rel=\"noreferrer noopener\" title=\"https:\/\/www.liberation.fr\/checknews\/pourquoi-lukraine-souffre-t-elle-dune-penurie-dobus-20231226_GXYUWBF3MFDF3PN73Z3NFZKZIE\/\">leur production d\u2019obus de 155 mm<\/a> : avec quelques mois de retard sur le calendrier initial, l\u2019Union en produit d\u00e9sormais plus que les Am\u00e9ricains. Ce r\u00e9sultat impressionnant nous rappelle que l\u2019Europe est un tr\u00e8s vieux continent dot\u00e9 d\u2019un patrimoine industriel et d\u2019un savoir-faire \u00e9conomique in\u00e9galables d\u00e8s lors qu\u2019il est mobilis\u00e9. La s\u00e9quence que nous vivons, j\u2019en suis persuad\u00e9, va d\u00e9boucher sur la cr\u00e9ation d\u2019un Etat europ\u00e9en sans que les acteurs gouvernementaux en aient forc\u00e9ment conscience : comme l\u2019a not\u00e9 Charles Tilly, le regrett\u00e9 sociologue et politiste am\u00e9ricain, la guerre a fait l\u2019Etat et l\u2019Etat a fait la guerre. Ce sera certes un Etat baroque au sens architectural du terme, tout en irr\u00e9gularit\u00e9 et en absence de ligne droite : ce ne sera pas un Etat au sens classique du terme, il y aura de l\u2019intergouvernemental et du f\u00e9d\u00e9ral m\u00e9lang\u00e9s ; du national, du r\u00e9seau et du supranational intriqu\u00e9s. <\/p>\n<p class=\"sc-cPiKLX AiZTS text-element\"><b>Reste que les dons europ\u00e9ens d\u2019armement \u00e0 l\u2019Ukraine ont fl\u00e9chi ces trois derniers mois selon l\u2019Institut de Kiel\u2026<\/b><\/p>\n<p class=\"sc-cPiKLX AiZTS text-element\">C\u2019est exact alors que durant le premier semestre de l\u2019ann\u00e9e 2025, les Europ\u00e9ens avaient r\u00e9ussi \u00e0 compenser quasiment \u00e0 50 % l\u2019arr\u00eat des dons d\u2019armes par les Am\u00e9ricains. <a href=\"https:\/\/www.liberation.fr\/international\/europe\/livre-blanc-de-la-defense-europeenne-les-vingt-sept-se-preparent-a-passer-en-economie-de-guerre-20250319_RL3H2NS2ZRA5JNPUE3ULEWCL3I\/\" target=\"_blank\" rel=\"noreferrer noopener\" title=\"https:\/\/www.liberation.fr\/international\/europe\/livre-blanc-de-la-defense-europeenne-les-vingt-sept-se-preparent-a-passer-en-economie-de-guerre-20250319_RL3H2NS2ZRA5JNPUE3ULEWCL3I\/\">Les Europ\u00e9ens sont confront\u00e9s \u00e0 leurs limites capacitaires et budg\u00e9taires<\/a>, ce qui va les contraindre \u00e0 faire des choix \u00e0 la fois subtils et incisifs dans la d\u00e9fense, la lutte contre le changement climatique, leur syst\u00e8me social, etc. Or, pour l\u2019instant, ils ne le font pas car une partie des Europ\u00e9ens, dont les Fran\u00e7ais et les pays du Sud, ne sont pas conscients de la menace russe. <\/p>\n<p class=\"sc-cPiKLX AiZTS text-element\"><b>La coop\u00e9ration dans le domaine de l\u2019armement conna\u00eet aussi de s\u00e9rieux rat\u00e9s, notamment entre l\u2019Allemagne et la France, quand on voit la difficult\u00e9 que rencontrent le char et l\u2019avion de combat du futur.<\/b><\/p>\n<p class=\"sc-cPiKLX AiZTS text-element\">C\u2019est exact. Mais comparons avec Airbus : ce succ\u00e8s europ\u00e9en a \u00e9t\u00e9 le fruit d\u2019un demi-si\u00e8cle de concentrations d\u2019industries a\u00e9ronautiques tr\u00e8s fragment\u00e9es. Cette consolidation a eu lieu parce que l\u2019aviation civile \u00e9volue dans un march\u00e9 tr\u00e8s concurrentiel avec tr\u00e8s peu d\u2019acteurs. D\u00e8s lors, les industriels se sont rendu compte que s\u2019ils ne voulaient pas dispara\u00eetre, notamment face \u00e0 des concurrents am\u00e9ricains tr\u00e8s bien organis\u00e9s, la meilleure des strat\u00e9gies \u00e9tait de se rapprocher, une concentration facilit\u00e9e par les politiques publiques. Autrement dit, Airbus ne s\u2019est pas fait en un claquement de doigts. Je pourrais prendre un autre exemple : Arianespace et l\u2019Agence spatiale europ\u00e9enne, m\u00eame si l\u00e0 les politiques publiques ont jou\u00e9 un r\u00f4le plus important.<\/p>\n<p class=\"sc-cPiKLX AiZTS text-element\">Dans le domaine militaire, c\u2019est compl\u00e8tement diff\u00e9rent puisqu\u2019il n\u2019y a pas de march\u00e9 concurrentiel : les entreprises d\u00e9pendent de la commande publique et donc de la strat\u00e9gie des Etats. De plus, ces derniers entretiennent des liens consanguins avec les industriels. L\u2019enjeu aujourd\u2019hui est donc de cr\u00e9er une commande publique europ\u00e9enne afin de pousser \u00e0 des investissements de long terme et bien s\u00fbr \u00e0 des regroupements industriels. Cela implique de cr\u00e9er une \u00abpuissance publique europ\u00e9enne\u00bb qui passera commande : cette mission pourra \u00eatre confi\u00e9e \u00e0 la Commission, \u00e0 l\u2019Agence europ\u00e9enne de d\u00e9fense ou \u00e0 une coalition d\u2019Etats \u2013 au regard de l\u2019histoire, la forme n\u2019a pas d\u2019importance. D\u00e9j\u00e0, la puissance industrielle est l\u00e0, puisque sur les 25 premiers exportateurs mondiaux d\u2019armes, on compte dix pays europ\u00e9ens qui pour l\u2019instant se font concurrence sur les march\u00e9s ext\u00e9rieurs. On doit mettre fin \u00e0 cette fragmentation pour pouvoir r\u00e9armer l\u2019Europe. <\/p>\n<p class=\"sc-cPiKLX AiZTS text-element\"><b>On a le sentiment que les Etats europ\u00e9ens continuent \u00e0 nier la rupture du lien transatlantique alors qu\u2019elle \u00e9tait pr\u00e9visible depuis le premier mandat de Donald Trump\u2026<\/b><\/p>\n<p class=\"sc-cPiKLX AiZTS text-element\">J\u2019appelle cela de \u00abl\u2019emprisme\u00bb, que je d\u00e9cline de la notion d\u2019emprise que l\u2019on conna\u00eet dans les relations humaines. Trump pousse les Europ\u00e9ens \u00e0 entrer dans une relation de d\u00e9pendance abusive consentie. On l\u2019a vu lors du soi-disant <a href=\"https:\/\/www.liberation.fr\/international\/europe\/accord-douanier-ue-etats-unis-un-desastre-politique-et-geopolitique-pour-lunion-europeenne-20250728_SXN5F5RNKNC4LEAGIJIIUDRASY\/\" target=\"_blank\" rel=\"noreferrer noopener\" title=\"https:\/\/www.liberation.fr\/international\/europe\/accord-douanier-ue-etats-unis-un-desastre-politique-et-geopolitique-pour-lunion-europeenne-20250728_SXN5F5RNKNC4LEAGIJIIUDRASY\/\">accord commercial conclu en juillet entre la Commission et les Etats-Unis<\/a> qui n\u2019est rien d\u2019autre qu\u2019un accord mafieux : en \u00e9change de notre protection militaire, qui reste non garantie, vous allez accepter un trait\u00e9 aux termes duquel vous allez d\u00e9manteler vos barri\u00e8res douani\u00e8res pendant que <a href=\"https:\/\/www.liberation.fr\/economie\/droits-de-douane-pour-la-france-un-accord-a-15-serait-un-moindre-mal-20250727_66ETZTQ3RJGUTFA4LFZ3CYV4IU\/\" target=\"_blank\" rel=\"noreferrer noopener\" title=\"https:\/\/www.liberation.fr\/economie\/droits-de-douane-pour-la-france-un-accord-a-15-serait-un-moindre-mal-20250727_66ETZTQ3RJGUTFA4LFZ3CYV4IU\/\">moi je taxerai vos biens \u00e0 15 %<\/a>. Et comme dans toute relation d\u2019emprise, les Europ\u00e9ens se sont dit que c\u2019\u00e9tait moins pire que pire et qu\u2019il fallait l\u2019accepter. Tant qu\u2019ils ne sortiront pas collectivement de cet emprisme, comme l\u2019a d\u00e9j\u00e0 fait la France et a commenc\u00e9 \u00e0 le faire l\u2019Allemagne, il restera difficile d\u2019accoucher d\u2019une industrie de d\u00e9fense europ\u00e9enne et donc d\u2019une d\u00e9fense europ\u00e9enne ind\u00e9pendante. <\/p>\n","protected":false},"excerpt":{"rendered":"L\u2019Union europ\u00e9enne peine \u00e0 sortir de sa d\u00e9pendance aux Etats-Unis qui ont assur\u00e9 sa d\u00e9fense durant quatre-vingts ans.&hellip;\n","protected":false},"author":2,"featured_media":482597,"comment_status":"","ping_status":"","sticky":false,"template":"","format":"standard","meta":{"footnotes":""},"categories":[1586],"tags":[11,554,75,73,1777,674,1011,27,12,25,132,220,297,364],"class_list":{"0":"post-482596","1":"post","2":"type-post","3":"status-publish","4":"format-standard","5":"has-post-thumbnail","7":"category-europe","8":"tag-actualites","9":"tag-defense","10":"tag-donald-trump","11":"tag-etats-unis","12":"tag-eu","13":"tag-europe","14":"tag-fr","15":"tag-france","16":"tag-news","17":"tag-republique-francaise","18":"tag-russie","19":"tag-ukraine","20":"tag-ukraine-la-crise","21":"tag-union-europeenne"},"share_on_mastodon":{"url":"https:\/\/pubeurope.com\/@fr\/115419237894411422","error":""},"_links":{"self":[{"href":"https:\/\/www.europesays.com\/fr\/wp-json\/wp\/v2\/posts\/482596","targetHints":{"allow":["GET"]}}],"collection":[{"href":"https:\/\/www.europesays.com\/fr\/wp-json\/wp\/v2\/posts"}],"about":[{"href":"https:\/\/www.europesays.com\/fr\/wp-json\/wp\/v2\/types\/post"}],"author":[{"embeddable":true,"href":"https:\/\/www.europesays.com\/fr\/wp-json\/wp\/v2\/users\/2"}],"replies":[{"embeddable":true,"href":"https:\/\/www.europesays.com\/fr\/wp-json\/wp\/v2\/comments?post=482596"}],"version-history":[{"count":0,"href":"https:\/\/www.europesays.com\/fr\/wp-json\/wp\/v2\/posts\/482596\/revisions"}],"wp:featuredmedia":[{"embeddable":true,"href":"https:\/\/www.europesays.com\/fr\/wp-json\/wp\/v2\/media\/482597"}],"wp:attachment":[{"href":"https:\/\/www.europesays.com\/fr\/wp-json\/wp\/v2\/media?parent=482596"}],"wp:term":[{"taxonomy":"category","embeddable":true,"href":"https:\/\/www.europesays.com\/fr\/wp-json\/wp\/v2\/categories?post=482596"},{"taxonomy":"post_tag","embeddable":true,"href":"https:\/\/www.europesays.com\/fr\/wp-json\/wp\/v2\/tags?post=482596"}],"curies":[{"name":"wp","href":"https:\/\/api.w.org\/{rel}","templated":true}]}}