{"id":482598,"date":"2025-10-22T18:29:15","date_gmt":"2025-10-22T18:29:15","guid":{"rendered":"https:\/\/www.europesays.com\/fr\/482598\/"},"modified":"2025-10-22T18:29:15","modified_gmt":"2025-10-22T18:29:15","slug":"les-nouvelles-regles-europeennes-que-tous-les-automobilistes-doivent-connaitre","status":"publish","type":"post","link":"https:\/\/www.europesays.com\/fr\/482598\/","title":{"rendered":"les nouvelles r\u00e8gles europ\u00e9ennes que tous les automobilistes doivent conna\u00eetre"},"content":{"rendered":"<p>            Par<br \/>\n        <strong><br \/>\n            <a href=\"https:\/\/actu.fr\/auteur\/redaction-actu\" title=\"Consulter tous les articles de R\u00e9daction Actu\" rel=\"nofollow noopener\" target=\"_blank\">R\u00e9daction Actu<\/a><br \/>\n        <\/strong><\/p>\n<p>        Publi\u00e9 le<\/p>\n<p>            22 oct. 2025 \u00e0 20h06        <\/p>\n<p>Les eurod\u00e9put\u00e9s ont d\u00e9finitivement adopt\u00e9 mardi 21 octobre 2025<strong> une r\u00e9forme des permis de conduire<\/strong> dans <a href=\"https:\/\/actu.fr\/tag\/union-europeenne\" rel=\"nofollow noopener\" target=\"_blank\">l\u2019Union europ\u00e9enne<\/a> (UE) qui doit emp\u00eacher des <a href=\"https:\/\/actu.fr\/tag\/automobile\" rel=\"nofollow noopener\" target=\"_blank\">automobilistes<\/a> d\u2019\u00e9chapper \u00e0 un retrait de permis \u00e0 l\u2019\u00e9tranger. Elle favorisera la d\u00e9tention de permis d\u00e9mat\u00e9rialis\u00e9s.<\/p>\n<p>Des r\u00e8gles plus strictes pour le renouvellement des permis<\/p>\n<p class=\" wall-content\">Cette r\u00e9forme vise \u00e0 <strong>r\u00e9duire le nombre de morts sur les routes<\/strong> dans l\u2019UE, qui s\u2019\u00e9levait \u00e0 pr\u00e8s de 20 000 en 2024.<\/p>\n<p class=\" wall-content\">Elle instaure des r\u00e8gles plus strictes pour le renouvellement <a href=\"https:\/\/actu.fr\/tag\/permis-de-conduire\" rel=\"nofollow noopener\" target=\"_blank\">des permis<\/a>, des exigences accrues pour leur obtention et favorise le partage d\u2019informations entre \u00c9tats, pour \u00e9viter que les auteurs d\u2019infractions routi\u00e8res graves \u00e0 l\u2019\u00e9tranger \u00e9chappent aux sanctions.<\/p>\n<p class=\" wall-content\">Actuellement, pr\u00e8s de 40 % des automobilistes frapp\u00e9s d\u2019un retrait ou d\u2019une suspension de permis dans un autre pays que celui o\u00f9 il a \u00e9t\u00e9 \u00e9mis restent impunis, a d\u00e9plor\u00e9 le rapporteur du texte, le socialiste italien Matteo Ricci.<\/p>\n<blockquote class=\"ac-article-quote wall-content\">\n<p>Avec les nouvelles r\u00e8gles, un automobiliste qui perdra son permis dans un pays europ\u00e9en pour une infraction grave ne pourra plus conduire dans aucun autre \u00c9tat membre.<\/p>\n<p>    <strong>Le rapporteur du texte<\/strong><br \/>\n        Le socialiste italien Matteo Ricci    <\/p><\/blockquote>\n<p class=\" wall-content\">La <a href=\"https:\/\/actu.fr\/societe\/periode-de-validite-dematerialisation-bientot-de-nouvelles-regles-pour-le-permis-de-conduire-dans-l-ue_62425982.html\" rel=\"nofollow noopener\" target=\"_blank\">nouvelle r\u00e9glementation<\/a> instaure \u00e9galement <strong>une dur\u00e9e de validit\u00e9 de 15 ans maximum<\/strong> pour les permis voitures et motos, qui peut \u00eatre ramen\u00e9e \u00e0 10 ans dans les \u00c9tats o\u00f9 le permis de conduire sert de pi\u00e8ce d\u2019identit\u00e9.<\/p>\n<p class=\" wall-content\">La dur\u00e9e de validit\u00e9 pourra en outre \u00eatre r\u00e9duite pour les conducteurs de plus de 65 ans.<\/p>\n<p>Votre r\u00e9gion, votre actu !<\/p>\n<p>Recevez chaque jour les infos qui comptent pour vous.<\/p>\n<p>\t<a href=\"https:\/\/actu.fr\/newsletter\" class=\"ac-btn ac-btn--corner ac-btn--medium ac-btn--blue800\" rel=\"nofollow noopener\" target=\"_blank\">S&rsquo;incrire<\/a><br \/>\nUne p\u00e9riode probatoire de deux ans pour les jeunes conducteurs<\/p>\n<p class=\" wall-content\">L\u2019UE entend \u00e9galement acc\u00e9l\u00e9rer la d\u00e9mat\u00e9rialisation des permis de conduire et faire du <strong>permis num\u00e9rique<\/strong>, accessible sur les t\u00e9l\u00e9phones portables, le principal format.<\/p>\n<p class=\" wall-content\">Les citoyens qui en feront la demande pourront cependant toujours obtenir un document physique.<\/p>\n<p class=\" wall-content\">L\u2019examen du permis de conduire devra int\u00e9grer davantage des points touchant \u00e0 la s\u00e9curit\u00e9 des usagers vuln\u00e9rables (pi\u00e9tons, <a href=\"https:\/\/actu.fr\/societe\/rouler-a-velo-cote-a-cote-ce-que-dit-vraiment-la-loi-de-cette-pratique-qui-agace-les-automobilistes_63026785.html\" rel=\"nofollow noopener\" target=\"_blank\">cyclistes<\/a>, etc.), comme les angles morts ou l\u2019ouverture des porti\u00e8res. Les risques li\u00e9s \u00e0 l\u2019usage du t\u00e9l\u00e9phone au volant devront \u00e9galement \u00eatre abord\u00e9s.<\/p>\n<p class=\" wall-content\">La r\u00e9forme instaure \u00e9galement une p\u00e9riode probatoire de deux ans pour les jeunes conducteurs, pendant laquelle ils seront soumis \u00e0 des r\u00e8gles et des sanctions plus strictes.<\/p>\n<p class=\" wall-content\">Tous les jeunes de 17 ans pourront pratiquer la conduite accompagn\u00e9e d\u2019une voiture ou moto, l\u2019\u00e2ge pour conduire seul restant fix\u00e9 \u00e0 18 ans dans l\u2019Union europ\u00e9enne.<\/p>\n<p class=\" wall-content\">\u00c0 noter qu\u2019en France, l\u2019\u00e2ge de l\u2019obtention de l\u2019examen du permis de conduire a \u00e9t\u00e9 abaiss\u00e9 \u00e0 17 ans au lieu de 18 ans en 2024. Et la conduite accompagn\u00e9e est accessible d\u00e8s l\u2019\u00e2ge de 15 ans.<\/p>\n<p class=\" wall-content\"><strong>Avec AFP<\/strong><\/p>\n<p class=\" wall-content\">Personnalisez votre actualit\u00e9 en ajoutant vos villes et m\u00e9dias en favori avec <a href=\"https:\/\/moncompte.actu.fr\" title=\"D\u00e9couvez Mon Actu\" rel=\"nofollow noopener\" data-trk=\"{&quot;cta&quot;:{&quot;action&quot;:&quot;https:\\\/\\\/moncompte.actu.fr&quot;,&quot;category&quot;:&quot;mon compte&quot;,&quot;from&quot;:&quot;article footer&quot;,&quot;name&quot;:&quot;Mon actu&quot;,&quot;type&quot;:&quot;cta&quot;}}\" target=\"_blank\">Mon Actu<\/a>.<\/p>\n","protected":false},"excerpt":{"rendered":"Par R\u00e9daction Actu Publi\u00e9 le 22 oct. 2025 \u00e0 20h06 Les eurod\u00e9put\u00e9s ont d\u00e9finitivement adopt\u00e9 mardi 21 octobre&hellip;\n","protected":false},"author":2,"featured_media":482599,"comment_status":"","ping_status":"","sticky":false,"template":"","format":"standard","meta":{"footnotes":""},"categories":[1586],"tags":[11,646,1777,674,1779,1011,27,12,5007,25,104,1778,364],"class_list":{"0":"post-482598","1":"post","2":"type-post","3":"status-publish","4":"format-standard","5":"has-post-thumbnail","7":"category-europe","8":"tag-actualites","9":"tag-automobile","10":"tag-eu","11":"tag-europe","12":"tag-european-union","13":"tag-fr","14":"tag-france","15":"tag-news","16":"tag-permis-de-conduire","17":"tag-republique-francaise","18":"tag-societe","19":"tag-ue","20":"tag-union-europeenne"},"share_on_mastodon":{"url":"https:\/\/pubeurope.com\/@fr\/115419241852324523","error":""},"_links":{"self":[{"href":"https:\/\/www.europesays.com\/fr\/wp-json\/wp\/v2\/posts\/482598","targetHints":{"allow":["GET"]}}],"collection":[{"href":"https:\/\/www.europesays.com\/fr\/wp-json\/wp\/v2\/posts"}],"about":[{"href":"https:\/\/www.europesays.com\/fr\/wp-json\/wp\/v2\/types\/post"}],"author":[{"embeddable":true,"href":"https:\/\/www.europesays.com\/fr\/wp-json\/wp\/v2\/users\/2"}],"replies":[{"embeddable":true,"href":"https:\/\/www.europesays.com\/fr\/wp-json\/wp\/v2\/comments?post=482598"}],"version-history":[{"count":0,"href":"https:\/\/www.europesays.com\/fr\/wp-json\/wp\/v2\/posts\/482598\/revisions"}],"wp:featuredmedia":[{"embeddable":true,"href":"https:\/\/www.europesays.com\/fr\/wp-json\/wp\/v2\/media\/482599"}],"wp:attachment":[{"href":"https:\/\/www.europesays.com\/fr\/wp-json\/wp\/v2\/media?parent=482598"}],"wp:term":[{"taxonomy":"category","embeddable":true,"href":"https:\/\/www.europesays.com\/fr\/wp-json\/wp\/v2\/categories?post=482598"},{"taxonomy":"post_tag","embeddable":true,"href":"https:\/\/www.europesays.com\/fr\/wp-json\/wp\/v2\/tags?post=482598"}],"curies":[{"name":"wp","href":"https:\/\/api.w.org\/{rel}","templated":true}]}}