{"id":482612,"date":"2025-10-22T18:39:12","date_gmt":"2025-10-22T18:39:12","guid":{"rendered":"https:\/\/www.europesays.com\/fr\/482612\/"},"modified":"2025-10-22T18:39:12","modified_gmt":"2025-10-22T18:39:12","slug":"nous-esperons-une-belle-performance","status":"publish","type":"post","link":"https:\/\/www.europesays.com\/fr\/482612\/","title":{"rendered":"\u201cnous esp\u00e9rons une belle performance\u201d"},"content":{"rendered":"<p>Mercedes est reparti du GP des \u00c9tats-Unis avec un r\u00e9sultat mitig\u00e9 dimanche. Toto Wolff esp\u00e8re rebondir ce week-end lors du GP du Mexique de F1 qui d\u00e9bute vendredi m\u00eame si le circuit et les conditions sont particuliers \u00e0 Mexico.<\/p>\n<p>La lutte pour la 2e place du classement des constructeurs s&rsquo;est consid\u00e9rablement resserr\u00e9e apr\u00e8s le GP des \u00c9tats-Unis de F1. Mercedes, Ferrari et Red Bull sont regroup\u00e9s en 10 points alors que l&rsquo;\u00e9curie allemande comptait 20 points d&rsquo;avance avant l&rsquo;\u00e9tape d&rsquo;Austin. Au Mexique, le patron de Mercedes, Toto Wolff, esp\u00e8re se relancer alors que George Russell a termin\u00e9 2e de la course sprint et 6e en course dimanche :<\/p>\n<blockquote>\n<p>\u201cIl reste encore cinq courses. Seulement dix points s\u00e9parent la deuxi\u00e8me et la quatri\u00e8me place du championnat des constructeurs. Nous avons eu un mauvais r\u00e9sultat \u00e0 Austin et nos rivaux nous ont rattrap\u00e9s. Nous avons cependant l&rsquo;occasion de rebondir d\u00e8s ce week-end au Mexique\u201d.<\/p>\n<\/blockquote>\n<p>Sauf que le circuit \u00e0 Mexico est tr\u00e8s particulier en raison de l&rsquo;altitude et de la rar\u00e9faction de l&rsquo;air :<\/p>\n<blockquote>\n<p>\u201cMexico pr\u00e9sente un d\u00e9fi unique. L&rsquo;altitude \u00e9lev\u00e9e sollicite consid\u00e9rablement les freins et le moteur, tandis que l&rsquo;air rar\u00e9fi\u00e9 exige un r\u00e9glage \u00e0 fort appui. Le plateau est serr\u00e9, mais nous esp\u00e9rons une belle performance, plus forte que celle que nous avons r\u00e9alis\u00e9e il y a quelques jours au Texas\u201d.<\/p>\n<\/blockquote>\n<p>Programme, cha\u00eene TV et horaires du GP du Mexique de F1 pour la France<\/p>\n<tr>\nSESSION<br \/>\nCHA\u00ceNE TV<br \/>\nDATE<br \/>\nHORAIRE<br \/>\n<\/tr>\n<tr>\n<td style=\"border:1px solid hsl(0, 0%, 90%);text-align:center;\">Essais Libres 1<\/td>\n<td style=\"border:1px solid hsl(0, 0%, 90%);text-align:center;\">Canal+ Sport<\/td>\n<td style=\"border:1px solid hsl(0, 0%, 90%);text-align:center;\">Vendredi 24 octobre<\/td>\n<td style=\"border:1px solid hsl(0, 0%, 90%);text-align:center;\">\u00c0 partir de 20h10<\/td>\n<\/tr>\n<tr>\n<td style=\"background-color:hsl(0, 0%, 90%);border:1px solid hsl(0, 0%, 90%);text-align:center;\">Qualifications sprint<\/td>\n<td style=\"background-color:hsl(0, 0%, 90%);border:1px solid hsl(0, 0%, 90%);text-align:center;\">Canal+ Sport<\/td>\n<td style=\"background-color:hsl(0, 0%, 90%);border:1px solid hsl(0, 0%, 90%);text-align:center;\">Vendredi 24 octobre<\/td>\n<td style=\"background-color:hsl(0, 0%, 90%);border:1px solid hsl(0, 0%, 90%);text-align:center;\">\u00c0 partir de 23h55<\/td>\n<\/tr>\n<tr>\n<td style=\"border:1px solid hsl(0, 0%, 90%);text-align:center;\">Course sprint<\/td>\n<td style=\"border:1px solid hsl(0, 0%, 90%);text-align:center;\">Canal+ Sport<\/td>\n<td style=\"border:1px solid hsl(0, 0%, 90%);text-align:center;\">Samedi 25 octobre<\/td>\n<td style=\"border:1px solid hsl(0, 0%, 90%);text-align:center;\">\u00c0 partir de 19h20<\/td>\n<\/tr>\n<tr>\n<td style=\"background-color:hsl(0, 0%, 90%);border:1px solid hsl(0, 0%, 90%);text-align:center;\">Qualifications<\/td>\n<td style=\"background-color:hsl(0, 0%, 90%);border:1px solid hsl(0, 0%, 90%);text-align:center;\">Canal+ Sport<\/td>\n<td style=\"background-color:hsl(0, 0%, 90%);border:1px solid hsl(0, 0%, 90%);text-align:center;\">Samedi 25 octobre<\/td>\n<td style=\"background-color:hsl(0, 0%, 90%);text-align:center;\">\u00c0 partir de 22h40<\/td>\n<\/tr>\n<tr>\n<td style=\"border:1px solid hsl(0, 0%, 90%);text-align:center;\">Course<\/td>\n<td style=\"border:1px solid hsl(0, 0%, 90%);text-align:center;\">Canal+ Sport 360<\/td>\n<td style=\"border:1px solid hsl(0, 0%, 90%);text-align:center;\">Dimanche 26 octobre<\/td>\n<td style=\"text-align:center;\">\u00c0 partir de 21h<\/td>\n<\/tr>\n<p>Cr\u00e9dit photo : Richard Pardon &#8211; Mercedes.<\/p>\n","protected":false},"excerpt":{"rendered":"Mercedes est reparti du GP des \u00c9tats-Unis avec un r\u00e9sultat mitig\u00e9 dimanche. Toto Wolff esp\u00e8re rebondir ce week-end&hellip;\n","protected":false},"author":2,"featured_media":482613,"comment_status":"","ping_status":"","sticky":false,"template":"","format":"standard","meta":{"footnotes":""},"categories":[1412],"tags":[1451,1452,1453,1454,1455,1011,27,60],"class_list":{"0":"post-482612","1":"post","2":"type-post","3":"status-publish","4":"format-standard","5":"has-post-thumbnail","7":"category-f1","8":"tag-f1","9":"tag-formula-1","10":"tag-formula1","11":"tag-formule-1","12":"tag-formule1","13":"tag-fr","14":"tag-france","15":"tag-sports"},"share_on_mastodon":{"url":"https:\/\/pubeurope.com\/@fr\/115419281175904206","error":""},"_links":{"self":[{"href":"https:\/\/www.europesays.com\/fr\/wp-json\/wp\/v2\/posts\/482612","targetHints":{"allow":["GET"]}}],"collection":[{"href":"https:\/\/www.europesays.com\/fr\/wp-json\/wp\/v2\/posts"}],"about":[{"href":"https:\/\/www.europesays.com\/fr\/wp-json\/wp\/v2\/types\/post"}],"author":[{"embeddable":true,"href":"https:\/\/www.europesays.com\/fr\/wp-json\/wp\/v2\/users\/2"}],"replies":[{"embeddable":true,"href":"https:\/\/www.europesays.com\/fr\/wp-json\/wp\/v2\/comments?post=482612"}],"version-history":[{"count":0,"href":"https:\/\/www.europesays.com\/fr\/wp-json\/wp\/v2\/posts\/482612\/revisions"}],"wp:featuredmedia":[{"embeddable":true,"href":"https:\/\/www.europesays.com\/fr\/wp-json\/wp\/v2\/media\/482613"}],"wp:attachment":[{"href":"https:\/\/www.europesays.com\/fr\/wp-json\/wp\/v2\/media?parent=482612"}],"wp:term":[{"taxonomy":"category","embeddable":true,"href":"https:\/\/www.europesays.com\/fr\/wp-json\/wp\/v2\/categories?post=482612"},{"taxonomy":"post_tag","embeddable":true,"href":"https:\/\/www.europesays.com\/fr\/wp-json\/wp\/v2\/tags?post=482612"}],"curies":[{"name":"wp","href":"https:\/\/api.w.org\/{rel}","templated":true}]}}