{"id":482614,"date":"2025-10-22T18:40:12","date_gmt":"2025-10-22T18:40:12","guid":{"rendered":"https:\/\/www.europesays.com\/fr\/482614\/"},"modified":"2025-10-22T18:40:12","modified_gmt":"2025-10-22T18:40:12","slug":"alison-jackson-signe-en-france-actualite","status":"publish","type":"post","link":"https:\/\/www.europesays.com\/fr\/482614\/","title":{"rendered":"Alison Jackson signe en France &#8211; Actualit\u00e9"},"content":{"rendered":"<p style=\"text-align: justify;\">Alison Jackson\u00a0rejoindra\u00a0<a href=\"https:\/\/www.directvelo.com\/equipe\/110\/st-michel-preference-home-auber-93\" target=\"_blank\" rel=\"noopener\"><strong>St Michel-Preference Home-Auber 93<\/strong><\/a> en 2026. Elle s&rsquo;est engag\u00e9e pour deux saisons. La Canadienne de 36 ans met fin \u00e0 trois ann\u00e9es pass\u00e9es sous les couleurs d<a href=\"https:\/\/www.directvelo.com\/equipe\/9600\/ef-education-oatly\" target=\"_blank\" rel=\"noopener\"><strong>\u2019EF Education-Oatly<\/strong><\/a>, o\u00f9 elle avait sign\u00e9 en 2023.<\/p>\n<p>En 2025, elle a remport\u00e9 le titre national au Canada (4e du contre-la-montre) ainsi que le g\u00e9n\u00e9ral et une \u00e9tape de la Gracia Orlov\u00e1. Pr\u00e9sente sur les classiques, elle s\u2019est class\u00e9e 2e de la Classique du Maryland, 5e de Paris-Roubaix et 7e de l\u2019Amstel Gold Race.<\/p>\n<p>Ce n\u2019\u00e9tait d\u2019ailleurs pas la premi\u00e8re fois qu\u2019elle se distinguait sur l\u2019Enfer du Nord, puisqu\u2019<a href=\"https:\/\/www.directvelo.com\/actualite\/103607\/paris-roubaix-femmes-classement\" target=\"_blank\" rel=\"noopener\"><strong>elle avait triomph\u00e9 sur le v\u00e9lodrome de Roubaix en 2023<\/strong><\/a>. Depuis son arriv\u00e9e dans la structure am\u00e9ricaine, elle a aussi gagn\u00e9 une \u00e9tape de la Vuelta en 2024.<\/p>\n<p>Avant son passage chez EF Education, Jackson avait \u00e9volu\u00e9 au sein de cinq formations internationales dont le Team Sunweb et Liv Racing entre 2020 et 2022.<\/p>\n<p>Retrouvez\u00a0tous les transferts f\u00e9minins de l&rsquo;intersaison 2025-2026\u00a0<a href=\"https:\/\/www.directvelo.com\/mutations\/2026#teams-women\" target=\"_blank\" rel=\"noopener\"><strong>en cliquant ici<\/strong><\/a>.<\/p>\n","protected":false},"excerpt":{"rendered":"Alison Jackson\u00a0rejoindra\u00a0St Michel-Preference Home-Auber 93 en 2026. Elle s&rsquo;est engag\u00e9e pour deux saisons. La Canadienne de 36 ans&hellip;\n","protected":false},"author":2,"featured_media":482615,"comment_status":"","ping_status":"","sticky":false,"template":"","format":"standard","meta":{"footnotes":""},"categories":[1411],"tags":[834,828,836,829,837,827,83,826,824,823,1154,207,814,817,815,816,822,821,832,211,839,1011,27,820,818,819,835,831,830,833,838,60,212,208,825],"class_list":{"0":"post-482614","1":"post","2":"type-post","3":"status-publish","4":"format-standard","5":"has-post-thumbnail","7":"category-cyclisme","8":"tag-attaque","9":"tag-belgique","10":"tag-braquet","11":"tag-bretagne","12":"tag-chute","13":"tag-competition","14":"tag-coupe-de-france","15":"tag-coureur","16":"tag-course-cyclisme","17":"tag-course-cycliste","18":"tag-cycling","19":"tag-cyclisme","20":"tag-direct","21":"tag-direct-velo","22":"tag-directvelo","23":"tag-directvelo-com","24":"tag-epreuve","25":"tag-epreuve-cycliste","26":"tag-federation-francaise-de-cyclisme","27":"tag-ffc","28":"tag-flandres","29":"tag-fr","30":"tag-france","31":"tag-live","32":"tag-live-course","33":"tag-live-epreuve","34":"tag-peloton","35":"tag-radio-peloton","36":"tag-radio-tour","37":"tag-ravitaillement","38":"tag-relance","39":"tag-sports","40":"tag-uci","41":"tag-velo","42":"tag-velos"},"share_on_mastodon":{"url":"https:\/\/pubeurope.com\/@fr\/115419285138169585","error":""},"_links":{"self":[{"href":"https:\/\/www.europesays.com\/fr\/wp-json\/wp\/v2\/posts\/482614","targetHints":{"allow":["GET"]}}],"collection":[{"href":"https:\/\/www.europesays.com\/fr\/wp-json\/wp\/v2\/posts"}],"about":[{"href":"https:\/\/www.europesays.com\/fr\/wp-json\/wp\/v2\/types\/post"}],"author":[{"embeddable":true,"href":"https:\/\/www.europesays.com\/fr\/wp-json\/wp\/v2\/users\/2"}],"replies":[{"embeddable":true,"href":"https:\/\/www.europesays.com\/fr\/wp-json\/wp\/v2\/comments?post=482614"}],"version-history":[{"count":0,"href":"https:\/\/www.europesays.com\/fr\/wp-json\/wp\/v2\/posts\/482614\/revisions"}],"wp:featuredmedia":[{"embeddable":true,"href":"https:\/\/www.europesays.com\/fr\/wp-json\/wp\/v2\/media\/482615"}],"wp:attachment":[{"href":"https:\/\/www.europesays.com\/fr\/wp-json\/wp\/v2\/media?parent=482614"}],"wp:term":[{"taxonomy":"category","embeddable":true,"href":"https:\/\/www.europesays.com\/fr\/wp-json\/wp\/v2\/categories?post=482614"},{"taxonomy":"post_tag","embeddable":true,"href":"https:\/\/www.europesays.com\/fr\/wp-json\/wp\/v2\/tags?post=482614"}],"curies":[{"name":"wp","href":"https:\/\/api.w.org\/{rel}","templated":true}]}}