{"id":48262,"date":"2025-04-24T04:20:09","date_gmt":"2025-04-24T04:20:09","guid":{"rendered":"https:\/\/www.europesays.com\/fr\/48262\/"},"modified":"2025-04-24T04:20:09","modified_gmt":"2025-04-24T04:20:09","slug":"un-trafic-tres-dense-attendu-sur-la7-et-autour-de-lyon-pour-le-dernier-week-end-davril","status":"publish","type":"post","link":"https:\/\/www.europesays.com\/fr\/48262\/","title":{"rendered":"un trafic tr\u00e8s dense attendu sur l\u2019A7 et autour de Lyon pour le dernier week-end d\u2019avril"},"content":{"rendered":"<p>Pour ce dernier week-end d\u2019avril, la circulation s\u2019annonce particuli\u00e8rement difficile dans la vall\u00e9e du Rh\u00f4ne. VINCI Autoroutes pr\u00e9voit des pics de trafic tout au long du week-end sur l\u2019A7, notamment dans le secteur de Valence, d\u00e8s la mi-journ\u00e9e du samedi 26\u00a0avril en direction de Lyon. La fin des vacances de printemps pour la zone C et la poursuite des cong\u00e9s pour la zone A accentuent la pression sur cet axe, avec des ralentissements attendus du vendredi apr\u00e8s-midi jusqu\u2019au dimanche soir.<\/p>\n<p>  Les horaires de congestion<\/p>\n<p>Selon Vinci Autoroutes, la circulation sera tr\u00e8s dense d\u00e8s vendredi apr\u00e8s-midi sur l\u2019A7 avec des bouchons attendus de 14\u00a0h \u00e0 19\u00a0h dans le sens des d\u00e9parts. Samedi, ces ralentissements seront concentr\u00e9s entre 10\u00a0h et 12\u00a0h.<\/p>\n<p>Les retours vers Lyon seront \u00e9galement compliqu\u00e9s, avec un trafic charg\u00e9 vendredi de 14\u00a0h \u00e0 18\u00a0h, samedi entre 10\u00a0h et 13\u00a0h, et dimanche de 16\u00a0h \u00e0 19\u00a0h.<\/p>\n<p>  Dispositif d\u2019information renforc\u00e9 pour les voyageurs<\/p>\n<p>Pour accompagner les usagers, les \u00e9quipes de VINCI Autoroutes et leurs partenaires sur les aires sont pleinement mobilis\u00e9s. Un dispositif d\u2019informations multim\u00e9dia enrichi d\u00e9marre ce mercredi 23\u00a0avril \u00e0 16\u00a0h\u00a0: flash vid\u00e9o de pr\u00e9visions trafic <a href=\"https:\/\/www.youtube.com\/c\/Radiovinciautoroutes\" target=\"_blank\" rel=\"nofollow noopener\">sur la cha\u00eene YouTube<\/a> de Radio VINCI Autoroutes, mises \u00e0 jour sur <a href=\"https:\/\/www.vinci-autoroutes.com\/fr\/\" target=\"_blank\" rel=\"nofollow noopener\">le site Internet<\/a>, <a href=\"https:\/\/x.com\/VINCIAutoroutes\" target=\"_blank\" rel=\"nofollow\">le compte X<\/a> et les bornes Info trafic sur les principales aires de services.<\/p>\n<p>Les automobilistes sont donc appel\u00e9s \u00e0 la vigilance et \u00e0 bien s\u2019informer avant de prendre la route pour limiter les d\u00e9sagr\u00e9ments sur ce week-end.<\/p>\n","protected":false},"excerpt":{"rendered":"Pour ce dernier week-end d\u2019avril, la circulation s\u2019annonce particuli\u00e8rement difficile dans la vall\u00e9e du Rh\u00f4ne. VINCI Autoroutes pr\u00e9voit&hellip;\n","protected":false},"author":2,"featured_media":48263,"comment_status":"","ping_status":"","sticky":false,"template":"","format":"standard","meta":{"footnotes":""},"categories":[1889],"tags":[1111,11,2430,3542,2757,1777,674,1011,27,2428,2756,12,25,2429,2803],"class_list":{"0":"post-48262","1":"post","2":"type-post","3":"status-publish","4":"format-standard","5":"has-post-thumbnail","7":"category-lyon","8":"tag-actu","9":"tag-actualites","10":"tag-auvergne-rhone-alpes","11":"tag-circulation","12":"tag-edition-lyon-villeurbanne","13":"tag-eu","14":"tag-europe","15":"tag-fr","16":"tag-france","17":"tag-lyon","18":"tag-lyon-bassin","19":"tag-news","20":"tag-republique-francaise","21":"tag-rhone","22":"tag-transport"},"share_on_mastodon":{"url":"https:\/\/pubeurope.com\/@fr\/114391025097023988","error":""},"_links":{"self":[{"href":"https:\/\/www.europesays.com\/fr\/wp-json\/wp\/v2\/posts\/48262","targetHints":{"allow":["GET"]}}],"collection":[{"href":"https:\/\/www.europesays.com\/fr\/wp-json\/wp\/v2\/posts"}],"about":[{"href":"https:\/\/www.europesays.com\/fr\/wp-json\/wp\/v2\/types\/post"}],"author":[{"embeddable":true,"href":"https:\/\/www.europesays.com\/fr\/wp-json\/wp\/v2\/users\/2"}],"replies":[{"embeddable":true,"href":"https:\/\/www.europesays.com\/fr\/wp-json\/wp\/v2\/comments?post=48262"}],"version-history":[{"count":0,"href":"https:\/\/www.europesays.com\/fr\/wp-json\/wp\/v2\/posts\/48262\/revisions"}],"wp:featuredmedia":[{"embeddable":true,"href":"https:\/\/www.europesays.com\/fr\/wp-json\/wp\/v2\/media\/48263"}],"wp:attachment":[{"href":"https:\/\/www.europesays.com\/fr\/wp-json\/wp\/v2\/media?parent=48262"}],"wp:term":[{"taxonomy":"category","embeddable":true,"href":"https:\/\/www.europesays.com\/fr\/wp-json\/wp\/v2\/categories?post=48262"},{"taxonomy":"post_tag","embeddable":true,"href":"https:\/\/www.europesays.com\/fr\/wp-json\/wp\/v2\/tags?post=48262"}],"curies":[{"name":"wp","href":"https:\/\/api.w.org\/{rel}","templated":true}]}}