{"id":482622,"date":"2025-10-22T18:45:20","date_gmt":"2025-10-22T18:45:20","guid":{"rendered":"https:\/\/www.europesays.com\/fr\/482622\/"},"modified":"2025-10-22T18:45:20","modified_gmt":"2025-10-22T18:45:20","slug":"un-record-pour-la-vente-de-livres-de-la-fondation-htapq","status":"publish","type":"post","link":"https:\/\/www.europesays.com\/fr\/482622\/","title":{"rendered":"Un record pour la vente de livres de la Fondation HTAPQ"},"content":{"rendered":"<p>La Fondation hypertension art\u00e9rielle pulmonaire-Qu\u00e9bec (HTAPQ) a amass\u00e9 un montant record de 28\u00a0161 $ lors de la vente de livres annuelle, qui a eu lieu r\u00e9cemment au Motel Le Phare de Plessisville.<\/p>\n<p>L\u2019organisation tenait \u00e0 remercier tous les b\u00e9n\u00e9voles et les visiteurs qui ont particip\u00e9. La vente de livres de la Fondation HTAPQ est un \u00e9v\u00e9nement bien connu dans la r\u00e9gion. Des gens de Saint-Georges-de-Beauce, Trois-Rivi\u00e8res, B\u00e9cancour, Sherbrooke, Thetford Mines et des villes environnantes se sont d\u00e9plac\u00e9s pour se procurer des livres de toutes sortes, \u00e0 petits prix. \u201cC\u2019est un montant au-del\u00e0 de nos attentes. Nous sommes tr\u00e8s contents. L\u2019an dernier, nous avions recueilli pr\u00e8s de 16\u00a0300 $. Nous avions beaucoup plus de livres et nous avons re\u00e7u beaucoup plus de visiteurs cette ann\u00e9e. Nous avons offert une promotion. Les gens pouvaient remplir un gros sac d\u2019\u00e9picerie avec les livres qu\u2019ils souhaitaient pour seulement 40 $. Les visiteurs se sont tourn\u00e9s vers cette option pour avoir plus de livres pour leur argent et \u00e7a faisait notre bonheur parce que nous voulions remballer le moins de livres possible. Le tout, en plus de donner davantage \u00e0 la Fondation\u201d, a soutenu une b\u00e9n\u00e9vole de longue date, Dolor\u00e8s Carrier.<\/p>\n<p>Ce sont pr\u00e8s de 50 b\u00e9n\u00e9voles qui sont venus aider \u00e0 la mise en place de la salle. Plusieurs personnes atteintes d\u2019hypertension art\u00e9rielle pulmonaire ont \u00e9galement donn\u00e9 de leur temps. \u201cNous sommes extr\u00eamement satisfaits. Tout \u00e7a s\u2019est fait gr\u00e2ce aux nombreux b\u00e9n\u00e9voles qui sont venus nous aider. Pour d\u00e9m\u00e9nager 800 caisses de livres et tout installer pour la fin de semaine, \u00e7a prend beaucoup de personnes et heureusement les b\u00e9n\u00e9voles ont \u00e9t\u00e9 au rendez-vous. Ils ont \u00e9t\u00e9 g\u00e9n\u00e9reux de donner de leur temps. Ils ont travaill\u00e9 fort et ils ont \u00e9t\u00e9 tr\u00e8s efficaces. Sans eux, il n\u2019y aurait pas de vente de livres. Nous les remercions chaleureusement. Merci aussi aux gens, c\u2019est de l\u2019aide tr\u00e8s pr\u00e9cieuse pour les personnes atteintes. Il y a une personne atteinte qui est venue nous aider, tout droit de B\u00e9cancour. Elle a pris la parole pour remercier les gens. \u00c7a a \u00e9t\u00e9 un beau moment, parce que nous avions la preuve que l\u2019argent servait \u00e0 quelque chose. Nous avons eu aussi beaucoup de messages sur les r\u00e9seaux sociaux\u201d, a partag\u00e9 Mme Carrier.<\/p>\n<p>La vente de fromages est commenc\u00e9e<\/p>\n<p>Comme chaque ann\u00e9e, la Fondation HTAPQ sugg\u00e8re une campagne de financement pour la p\u00e9riode des F\u00eates. Il s\u2019agit d\u2019une vente de fromages, d\u2019huile et vinaigre, ainsi que des verrines. Cette activit\u00e9 de financement permettra, elle aussi, d\u2019amasser des fonds pour la Fondation, dans l\u2019objectif d\u2019aider les personnes atteintes de la maladie.<\/p>\n<p>Toutes les commandes doivent \u00eatre achemin\u00e9es aux personnes-ressources situ\u00e9es \u00e0 Plessisville et dans les environs avant le 14 novembre.<\/p>\n<p>Marthe Cormier : 819 362-0686<\/p>\n<p>Denis Cormier : 819 362-6275<\/p>\n<p>Richard Gosselin : 819 362-8311<\/p>\n<p>Dolor\u00e8s Carrier\u00a0: 819 362-6236<\/p>\n<p>Les acheteurs recevront leurs produits \u00e0 partir du 10 d\u00e9cembre. La mise en bo\u00eete des commandes se fera d\u2019ailleurs \u00e0 Plessisville avec l\u2019aide d\u2019une cinquantaine de b\u00e9n\u00e9voles.<\/p>\n<p>Pour davantage d\u2019informations, il suffit d\u2019\u00e9crire \u00e0 info@htapquebec.ca ou de composer le 450 773-5311.<\/p>\n<p><b>Par Marion Carey <\/b><\/p>\n<ul class=\"splide__list\">\n<li class=\"splide__slide\">\n<p>                                        <img loading=\"lazy\" decoding=\"async\" width=\"1536\" height=\"1024\" src=\"https:\/\/www.europesays.com\/fr\/wp-content\/uploads\/2025\/10\/8e8e354a19f86229ec59e3v_00168897-1536x1024.jpg\" class=\"object-cover h-full w-full medium-zoom-image\" alt=\"\"  \/><\/p>\n<p>                                            La Fondation HTAPQ est en pleine campagne de financement. Elle vous invite \u00e0 vous procurer l\u2019un de ses produits, dont les d\u00e9licieux fromages de l\u2019Abbaye Saint-Beno\u00eet-du-Lac. (Photo archives)<\/p>\n<\/li>\n<\/ul>\n<ul class=\"splide__list sm:justify-center \">\n<li class=\"splide__slide\">\n<p>                                        <img loading=\"lazy\" decoding=\"async\" width=\"768\" height=\"512\" src=\"https:\/\/www.europesays.com\/fr\/wp-content\/uploads\/2025\/10\/8e8e354a19f86229ec59e3v_00168897-768x512.jpg\" class=\"w-full h-full object-cover border-4 border-primary\/0 transition-colors\" alt=\"\"  \/><\/p>\n<\/li>\n<\/ul>\n","protected":false},"excerpt":{"rendered":"La Fondation hypertension art\u00e9rielle pulmonaire-Qu\u00e9bec (HTAPQ) a amass\u00e9 un montant record de 28\u00a0161 $ lors de la vente&hellip;\n","protected":false},"author":2,"featured_media":482623,"comment_status":"","ping_status":"","sticky":false,"template":"","format":"standard","meta":{"footnotes":""},"categories":[1357],"tags":[1379,58,59,1011,27,1380],"class_list":{"0":"post-482622","1":"post","2":"type-post","3":"status-publish","4":"format-standard","5":"has-post-thumbnail","7":"category-livres","8":"tag-books","9":"tag-divertissement","10":"tag-entertainment","11":"tag-fr","12":"tag-france","13":"tag-livres"},"share_on_mastodon":{"url":"https:\/\/pubeurope.com\/@fr\/115419304807170340","error":""},"_links":{"self":[{"href":"https:\/\/www.europesays.com\/fr\/wp-json\/wp\/v2\/posts\/482622","targetHints":{"allow":["GET"]}}],"collection":[{"href":"https:\/\/www.europesays.com\/fr\/wp-json\/wp\/v2\/posts"}],"about":[{"href":"https:\/\/www.europesays.com\/fr\/wp-json\/wp\/v2\/types\/post"}],"author":[{"embeddable":true,"href":"https:\/\/www.europesays.com\/fr\/wp-json\/wp\/v2\/users\/2"}],"replies":[{"embeddable":true,"href":"https:\/\/www.europesays.com\/fr\/wp-json\/wp\/v2\/comments?post=482622"}],"version-history":[{"count":0,"href":"https:\/\/www.europesays.com\/fr\/wp-json\/wp\/v2\/posts\/482622\/revisions"}],"wp:featuredmedia":[{"embeddable":true,"href":"https:\/\/www.europesays.com\/fr\/wp-json\/wp\/v2\/media\/482623"}],"wp:attachment":[{"href":"https:\/\/www.europesays.com\/fr\/wp-json\/wp\/v2\/media?parent=482622"}],"wp:term":[{"taxonomy":"category","embeddable":true,"href":"https:\/\/www.europesays.com\/fr\/wp-json\/wp\/v2\/categories?post=482622"},{"taxonomy":"post_tag","embeddable":true,"href":"https:\/\/www.europesays.com\/fr\/wp-json\/wp\/v2\/tags?post=482622"}],"curies":[{"name":"wp","href":"https:\/\/api.w.org\/{rel}","templated":true}]}}