{"id":482625,"date":"2025-10-22T18:47:14","date_gmt":"2025-10-22T18:47:14","guid":{"rendered":"https:\/\/www.europesays.com\/fr\/482625\/"},"modified":"2025-10-22T18:47:14","modified_gmt":"2025-10-22T18:47:14","slug":"vitaa-signe-un-joli-succes-avec-son-dernier-album-les-chiffres-de-ventes","status":"publish","type":"post","link":"https:\/\/www.europesays.com\/fr\/482625\/","title":{"rendered":"Vitaa signe un joli succ\u00e8s avec son dernier album, les chiffres de ventes !"},"content":{"rendered":"<p><img decoding=\"async\" src=\"https:\/\/www.europesays.com\/fr\/wp-content\/uploads\/2025\/10\/photo_1761128003.jpg\" class=\"textcenter img-content\" loading=\"lazy\"\/>Bestimage<br \/>\n<br \/>\nSamedi soir, Vitaa reprendra \u00e0 Narbonne le cours de sa tourn\u00e9e pour une s\u00e9rie de 15 dates qui se terminera en beaut\u00e9 avec trois soirs \u00e0 la Seine Musicale de Boulogne-Billancourt, du 28 au 30 novembre. \u00ab On a voulu faire un show \u00e0 l&rsquo;am\u00e9ricaine avec une sc\u00e9nographie exceptionnelle et des moments d&rsquo;intimit\u00e9 tr\u00e8s forts. Je descends souvent vers le public, je le fais participer. Ils chantent beaucoup et j&rsquo;adore \u00e7a les entendre. C&rsquo;est hybride et tr\u00e8s puissant, je suis souvent en larmes \u00bb d\u00e9crypte la chanteuse dans les colonnes de <a href=\"https:\/\/www.lindependant.fr\/2025\/10\/21\/je-naurai-jamais-espere-ca-en-solo-vitaa-poursuit-sa-tournee-a-narbonne-12991913.php\" target=\"_blank\" class=\"spip_out\" rel=\"nofollow noopener\">L&rsquo;ind\u00e9pendant<\/a>. Et assure que sa tourn\u00e9e est un joli succ\u00e8s, alors que certains \u00e9voquent de faibles taux de remplissage et des places brad\u00e9es \u00e0 -50% sur les sites : \u00ab Cette tourn\u00e9e, tr\u00e8s honn\u00eatement, c&rsquo;est la plus belle. On va finir \u00e0 quarante-cinq Z\u00e9nith et je n&rsquo;aurai jamais esp\u00e9r\u00e9 \u00e7a en solo pour un retour \u00bb.<\/p>\n<p>Le player Dailymotion est en train de se charger&#8230;<\/p>\n<p>Un ultime disque couronn\u00e9 de platine<br \/>\nUn bel engouement qui se v\u00e9rifie autant sur sc\u00e8ne que dans les charts. Car <a href=\"https:\/\/www.chartsinfrance.net\/actualite\/news-126313.html\" target=\"_blank\" class=\"spip_out\" rel=\"nofollow noopener\">son album \u00ab\u00a0Charlotte\u00a0\u00bb<\/a>, sorti en 2023, marquait donc le grand retour de Vitaa en solo apr\u00e8s l&rsquo;aventure \u00ab\u00a0Versus\u00a0\u00bb avec Slimane, sold\u00e9e par plus d&rsquo;un million de ventes. Tr\u00e8s attendue, l&rsquo;artiste s&rsquo;est entour\u00e9e de Dadju, Slimane ou Renaud Rebillaud pour confectionner ces chansons qui pourraient \u00eatre <a href=\"https:\/\/www.chartsinfrance.net\/actualite\/news-125009.html\" target=\"_blank\" class=\"spip_out\" rel=\"nofollow noopener\">les derni\u00e8res de sa carri\u00e8re<\/a>. \u00ab Je crois que plus \u00e7a va, plus j&rsquo;aime \u00eatre moins dans la lumi\u00e8re. Je prends \u00e9norm\u00e9ment de plaisir \u00e0 travailler pour d&rsquo;autres. Plus le temps passe, plus j&rsquo;aime faire \u00e7a. Donc peut-\u00eatre qu&rsquo;on me verra un peu moins dans les prochaines ann\u00e9es \u00bb indiquait <a href=\"https:\/\/www.chartsinfrance.net\/actualite\/news-125010.html\" target=\"_blank\" class=\"spip_out\" rel=\"nofollow noopener\">au micro de Purecharts<\/a> celle qui est devenue <a href=\"https:\/\/www.chartsinfrance.net\/actualite\/news-133206.html\" target=\"_blank\" class=\"spip_out\" rel=\"nofollow noopener\">actrice dans le feuilleton \u00ab\u00a0Tout pour la lumi\u00e8re\u00a0\u00bb<\/a>.<\/p>\n<p><a href=\"https:\/\/www.chartsinfrance.net\/actualite\/news-126416.html\" target=\"_blank\" class=\"spip_out\" rel=\"nofollow noopener\">Num\u00e9ro un des ventes<\/a> avec 13.800 achats en octobre 2023, le disque a poursuivi son chemin dans les charts m\u00eame si le succ\u00e8s a peut-\u00eatre \u00e9t\u00e9 moins impactant que pr\u00e9vu. Mais entre la tourn\u00e9e, une belle pr\u00e9sence m\u00e9diatique et trois singles certifi\u00e9s or (\u00ab\u00a0Je n&rsquo;oublie pas\u00a0\u00bb, <a href=\"https:\/\/www.chartsinfrance.net\/actualite\/news-125446.html\" target=\"_blank\" class=\"spip_out\" rel=\"nofollow noopener\">\u00ab\u00a0Les choses qu&rsquo;on fait\u00a0\u00bb<\/a> et d\u00e9sormais \u00ab\u00a0Un dimanche avec toi\u00a0\u00bb), le disque \u00ab\u00a0Charlotte\u00a0\u00bb s&rsquo;est vendu sur la dur\u00e9e et vient d&rsquo;\u00eatre certifi\u00e9 platine pour plus de 100.000 exemplaires vendus par le SNEP. Un nouveau succ\u00e8s pour Vitaa, qui se f\u00eatera donc ces prochaines semaines sur les routes de France. <\/p>\n<blockquote class=\"twitter-tweet\">\n<p lang=\"fr\" dir=\"ltr\">L&rsquo;album \u00ab Charlotte \u00bb de Vitaa est certifi\u00e9 Platine ! \ud83d\udcbf100 000 \u00e9quivalents ventes \ud83d\udcc8Bravo ! \ud83d\udc4f <a href=\"https:\/\/t.co\/RGPZlyFYPj\" rel=\"nofollow\">pic.twitter.com\/RGPZlyFYPj<\/a><\/p>\n<p>\u2014 Le SNEP (@snep) <a href=\"https:\/\/twitter.com\/snep\/status\/1980272052452880870?ref_src=twsrc%5Etfw\" rel=\"nofollow noopener\" target=\"_blank\">October 20, 2025<\/a><\/p><\/blockquote>\n<p> <script async src=\"https:\/\/platform.twitter.com\/widgets.js\" charset=\"utf-8\"><\/script><\/p>\n","protected":false},"excerpt":{"rendered":"Bestimage Samedi soir, Vitaa reprendra \u00e0 Narbonne le cours de sa tourn\u00e9e pour une s\u00e9rie de 15 dates&hellip;\n","protected":false},"author":2,"featured_media":482626,"comment_status":"","ping_status":"","sticky":false,"template":"","format":"standard","meta":{"footnotes":""},"categories":[1355],"tags":[58,59,1011,27,1361,873],"class_list":{"0":"post-482625","1":"post","2":"type-post","3":"status-publish","4":"format-standard","5":"has-post-thumbnail","7":"category-musique","8":"tag-divertissement","9":"tag-entertainment","10":"tag-fr","11":"tag-france","12":"tag-music","13":"tag-musique"},"share_on_mastodon":{"url":"https:\/\/pubeurope.com\/@fr\/115419312759290198","error":""},"_links":{"self":[{"href":"https:\/\/www.europesays.com\/fr\/wp-json\/wp\/v2\/posts\/482625","targetHints":{"allow":["GET"]}}],"collection":[{"href":"https:\/\/www.europesays.com\/fr\/wp-json\/wp\/v2\/posts"}],"about":[{"href":"https:\/\/www.europesays.com\/fr\/wp-json\/wp\/v2\/types\/post"}],"author":[{"embeddable":true,"href":"https:\/\/www.europesays.com\/fr\/wp-json\/wp\/v2\/users\/2"}],"replies":[{"embeddable":true,"href":"https:\/\/www.europesays.com\/fr\/wp-json\/wp\/v2\/comments?post=482625"}],"version-history":[{"count":0,"href":"https:\/\/www.europesays.com\/fr\/wp-json\/wp\/v2\/posts\/482625\/revisions"}],"wp:featuredmedia":[{"embeddable":true,"href":"https:\/\/www.europesays.com\/fr\/wp-json\/wp\/v2\/media\/482626"}],"wp:attachment":[{"href":"https:\/\/www.europesays.com\/fr\/wp-json\/wp\/v2\/media?parent=482625"}],"wp:term":[{"taxonomy":"category","embeddable":true,"href":"https:\/\/www.europesays.com\/fr\/wp-json\/wp\/v2\/categories?post=482625"},{"taxonomy":"post_tag","embeddable":true,"href":"https:\/\/www.europesays.com\/fr\/wp-json\/wp\/v2\/tags?post=482625"}],"curies":[{"name":"wp","href":"https:\/\/api.w.org\/{rel}","templated":true}]}}