{"id":482629,"date":"2025-10-22T18:49:11","date_gmt":"2025-10-22T18:49:11","guid":{"rendered":"https:\/\/www.europesays.com\/fr\/482629\/"},"modified":"2025-10-22T18:49:11","modified_gmt":"2025-10-22T18:49:11","slug":"attention-a-labus-de-cette-vitamine-anodine-quon-prend-souvent-quand-on-est-malade-elle-pourrait-vous-jouer-des-tours","status":"publish","type":"post","link":"https:\/\/www.europesays.com\/fr\/482629\/","title":{"rendered":"Attention \u00e0 l&rsquo;abus de cette vitamine anodine qu&rsquo;on prend souvent quand on est malade, elle pourrait vous jouer des tours"},"content":{"rendered":"<p>Filer \u00e0 la pharmacie ou ouvrir le placard \u00e0 compl\u00e9ments alimentaires d\u00e8s les premiers frissons, c&rsquo;est devenu presque un automatisme chez nombre d&rsquo;entre nous, surtout \u00e0 l&rsquo;approche des jours plus frais d&rsquo;octobre. Mais l&rsquo;enthousiasme avec lequel nous avalons des vitamines pour \u00ab\u00a0booster\u00a0\u00bb nos d\u00e9fenses m\u00e9rite-t-il d&rsquo;\u00eatre questionn\u00e9 ? Si la vitamine C fait figure de chouchou lorsqu&rsquo;un rhume s&rsquo;invite, il est temps de se demander si ce r\u00e9flexe, apparemment sans risque, peut parfois se retourner contre nous. Une habitude anodine, vraiment\u2026 ou une fausse bonne id\u00e9e ?<\/p>\n<p>La vitamine C : alli\u00e9e sant\u00e9 ou r\u00e9flexe automatique ?<\/p>\n<p>La vitamine C occupe une place de choix dans nos bo\u00eetes \u00e0 pharmacie. En comprim\u00e9s \u00e0 croquer, effervescents, ou simplement glan\u00e9e dans un verre de jus d&rsquo;orange press\u00e9, elle semble la solution miracle d\u00e8s qu&rsquo;il s&rsquo;agit de <strong>faire barrage<\/strong> aux petites infections hivernales.<\/p>\n<p><strong>L&rsquo;engouement pour la vitamine C d\u00e9passe de loin sa vraie n\u00e9cessit\u00e9 nutritionnelle<\/strong>. D&rsquo;un c\u00f4t\u00e9, son image de rem\u00e8de naturel rassure. De l&rsquo;autre, la peur de manquer d&rsquo;\u00e9nergie ou de tra\u00eener un vilain virus pousse \u00e0 surconsommer, par automatisme, sans toujours r\u00e9fl\u00e9chir \u00e0 l&rsquo;utilit\u00e9 ou aux \u00e9ventuels <a href=\"https:\/\/journaldesseniors.20minutes.fr\/sante\/medicament-anti-calvitie-mis-en-cause-effets-secondaires-graves-finasteride\/\" target=\"_blank\" rel=\"noopener\">effets secondaires<\/a>.<\/p>\n<p> Pourquoi nous la pl\u00e9biscitons \u00e0 la moindre alerte<\/p>\n<p>L&rsquo;id\u00e9e que la vitamine C \u00ab\u00a0dope\u00a0\u00bb instantan\u00e9ment notre vitalit\u00e9 et raccourcit la dur\u00e9e d&rsquo;un rhume s&rsquo;est insidieusement ancr\u00e9e dans l&rsquo;imaginaire collectif. Ce geste rassurant traduit une <strong>volont\u00e9 de reprendre le contr\u00f4le<\/strong> sur sa sant\u00e9, en misant sur un ingr\u00e9dient accessible, peu co\u00fbteux, et per\u00e7u comme naturel.<\/p>\n<p> Les croyances populaires autour du \u00ab\u00a0coup de boost\u00a0\u00bb<\/p>\n<p>La r\u00e9putation \u00e9nerg\u00e9tique de la vitamine C n&rsquo;est plus \u00e0 faire. Dans les rayons des pharmacies, elle tr\u00f4ne au sein de produits vantant une action \u00ab\u00a0anti-fatigue\u00a0\u00bb ou soutenant \u00ab\u00a0l&rsquo;immunit\u00e9\u00a0\u00bb. Pourtant, cette all\u00e9gation m\u00e9rite d&rsquo;\u00eatre <strong>nuanc\u00e9e<\/strong>, surtout lorsqu&rsquo;on en vient \u00e0 consid\u00e9rer la vitamine C plus comme un r\u00e9flexe automatique que comme un v\u00e9ritable atout sant\u00e9.<\/p>\n<p>Quand la dose fait le poison : les risques m\u00e9connus de l&rsquo;exc\u00e8s<\/p>\n<p>Prendre un peu de vitamine C ne pose a priori pas de probl\u00e8me. Mais multiplier les apports, sous forme de compl\u00e9ments en plus d&rsquo;une alimentation d\u00e9j\u00e0 riche en fruits, n&rsquo;est pas sans <strong>cons\u00e9quences potentielles<\/strong> sur notre organisme.<\/p>\n<p>L&rsquo;irritation digestive, un effet secondaire trop souvent ignor\u00e9<\/p>\n<p>On parle rarement des effets digestifs de la vitamine C consomm\u00e9e en trop grande quantit\u00e9. Pourtant, un exc\u00e8s peut se traduire par des troubles digestifs : br\u00fblures d&rsquo;estomac, diarrh\u00e9es, ou inconfort abdominal. Chez les personnes plus sensibles, ces <strong>sympt\u00f4mes d\u00e9sagr\u00e9ables<\/strong> surviennent parfois apr\u00e8s seulement quelques grammes, alors que la dose journali\u00e8re recommand\u00e9e ne d\u00e9passe gu\u00e8re 110 mg en France pour un adulte !<\/p>\n<p> Peut-elle perturber d&rsquo;autres traitements ou diagnostics ?<\/p>\n<p>Si la vitamine C est r\u00e9put\u00e9e anodine, elle n&rsquo;est pas sans interactions potentielles avec certains m\u00e9dicaments, notamment les traitements anticoagulants ou les tests sanguins pour le diab\u00e8te o\u00f9 elle peut <a href=\"https:\/\/journaldesseniors.20minutes.fr\/sante\/glycemie-normale-decouvrez-seuils-critiques-erreurs-eviter-sante-optimale\/\" target=\"_blank\" rel=\"noopener\">fausser les r\u00e9sultats<\/a>. <strong>Un argument suppl\u00e9mentaire pour \u00e9viter l&rsquo;<a href=\"https:\/\/journaldesseniors.20minutes.fr\/sante\/ces-2-aliments-aggravent-fortement-symptomes-menopause-etude\/\" target=\"_blank\" rel=\"noopener\">autom\u00e9dication excessive<\/a><\/strong>, surtout chez les personnes sous traitement ou ayant des pathologies chroniques.<\/p>\n<p>Vitamine C et virus : d\u00e9m\u00ealer le vrai du faux<\/p>\n<p>\u00c0 l&rsquo;approche de l&rsquo;hiver, bien des conversations reviennent \u00e0 la fameuse question : La vitamine C acc\u00e9l\u00e8re-t-elle vraiment la gu\u00e9rison lors d&rsquo;un rhume ou d&rsquo;une infection ?<\/p>\n<p> Que dit la science sur la r\u00e9duction des sympt\u00f4mes ?<\/p>\n<p>Contrairement \u00e0 la pens\u00e9e commune, la suppl\u00e9mentation en vitamine C n&rsquo;a jamais d\u00e9montr\u00e9 une capacit\u00e9 \u00e0 <strong>pr\u00e9venir<\/strong> un rhume chez la population g\u00e9n\u00e9rale, ni \u00e0 raccourcir de fa\u00e7on significative la dur\u00e9e d&rsquo;un virus. Elle peut tout au plus am\u00e9liorer le confort avec un l\u00e9ger effet sur certains sympt\u00f4mes, le plus souvent chez les personnes en d\u00e9ficit, ce qui reste rare avec une alimentation vari\u00e9e.<\/p>\n<p> Le mythe du \u00ab\u00a0rem\u00e8de miracle\u00a0\u00bb \u00e0 l&rsquo;\u00e9preuve des \u00e9tudes<\/p>\n<p>Si la vitamine C est essentielle au bon fonctionnement de l&rsquo;organisme, elle n&rsquo;agit pas comme un <strong>bouclier miraculeux<\/strong> contre les virus saisonniers. Surcharger l&rsquo;organisme n&rsquo;apporte ni protection suppl\u00e9mentaire, ni acc\u00e9l\u00e9ration franche de la gu\u00e9rison. Loin de l&rsquo;image de panac\u00e9e, la vitamine C m\u00e9rite d&rsquo;\u00eatre consomm\u00e9e avec discernement, notamment chez les seniors ou les personnes suivant plusieurs traitements.<\/p>\n<p> Autom\u00e9dication et fausses bonnes id\u00e9es<\/p>\n<p>L&rsquo;envie de se sentir acteur de sa sant\u00e9 n&rsquo;est pas sans risque lorsqu&rsquo;elle pousse \u00e0 accumuler \u00ab\u00a0les petits plus sant\u00e9\u00a0\u00bb sans r\u00e9flexion globale.<\/p>\n<p> Les pi\u00e8ges du \u00ab\u00a0toujours plus\u00a0\u00bb en autom\u00e9dication<\/p>\n<p>L&rsquo;id\u00e9e selon laquelle \u00ab\u00a0qui peut le plus peut le moins\u00a0\u00bb est particuli\u00e8rement trompeuse avec la vitamine C. Prendre une dose \u00e9lev\u00e9e sans se soucier des apports alimentaires expose \u00e0 des <strong>effets ind\u00e9sirables inutiles<\/strong>, tout en cr\u00e9ant une fausse impression de s\u00e9curit\u00e9 concernant notre r\u00e9sistance aux virus.<\/p>\n<p>Cas pratiques : interactions et situations \u00e0 risque<\/p>\n<p>Chez certains, l&rsquo;association de vitamine C avec des traitements contre l&rsquo;hypertension, des anticoagulants, ou encore lors d&rsquo;analyses m\u00e9dicales, peut s&rsquo;av\u00e9rer probl\u00e9matique. Le message cl\u00e9 : <strong>s&rsquo;informer aupr\u00e8s d&rsquo;un professionnel de sant\u00e9<\/strong> reste la meilleure parade face aux faux pas de l&rsquo;autom\u00e9dication, m\u00eame pour un compl\u00e9ment apparemment inoffensif.<\/p>\n<p>Chouchouter son immunit\u00e9 autrement : alternatives malignes<\/p>\n<p>Plut\u00f4t que de miser uniquement sur les comprim\u00e9s de vitamine C, d&rsquo;autres gestes du quotidien sont <strong>redoutablement efficaces<\/strong> pour soutenir son immunit\u00e9 \u00e0 l&rsquo;approche de l&rsquo;hiver.<\/p>\n<p> Les meilleurs gestes pour soutenir naturellement ses d\u00e9fenses<\/p>\n<p>Adopter une hygi\u00e8ne de vie globale reste le socle de d\u00e9fenses solides. Dormir suffisamment, pratiquer une activit\u00e9 physique r\u00e9guli\u00e8re, \u00e9viter le stress chronique et bien s&rsquo;hydrater, voil\u00e0 des <strong>atouts incontournables<\/strong> pour maintenir un syst\u00e8me immunitaire performant !<\/p>\n<p> L&rsquo;alimentation au c\u0153ur de la pr\u00e9vention quotidienne<\/p>\n<p>Miser sur une assiette riche en fruits de saison (kiwis, agrumes, cassis), en l\u00e9gumes frais, en ol\u00e9agineux et en aliments ferment\u00e9s, permet d&rsquo;apporter non seulement la vitamine C naturelle, mais aussi des <strong>vitamines et min\u00e9raux vari\u00e9s<\/strong> indispensables au bon fonctionnement immunitaire.<\/p>\n<p>Dosage, timing, mode d&#8217;emploi : la voie de la raison<\/p>\n<p>La tentation de doubler la dose, au moindre mal de gorge, est grande. Pour autant, respecter son organisme et ses v\u00e9ritables besoins, c&rsquo;est aussi \u00e9viter l&rsquo;exc\u00e8s.<\/p>\n<p> Quelle quantit\u00e9 de vitamine C suffit vraiment ?<\/p>\n<p>En France, l&rsquo;<strong>apport quotidien recommand\u00e9<\/strong> se situe autour de 110 mg pour un adulte, facilement atteint par une alimentation vari\u00e9e, sans n\u00e9cessiter de compl\u00e9ments chez la plupart des gens. Les besoins sp\u00e9cifiques (grossesse, fumeurs, certaines pathologies) restent l&rsquo;exception plus que la r\u00e8gle.<\/p>\n<p> Recommandations officielles et conseils personnalis\u00e9s<\/p>\n<p>Les autorit\u00e9s sanitaires insistent : mieux vaut une <strong>petite dose r\u00e9guli\u00e8re<\/strong> qu&rsquo;un \u00ab\u00a0coup de fouet\u00a0\u00bb ponctuel et massif ! Avant tout compl\u00e9ment, v\u00e9rifier avec son m\u00e9decin ou pharmacien, notamment en cas de traitements en cours.<\/p>\n<p> L&rsquo;essentiel \u00e0 retenir et les bons r\u00e9flexes \u00e0 adopter<\/p>\n<p>\u00c0 l&rsquo;heure o\u00f9 les premiers virus de la saison automnale et hivernale refont surface, rester vigilant face \u00e0 la surconsommation de vitamine C, c&rsquo;est s&rsquo;assurer de respecter son \u00e9quilibre digestif et d&rsquo;\u00e9viter d&rsquo;\u00e9ventuelles <strong>interactions ind\u00e9sirables<\/strong> avec d&rsquo;autres traitements.<\/p>\n<p>Comprendre ses besoins, \u00e9viter les exc\u00e8s, rester vigilant<\/p>\n<p>La cl\u00e9 : <strong>\u00e9couter son corps<\/strong>, \u00e9viter le \u00ab\u00a0toujours plus\u00a0\u00bb, et garder en t\u00eate que le \u00ab\u00a0naturel\u00a0\u00bb n&rsquo;est pas synonyme d&rsquo;innocuit\u00e9 totale.<\/p>\n<p>Vers une consommation raisonn\u00e9e, et des r\u00e9flexes de sant\u00e9 durables<\/p>\n<p>\u00c0 l&rsquo;automne, et plus encore \u00e0 l&rsquo;approche de l&rsquo;hiver, privil\u00e9gions une alimentation vari\u00e9e, des habitudes de vie saines, et une vigilance raisonnable. Plut\u00f4t que de c\u00e9der aux sir\u00e8nes du \u00ab\u00a0plus, c&rsquo;est mieux\u00a0\u00bb, faisons de la mod\u00e9ration notre <strong>meilleur alli\u00e9<\/strong> pour traverser la saison en pleine forme !<\/p>\n<p>Alors que les \u00e9tals regorgent de fruits riches en vitamine C en ce mois d&rsquo;octobre, l&rsquo;heure est venue de privil\u00e9gier les bons gestes quotidiens et d&rsquo;adopter une consommation \u00e9clair\u00e9e, pour une sant\u00e9 sereine et durable.<\/p>\n","protected":false},"excerpt":{"rendered":"Filer \u00e0 la pharmacie ou ouvrir le placard \u00e0 compl\u00e9ments alimentaires d\u00e8s les premiers frissons, c&rsquo;est devenu presque&hellip;\n","protected":false},"author":2,"featured_media":482630,"comment_status":"","ping_status":"","sticky":false,"template":"","format":"standard","meta":{"footnotes":""},"categories":[10],"tags":[1011,27,72,56,71],"class_list":{"0":"post-482629","1":"post","2":"type-post","3":"status-publish","4":"format-standard","5":"has-post-thumbnail","7":"category-sante","8":"tag-fr","9":"tag-france","10":"tag-health","11":"tag-push","12":"tag-sante"},"share_on_mastodon":{"url":"https:\/\/pubeurope.com\/@fr\/115419320404951920","error":""},"_links":{"self":[{"href":"https:\/\/www.europesays.com\/fr\/wp-json\/wp\/v2\/posts\/482629","targetHints":{"allow":["GET"]}}],"collection":[{"href":"https:\/\/www.europesays.com\/fr\/wp-json\/wp\/v2\/posts"}],"about":[{"href":"https:\/\/www.europesays.com\/fr\/wp-json\/wp\/v2\/types\/post"}],"author":[{"embeddable":true,"href":"https:\/\/www.europesays.com\/fr\/wp-json\/wp\/v2\/users\/2"}],"replies":[{"embeddable":true,"href":"https:\/\/www.europesays.com\/fr\/wp-json\/wp\/v2\/comments?post=482629"}],"version-history":[{"count":0,"href":"https:\/\/www.europesays.com\/fr\/wp-json\/wp\/v2\/posts\/482629\/revisions"}],"wp:featuredmedia":[{"embeddable":true,"href":"https:\/\/www.europesays.com\/fr\/wp-json\/wp\/v2\/media\/482630"}],"wp:attachment":[{"href":"https:\/\/www.europesays.com\/fr\/wp-json\/wp\/v2\/media?parent=482629"}],"wp:term":[{"taxonomy":"category","embeddable":true,"href":"https:\/\/www.europesays.com\/fr\/wp-json\/wp\/v2\/categories?post=482629"},{"taxonomy":"post_tag","embeddable":true,"href":"https:\/\/www.europesays.com\/fr\/wp-json\/wp\/v2\/tags?post=482629"}],"curies":[{"name":"wp","href":"https:\/\/api.w.org\/{rel}","templated":true}]}}