{"id":482638,"date":"2025-10-22T18:54:11","date_gmt":"2025-10-22T18:54:11","guid":{"rendered":"https:\/\/www.europesays.com\/fr\/482638\/"},"modified":"2025-10-22T18:54:11","modified_gmt":"2025-10-22T18:54:11","slug":"cordon-ombilical-couverture-une-petite-fille-abandonnee-sur-le-sol-dune-station-de-metro","status":"publish","type":"post","link":"https:\/\/www.europesays.com\/fr\/482638\/","title":{"rendered":"Cordon ombilical, couverture\u2026 Une petite fille abandonn\u00e9e sur le sol d\u2019une station de m\u00e9tro"},"content":{"rendered":"<p>Un appel t\u00e9l\u00e9phonique anonyme a permis aux forces de l\u2019ordre de d\u00e9couvrir un nourrisson abandonn\u00e9 dans une station de m\u00e9tro de <a href=\"https:\/\/www.20minutes.fr\/dossier\/new_york\" class=\"c-link c-link--is-underlined\" target=\"_blank\" rel=\"noopener\">New York<\/a> (Etats-Unis) ce lundi. <a href=\"https:\/\/www.20minutes.fr\/dossier\/bebe\" class=\"c-link c-link--is-underlined\" target=\"_blank\" rel=\"noopener\">Le b\u00e9b\u00e9<\/a>, enroul\u00e9 dans une couverture, avait \u00e9t\u00e9 plac\u00e9 sur le sol, en bas d\u2019un escalier. Son cordon ombilical n\u2019avait pas \u00e9t\u00e9 coup\u00e9, a d\u00e9taill\u00e9 une source municipale proche de l\u2019affaire, cit\u00e9e par <a href=\"https:\/\/www.nytimes.com\/2025\/10\/20\/nyregion\/abandoned-baby-penn-station.html\" rel=\"nofollow noopener\" target=\"_blank\" class=\"c-link c-link--is-underlined\">The New York Times<\/a>.<\/p>\n<p>Le visionnage des images de vid\u00e9osurveillance<\/p>\n<p>Une enqu\u00eate a \u00e9t\u00e9 diligent\u00e9e, mais elle n\u2019a pas imm\u00e9diatement permis d\u2019identifier la personne ayant <a href=\"https:\/\/www.20minutes.fr\/dossier\/abandon\" class=\"c-link c-link--is-underlined\" target=\"_blank\" rel=\"noopener\">abandonn\u00e9<\/a> le nouveau-n\u00e9 ni si l\u2019auteur du coup de fil, pass\u00e9 aux environs de 9h30, \u00e9tait un simple t\u00e9moin ou l\u2019auteur des faits. Aucune arrestation n\u2019avait eu lieu ce mardi. Les responsables des investigations pourront s\u2019appuyer sur l\u2019exploitation des images de vid\u00e9osurveillance.<\/p>\n<\/p>\n<p>La petite fille a \u00e9t\u00e9 prise en charge m\u00e9dicalement par les secours et conduite vers un h\u00f4pital. Les m\u00e9decins ont indiqu\u00e9 que son \u00e9tat de sant\u00e9 \u00e9tait alors stable et que l\u2019enfant \u00e9tait r\u00e9active et consciente. La loi de l\u2019Etat de New York interdit l\u2019abandon des enfants. Une exception existe cependant pour les parents laissant leur enfant de moins de 30 jours dans un lieu s\u00fbr, comme un h\u00f4pital ou un commissariat. Il n\u2019est alors pas obligatoire de s\u2019identifier.<\/p>\n","protected":false},"excerpt":{"rendered":"Un appel t\u00e9l\u00e9phonique anonyme a permis aux forces de l\u2019ordre de d\u00e9couvrir un nourrisson abandonn\u00e9 dans une station&hellip;\n","protected":false},"author":2,"featured_media":482639,"comment_status":"","ping_status":"","sticky":false,"template":"","format":"standard","meta":{"footnotes":""},"categories":[5],"tags":[47,11,3493,73,118,1011,27,14,4047,74,415,12,28],"class_list":{"0":"post-482638","1":"post","2":"type-post","3":"status-publish","4":"format-standard","5":"has-post-thumbnail","7":"category-international","8":"tag-actualite","9":"tag-actualites","10":"tag-bebe","11":"tag-etats-unis","12":"tag-faits-divers","13":"tag-fr","14":"tag-france","15":"tag-international","16":"tag-metro","17":"tag-monde","18":"tag-new-york","19":"tag-news","20":"tag-world"},"share_on_mastodon":{"url":"https:\/\/pubeurope.com\/@fr\/115419340170244894","error":""},"_links":{"self":[{"href":"https:\/\/www.europesays.com\/fr\/wp-json\/wp\/v2\/posts\/482638","targetHints":{"allow":["GET"]}}],"collection":[{"href":"https:\/\/www.europesays.com\/fr\/wp-json\/wp\/v2\/posts"}],"about":[{"href":"https:\/\/www.europesays.com\/fr\/wp-json\/wp\/v2\/types\/post"}],"author":[{"embeddable":true,"href":"https:\/\/www.europesays.com\/fr\/wp-json\/wp\/v2\/users\/2"}],"replies":[{"embeddable":true,"href":"https:\/\/www.europesays.com\/fr\/wp-json\/wp\/v2\/comments?post=482638"}],"version-history":[{"count":0,"href":"https:\/\/www.europesays.com\/fr\/wp-json\/wp\/v2\/posts\/482638\/revisions"}],"wp:featuredmedia":[{"embeddable":true,"href":"https:\/\/www.europesays.com\/fr\/wp-json\/wp\/v2\/media\/482639"}],"wp:attachment":[{"href":"https:\/\/www.europesays.com\/fr\/wp-json\/wp\/v2\/media?parent=482638"}],"wp:term":[{"taxonomy":"category","embeddable":true,"href":"https:\/\/www.europesays.com\/fr\/wp-json\/wp\/v2\/categories?post=482638"},{"taxonomy":"post_tag","embeddable":true,"href":"https:\/\/www.europesays.com\/fr\/wp-json\/wp\/v2\/tags?post=482638"}],"curies":[{"name":"wp","href":"https:\/\/api.w.org\/{rel}","templated":true}]}}