{"id":482640,"date":"2025-10-22T18:55:10","date_gmt":"2025-10-22T18:55:10","guid":{"rendered":"https:\/\/www.europesays.com\/fr\/482640\/"},"modified":"2025-10-22T18:55:10","modified_gmt":"2025-10-22T18:55:10","slug":"je-suis-candidate-a-lelection-presidentielle-marine-tondelier-se-lance-pour-2027","status":"publish","type":"post","link":"https:\/\/www.europesays.com\/fr\/482640\/","title":{"rendered":"\u00ab\u00a0Je suis candidate \u00e0 l\u2019\u00e9lection pr\u00e9sidentielle\u00a0\u00bb\u00a0: Marine Tondelier se lance pour 2027"},"content":{"rendered":"<p class=\"paragraph text_align_left lp-f-body-02\">Voil\u00e0 une candidature de plus pour l\u2019\u00c9lys\u00e9e. La Secr\u00e9taire nationale des \u00c9cologistes Marine Tondelier a en effet annonc\u00e9 ce mercredi concourir \u00e0 la succession d\u2019Emmanuel Macron en 2027. \u00ab Je suis candidate \u00e0 l\u2019\u00e9lection pr\u00e9sidentielle \u00bb, a-t-elle confi\u00e9 au <a href=\"https:\/\/www.nouvelobs.com\/politique\/20251022.OBS109023\/marine-tondelier-pourquoi-je-suis-candidate-a-l-election-presidentielle.html\" target=\"_blank\" rel=\"noreferrer noopener\">Nouvel Obs<\/a>.<\/p>\n<p class=\"paragraph text_align_left lp-f-body-02\">C\u2019est \u00ab un acte d\u2019amour pour la France, parce qu\u2019on ne peut pas aimer son pays et accepter qu\u2019il s\u2019ab\u00eeme ainsi. Je ne me r\u00e9sous pas \u00e0 voir la France se d\u00e9liter, coinc\u00e9e entre le cynisme d\u2019un pouvoir d\u00e9connect\u00e9 et la col\u00e8re d\u2019un peuple d\u00e9sesp\u00e9r\u00e9 \u00bb, dit-elle \u00e0 l\u2019hebdomadaire.<\/p>\n<p class=\"paragraph text_align_left lp-f-body-02\">\u00ab Je suis une femme, jeune, \u00e9cologiste, je viens du bassin minier du Pas-de-Calais, alors je devrais sans doute me battre deux fois plus que d\u2019autres \u00bb mais \u00ab j\u2019y suis pr\u00eate \u00bb, croit <a href=\"https:\/\/www.leparisien.fr\/politique\/marine-tondelier\/\" target=\"_blank\" rel=\"noreferrer noopener\">Marine Tondelier<\/a>. Elle ne veut pas \u00ab faire de la figuration \u00bb dans la course \u00e0 l\u2019\u00c9lys\u00e9e.<\/p>\n<p>\u00ab Je crois aux alliances \u00bb<\/p>\n<p class=\"paragraph text_align_left lp-f-body-02\">\u00ab Je suis candidate \u00e0 l\u2019\u00e9lection pr\u00e9sidentielle mais je ne suis pas une t\u00eate br\u00fbl\u00e9e. Je n\u2019ai jamais cru \u00e0 l\u2019homme ou \u00e0 la femme providentielle : je crois aux alliances \u00bb, continue l\u2019\u00c9cologiste dans l\u2019hebdomadaire, faisant r\u00e9f\u00e9rence \u00e0 l\u2019id\u00e9e d\u2019une primaire.<\/p>\n<p class=\"paragraph text_align_left lp-f-body-02\">Marine Tondelier \u00e9voque en effet dans le Nouvel Obs deux \u00e9tapes sur son parcours pour l\u2019\u00c9lys\u00e9e. D\u2019abord, il lui faut avoir \u00ab la confiance des adh\u00e9rents \u00bb de son parti, admet-elle. Et, ensuite, elle doit gagner une \u00ab primaire de la gauche et des \u00e9cologistes \u00bb.<\/p>\n<p class=\"paragraph text_align_left lp-f-body-02\">L\u2019organisation d\u2019une primaire se fera sur \u00ab une ligne de cr\u00eate \u00bb, admet-elle. Car, pour l\u2019instant, il n\u2019existe que deux autres candidats pour une primaire \u00e0 gauche : le d\u00e9put\u00e9 de la Somme <a href=\"https:\/\/www.leparisien.fr\/politique\/presidentielle-2027-ruffin-pose-les-bases-dune-primaire-geyser-a-gauche-certain-quil-la-remportera-20-05-2025-F2ICNX2MUVBX7LFEYO7JM4L4LY.php\" target=\"_blank\" rel=\"noreferrer noopener\">Fran\u00e7ois Ruffin<\/a> et la d\u00e9put\u00e9e de la Seine-Saint-Denis <a href=\"https:\/\/www.leparisien.fr\/politique\/elle-veut-etre-candidate-les-ambitions-presidentielles-de-clementine-autain-laffranchie-des-insoumis-31-03-2024-IDSW4AUCZZAI3NU6CGGACTVBQU.php\" target=\"_blank\" rel=\"noreferrer noopener\">Cl\u00e9mentine Autain<\/a>.<\/p>\n<p class=\"paragraph text_align_left lp-f-body-02\">Marine Tondelier propose alors \u00e0 Rapha\u00ebl Glucksmann et \u00e0 Jean-Luc M\u00e9lenchon d\u2019entrer dans cette primaire, bien qu\u2019ils le refusent depuis des mois, par un d\u00e9bat \u00ab o\u00f9 ils veulent, quand ils veulent, dans le format qu\u2019ils veulent \u00bb.<\/p>\n","protected":false},"excerpt":{"rendered":"Voil\u00e0 une candidature de plus pour l\u2019\u00c9lys\u00e9e. La Secr\u00e9taire nationale des \u00c9cologistes Marine Tondelier a en effet annonc\u00e9&hellip;\n","protected":false},"author":2,"featured_media":482641,"comment_status":"","ping_status":"","sticky":false,"template":"","format":"standard","meta":{"footnotes":""},"categories":[4],"tags":[11,5949,1011,27,12,316,3766,25],"class_list":{"0":"post-482640","1":"post","2":"type-post","3":"status-publish","4":"format-standard","5":"has-post-thumbnail","7":"category-france","8":"tag-actualites","9":"tag-elections","10":"tag-fr","11":"tag-france","12":"tag-news","13":"tag-politique","14":"tag-presidentielle","15":"tag-republique-francaise"},"share_on_mastodon":{"url":"https:\/\/pubeurope.com\/@fr\/115419344446541092","error":""},"_links":{"self":[{"href":"https:\/\/www.europesays.com\/fr\/wp-json\/wp\/v2\/posts\/482640","targetHints":{"allow":["GET"]}}],"collection":[{"href":"https:\/\/www.europesays.com\/fr\/wp-json\/wp\/v2\/posts"}],"about":[{"href":"https:\/\/www.europesays.com\/fr\/wp-json\/wp\/v2\/types\/post"}],"author":[{"embeddable":true,"href":"https:\/\/www.europesays.com\/fr\/wp-json\/wp\/v2\/users\/2"}],"replies":[{"embeddable":true,"href":"https:\/\/www.europesays.com\/fr\/wp-json\/wp\/v2\/comments?post=482640"}],"version-history":[{"count":0,"href":"https:\/\/www.europesays.com\/fr\/wp-json\/wp\/v2\/posts\/482640\/revisions"}],"wp:featuredmedia":[{"embeddable":true,"href":"https:\/\/www.europesays.com\/fr\/wp-json\/wp\/v2\/media\/482641"}],"wp:attachment":[{"href":"https:\/\/www.europesays.com\/fr\/wp-json\/wp\/v2\/media?parent=482640"}],"wp:term":[{"taxonomy":"category","embeddable":true,"href":"https:\/\/www.europesays.com\/fr\/wp-json\/wp\/v2\/categories?post=482640"},{"taxonomy":"post_tag","embeddable":true,"href":"https:\/\/www.europesays.com\/fr\/wp-json\/wp\/v2\/tags?post=482640"}],"curies":[{"name":"wp","href":"https:\/\/api.w.org\/{rel}","templated":true}]}}