{"id":482642,"date":"2025-10-22T18:56:13","date_gmt":"2025-10-22T18:56:13","guid":{"rendered":"https:\/\/www.europesays.com\/fr\/482642\/"},"modified":"2025-10-22T18:56:13","modified_gmt":"2025-10-22T18:56:13","slug":"la-cheffe-des-ecologistes-marine-tondelier-annonce-officiellement-sa-candidature","status":"publish","type":"post","link":"https:\/\/www.europesays.com\/fr\/482642\/","title":{"rendered":"La cheffe des Ecologistes Marine Tondelier annonce officiellement sa candidature"},"content":{"rendered":"<p>Elle se lance. La cheffe des <a href=\"https:\/\/www.20minutes.fr\/politique\/eelv\/\" target=\"_blank\" class=\"c-link c-link--is-underlined\" rel=\"noopener\">Ecologistes<\/a>, <a href=\"https:\/\/www.20minutes.fr\/politique\/marine-tondelier\/\" target=\"_blank\" class=\"c-link c-link--is-underlined\" rel=\"noopener\">Marine Tondelier<\/a>, a officialis\u00e9 dans les colonnes du <a href=\"https:\/\/www.nouvelobs.com\/politique\/20251022.OBS109023\/marine-tondelier-pourquoi-je-suis-candidate-a-l-election-presidentielle.html\" target=\"_blank\" class=\"c-link c-link--is-underlined\" rel=\"noopener\">Nouvel Obs<\/a> son intention d\u2019\u00eatre candidate \u00e0 l\u2019<a href=\"https:\/\/www.20minutes.fr\/elections\/presidentielle\/\" target=\"_blank\" class=\"c-link c-link--is-underlined\" rel=\"noopener\">\u00e9lection pr\u00e9sidentielle de\u00a02027<\/a>. A 39 ans, celle qui dirige le parti \u00e9cologiste depuis d\u00e9cembre\u00a02022 entend porter les couleurs d\u2019une gauche rassembl\u00e9e autour de l\u2019\u00e9cologie politique. Pr\u00e9sentant sa d\u00e9marche comme \u00ab\u00a0un acte d\u2019amour pour la France\u00a0\u00bb, Marine Tondelier estime qu\u2019\u00ab\u00a0un chemin existe pour une victoire de notre camp\u00a0\u00bb.<\/p>\n<p>\u00ab\u00a0Je suis une femme, jeune, \u00e9cologiste, je viens du bassin minier du <a href=\"https:\/\/www.20minutes.fr\/dossier\/pas-de-calais\" target=\"_blank\" class=\"c-link c-link--is-underlined\" rel=\"noopener\">Pas-de-Calais<\/a> alors je devrais sans doute me battre deux fois plus que d\u2019autres\u00a0: j\u2019y suis pr\u00eate\u00a0\u00bb, ajoute-t-elle, consid\u00e9rant qu&rsquo;\u00ab\u00a0une pr\u00e9sidente \u00e9cologiste doit \u00eatre un bouclier pour les Fran\u00e7ais\u00a0\u00bb. \u00ab\u00a0J\u2019y mettrai tout ce que j\u2019ai en moi. Non seulement pour emp\u00eacher notre pays de basculer entre les mains de l\u2019<a href=\"https:\/\/www.20minutes.fr\/dossier\/extreme_droite\" target=\"_blank\" class=\"c-link c-link--is-underlined\" rel=\"noopener\">extr\u00eame droite<\/a>, mais aussi pour r\u00e9parer ce qui a \u00e9t\u00e9 ab\u00eem\u00e9, les services publics, la d\u00e9mocratie, l\u2019environnement, et aussi le lien entre les Fran\u00e7ais\u00a0\u00bb, promet-elle.<\/p>\n<\/p>\n<p>D\u00e9signation officielle du parti en d\u00e9cembre<\/p>\n<p>Son investiture par les \u00c9cologistes, qui passera par une d\u00e9signation officielle de son parti d\u00e9but d\u00e9cembre, ne fait gu\u00e8re de doute. Mais la militante originaire d\u2019H\u00e9nin-Beaumont devra ensuite affronter ses alli\u00e9s de la gauche lors d\u2019une primaire encore en pr\u00e9paration. Face \u00e0 elle, les d\u00e9put\u00e9s Fran\u00e7ois Ruffin et Cl\u00e9mentine Autain, tous deux issus de la mouvance insoumise, ont d\u00e9j\u00e0 annonc\u00e9 leur participation.<\/p>\n<p>Jugeant que \u00ab\u00a0la condition de la victoire, c\u2019est une candidature dans laquelle un maximum d\u2019\u00e9lecteurs de gauche se retrouvent\u00a0\u00bb, Marine Tondelier s\u2019est dite persuad\u00e9e que la <a href=\"https:\/\/www.20minutes.fr\/politique\/primaires\/\" target=\"_blank\" class=\"c-link c-link--is-underlined\" rel=\"noopener\">primaire de la gauche<\/a> et des Ecologistes se tiendra, m\u00eame si le leader de La France insoumise <a href=\"https:\/\/www.20minutes.fr\/politique\/jean-luc-melenchon\/\" target=\"_blank\" class=\"c-link c-link--is-underlined\" rel=\"noopener\">Jean-Luc M\u00e9lenchon<\/a> et le dirigeant de <a href=\"https:\/\/www.20minutes.fr\/politique\/place-publique-parti-politique\/\" target=\"_blank\" class=\"c-link c-link--is-underlined\" rel=\"noopener\">Place Publique\u00a0!<\/a> <a href=\"https:\/\/www.20minutes.fr\/politique\/raphael-glucksmann\/\" target=\"_blank\" class=\"c-link c-link--is-underlined\" rel=\"noopener\">Rapha\u00ebl Glucksmann<\/a> refusent d\u2019y participer.<\/p>\n<p><a href=\"https:\/\/www.20minutes.fr\/politique\/eelv\/\" target=\"_blank\" class=\"c-link c-btn c-btn--primary\" rel=\"noopener\">Notre dossier sur les \u00c9cologistes<\/a><\/p>\n<p>Elle leur propose d\u2019ailleurs \u00ab\u00a0un d\u00e9bat sur le sujet\u00a0\u00bb. \u00ab\u00a0Je pr\u00e9f\u00e8re en d\u00e9battre avec eux maintenant que quand il sera trop tard et qu\u2019ils se renverront la responsabilit\u00e9 de l\u2019\u00e9chec au visage\u00a0\u00bb, a-t-elle dit. \u00ab\u00a0Je viens d\u2019un territoire o\u00f9 on ne baisse pas la t\u00eate. Aujourd\u2019hui, c\u2019est celle de tout un pays que je veux aider \u00e0 relever\u00a0\u00bb, affirme l\u2019\u00e9lue d\u2019H\u00e9nin-Baumont (Pas-de-Calais), qui s\u2019est forg\u00e9e politiquement en combattant l\u2019extr\u00eame droite dans ce fief du <a href=\"https:\/\/www.20minutes.fr\/politique\/rassemblement-national\/\" target=\"_blank\" class=\"c-link c-link--is-underlined\" rel=\"noopener\">Rassemblement national<\/a>.<\/p>\n","protected":false},"excerpt":{"rendered":"Elle se lance. La cheffe des Ecologistes, Marine Tondelier, a officialis\u00e9 dans les colonnes du Nouvel Obs son&hellip;\n","protected":false},"author":2,"featured_media":482643,"comment_status":"","ping_status":"","sticky":false,"template":"","format":"standard","meta":{"footnotes":""},"categories":[2],"tags":[47,11,3079,1011,27,2383,1023,32356,4729,12,316,16072],"class_list":{"0":"post-482642","1":"post","2":"type-post","3":"status-publish","4":"format-standard","5":"has-post-thumbnail","7":"category-actualites","8":"tag-actualite","9":"tag-actualites","10":"tag-election-presidentielle-2027","11":"tag-fr","12":"tag-france","13":"tag-gauche","14":"tag-la-france-insoumise-lfi","15":"tag-les-ecologistes-eelv","16":"tag-marine-tondelier","17":"tag-news","18":"tag-politique","19":"tag-primaire"},"share_on_mastodon":{"url":"https:\/\/pubeurope.com\/@fr\/115419348020717418","error":""},"_links":{"self":[{"href":"https:\/\/www.europesays.com\/fr\/wp-json\/wp\/v2\/posts\/482642","targetHints":{"allow":["GET"]}}],"collection":[{"href":"https:\/\/www.europesays.com\/fr\/wp-json\/wp\/v2\/posts"}],"about":[{"href":"https:\/\/www.europesays.com\/fr\/wp-json\/wp\/v2\/types\/post"}],"author":[{"embeddable":true,"href":"https:\/\/www.europesays.com\/fr\/wp-json\/wp\/v2\/users\/2"}],"replies":[{"embeddable":true,"href":"https:\/\/www.europesays.com\/fr\/wp-json\/wp\/v2\/comments?post=482642"}],"version-history":[{"count":0,"href":"https:\/\/www.europesays.com\/fr\/wp-json\/wp\/v2\/posts\/482642\/revisions"}],"wp:featuredmedia":[{"embeddable":true,"href":"https:\/\/www.europesays.com\/fr\/wp-json\/wp\/v2\/media\/482643"}],"wp:attachment":[{"href":"https:\/\/www.europesays.com\/fr\/wp-json\/wp\/v2\/media?parent=482642"}],"wp:term":[{"taxonomy":"category","embeddable":true,"href":"https:\/\/www.europesays.com\/fr\/wp-json\/wp\/v2\/categories?post=482642"},{"taxonomy":"post_tag","embeddable":true,"href":"https:\/\/www.europesays.com\/fr\/wp-json\/wp\/v2\/tags?post=482642"}],"curies":[{"name":"wp","href":"https:\/\/api.w.org\/{rel}","templated":true}]}}