{"id":482646,"date":"2025-10-22T18:58:16","date_gmt":"2025-10-22T18:58:16","guid":{"rendered":"https:\/\/www.europesays.com\/fr\/482646\/"},"modified":"2025-10-22T18:58:16","modified_gmt":"2025-10-22T18:58:16","slug":"saint-etienne-lavenir-des-quartiers-populaires-ne-se-fera-pas-sans-nous","status":"publish","type":"post","link":"https:\/\/www.europesays.com\/fr\/482646\/","title":{"rendered":"Saint-\u00c9tienne. L\u2019avenir des quartiers populaires ne se fera \u00ab\u00a0Pas sans nous\u00a0\u00bb"},"content":{"rendered":"<p>Diff\u00e9rents acteurs des quartiers populaires de Saint-\u00c9tienne ont fait un constat\u00a0: \u00ab\u00a0De plus en plus d\u2019initiatives se d\u00e9veloppent, mais c\u2019est de plus en plus dur.\u00a0\u00bb Pr\u00e9sents au quotidien et au plus pr\u00e8s de la vie de ces quartiers, ils y voient \u00ab\u00a0une force vitale, une envie de changement, mais il n\u2019y a pas de moyens attribu\u00e9s\u00a0\u00bb, estime Josiane Gunther, bien connue des habitants de Beaubrun, \u00e0 l\u2019initiative de Terrain d\u2019entente et de Terrain des saveurs. \u00ab\u00a0Il s\u2019agit de f\u00e9d\u00e9rer ces forces-l\u00e0, pour les rendre visibles et qu\u2019elles perdurent. Car sans soutien des pouvoirs publics, elles s\u2019essoufflent.\u00a0\u00bb<\/p>\n<p>Et Ahmed Abelouadoud, de l\u2019association culturelle Al Qalam, de&#8230;<\/p>\n","protected":false},"excerpt":{"rendered":"Diff\u00e9rents acteurs des quartiers populaires de Saint-\u00c9tienne ont fait un constat\u00a0: \u00ab\u00a0De plus en plus d\u2019initiatives se d\u00e9veloppent,&hellip;\n","protected":false},"author":2,"featured_media":482647,"comment_status":"","ping_status":"","sticky":false,"template":"","format":"standard","meta":{"footnotes":""},"categories":[9653],"tags":[1111,11,2430,7539,1777,674,1011,27,12,25,4001,7538,104,1631],"class_list":{"0":"post-482646","1":"post","2":"type-post","3":"status-publish","4":"format-standard","5":"has-post-thumbnail","7":"category-saint-etienne","8":"tag-actu","9":"tag-actualites","10":"tag-auvergne-rhone-alpes","11":"tag-edition-loire-sud","12":"tag-eu","13":"tag-europe","14":"tag-fr","15":"tag-france","16":"tag-news","17":"tag-republique-francaise","18":"tag-saint-etienne","19":"tag-saint-etienne-ville","20":"tag-societe","21":"tag-vie-associative"},"share_on_mastodon":{"url":"https:\/\/pubeurope.com\/@fr\/115419355858702785","error":""},"_links":{"self":[{"href":"https:\/\/www.europesays.com\/fr\/wp-json\/wp\/v2\/posts\/482646","targetHints":{"allow":["GET"]}}],"collection":[{"href":"https:\/\/www.europesays.com\/fr\/wp-json\/wp\/v2\/posts"}],"about":[{"href":"https:\/\/www.europesays.com\/fr\/wp-json\/wp\/v2\/types\/post"}],"author":[{"embeddable":true,"href":"https:\/\/www.europesays.com\/fr\/wp-json\/wp\/v2\/users\/2"}],"replies":[{"embeddable":true,"href":"https:\/\/www.europesays.com\/fr\/wp-json\/wp\/v2\/comments?post=482646"}],"version-history":[{"count":0,"href":"https:\/\/www.europesays.com\/fr\/wp-json\/wp\/v2\/posts\/482646\/revisions"}],"wp:featuredmedia":[{"embeddable":true,"href":"https:\/\/www.europesays.com\/fr\/wp-json\/wp\/v2\/media\/482647"}],"wp:attachment":[{"href":"https:\/\/www.europesays.com\/fr\/wp-json\/wp\/v2\/media?parent=482646"}],"wp:term":[{"taxonomy":"category","embeddable":true,"href":"https:\/\/www.europesays.com\/fr\/wp-json\/wp\/v2\/categories?post=482646"},{"taxonomy":"post_tag","embeddable":true,"href":"https:\/\/www.europesays.com\/fr\/wp-json\/wp\/v2\/tags?post=482646"}],"curies":[{"name":"wp","href":"https:\/\/api.w.org\/{rel}","templated":true}]}}