{"id":482648,"date":"2025-10-22T18:59:12","date_gmt":"2025-10-22T18:59:12","guid":{"rendered":"https:\/\/www.europesays.com\/fr\/482648\/"},"modified":"2025-10-22T18:59:12","modified_gmt":"2025-10-22T18:59:12","slug":"saint-max-4e-edition-annoncee-pour-le-salon-saint-max-creas","status":"publish","type":"post","link":"https:\/\/www.europesays.com\/fr\/482648\/","title":{"rendered":"Saint-Max. 4e\u00a0 \u00e9dition annonc\u00e9e pour le salon Saint-Max Cr\u00e9as"},"content":{"rendered":"<p>L\u2019office municipal de solidarit\u00e9 interg\u00e9n\u00e9rationnel organise la 4e\u00a0 \u00e9dition du salon Saint-Max Cr\u00e9as, consacr\u00e9 aux cr\u00e9ateurs professionnels. 41 cr\u00e9ateurs proposeront une grande diversit\u00e9 de leurs \u0153uvres, r\u00e9alis\u00e9es en diff\u00e9rentes mati\u00e8res (lin, bois, plumes, verre, cr\u00e9ations v\u00e9g\u00e9tales, illustration, aquarelle,&#8230;).<\/p>\n<p class=\"note\">Samedi 1er \u00a0novembre, de 14\u00a0h \u00e0 18\u00a0h, et dimanche 2\u00a0novembre, de 10\u00a0h \u00e0 18\u00a0h, au foyer culturel G\u00e9rard-L\u00e9onard, 9, place de l\u2019Europe, \u00e0 Saint-Max. Entr\u00e9e libre.<\/p>\n","protected":false},"excerpt":{"rendered":"L\u2019office municipal de solidarit\u00e9 interg\u00e9n\u00e9rationnel organise la 4e\u00a0 \u00e9dition du salon Saint-Max Cr\u00e9as, consacr\u00e9 aux cr\u00e9ateurs professionnels. 41&hellip;\n","protected":false},"author":2,"featured_media":482649,"comment_status":"","ping_status":"","sticky":false,"template":"","format":"standard","meta":{"footnotes":""},"categories":[9635],"tags":[1111,11,1687,1704,1777,674,1011,27,775,2089,11260,1702,12,25,16937],"class_list":{"0":"post-482648","1":"post","2":"type-post","3":"status-publish","4":"format-standard","5":"has-post-thumbnail","7":"category-nancy","8":"tag-actu","9":"tag-actualites","10":"tag-culture-loisirs","11":"tag-edition-nancy-et-agglomeration","12":"tag-eu","13":"tag-europe","14":"tag-fr","15":"tag-france","16":"tag-grand-est","17":"tag-marche","18":"tag-metropole-du-grand-nancy-54b4","19":"tag-nancy","20":"tag-news","21":"tag-republique-francaise","22":"tag-saint-max"},"share_on_mastodon":{"url":"https:\/\/pubeurope.com\/@fr\/115419359819963634","error":""},"_links":{"self":[{"href":"https:\/\/www.europesays.com\/fr\/wp-json\/wp\/v2\/posts\/482648","targetHints":{"allow":["GET"]}}],"collection":[{"href":"https:\/\/www.europesays.com\/fr\/wp-json\/wp\/v2\/posts"}],"about":[{"href":"https:\/\/www.europesays.com\/fr\/wp-json\/wp\/v2\/types\/post"}],"author":[{"embeddable":true,"href":"https:\/\/www.europesays.com\/fr\/wp-json\/wp\/v2\/users\/2"}],"replies":[{"embeddable":true,"href":"https:\/\/www.europesays.com\/fr\/wp-json\/wp\/v2\/comments?post=482648"}],"version-history":[{"count":0,"href":"https:\/\/www.europesays.com\/fr\/wp-json\/wp\/v2\/posts\/482648\/revisions"}],"wp:featuredmedia":[{"embeddable":true,"href":"https:\/\/www.europesays.com\/fr\/wp-json\/wp\/v2\/media\/482649"}],"wp:attachment":[{"href":"https:\/\/www.europesays.com\/fr\/wp-json\/wp\/v2\/media?parent=482648"}],"wp:term":[{"taxonomy":"category","embeddable":true,"href":"https:\/\/www.europesays.com\/fr\/wp-json\/wp\/v2\/categories?post=482648"},{"taxonomy":"post_tag","embeddable":true,"href":"https:\/\/www.europesays.com\/fr\/wp-json\/wp\/v2\/tags?post=482648"}],"curies":[{"name":"wp","href":"https:\/\/api.w.org\/{rel}","templated":true}]}}