{"id":482650,"date":"2025-10-22T19:00:22","date_gmt":"2025-10-22T19:00:22","guid":{"rendered":"https:\/\/www.europesays.com\/fr\/482650\/"},"modified":"2025-10-22T19:00:22","modified_gmt":"2025-10-22T19:00:22","slug":"trois-centres-de-vaccination-temporaires-vont-ouvrir-dans-le-grand-nancy","status":"publish","type":"post","link":"https:\/\/www.europesays.com\/fr\/482650\/","title":{"rendered":"trois centres de vaccination temporaires vont ouvrir dans le Grand Nancy"},"content":{"rendered":"<p>Ils \u00e9taient tous l\u00e0\u00a0: la M\u00e9tropole du Grand Nancy, le CHRU, le conseil territorial de Meurthe-et-Moselle (CTS), l\u2019Agence r\u00e9gionale de sant\u00e9 (ARS), la Communaut\u00e9 professionnelle territoriale de sant\u00e9 (CPTS) et la CPAM 54.<\/p>\n<p>Tous r\u00e9unis ce mercredi 22\u00a0octobre \u00e0 l\u2019amphith\u00e9\u00e2tre du <a href=\"https:\/\/www.estrepublicain.fr\/economie\/2025\/09\/24\/au-museum-aquarium-une-partie-de-l-energie-va-tomber-du-toit\" target=\"_blank\" rel=\"noopener\">Mus\u00e9um Aquarium de Nancy<\/a> pour lancer la campagne de vaccination contre la grippe saisonni\u00e8re.<\/p>\n<p>Et annoncer l\u2019ouverture de trois centres de vaccination temporaires. Install\u00e9s \u00e0 l\u2019h\u00f4tel de ville et \u00e0 l\u2019Orangerie \u00e0 Nancy, ainsi qu\u2019au <a href=\"https:\/\/www.estrepublicain.fr\/science-et-technologie\/2024\/03\/08\/les-associations-retrouvent-le-foyer-foch\" target=\"_blank\" rel=\"noopener\">foyer Foch d\u2019Essey-l\u00e8s-Nancy<\/a> , ces centres accueilleront gratuitement les publics concern\u00e9s les 31\u00a0octobre, 1er \u00a0et 2\u00a0novembre\u00a0: le vendredi de 16\u00a0h \u00e0 20\u00a0h, le samedi de 13\u00a0h \u00e0 18\u00a0h et le dimanche de 9\u00a0h \u00e0 13\u00a0h.<\/p>\n<p>  17\u00a0000 morts<\/p>\n<p>L\u2019op\u00e9ration s\u2019adresse aux personnes de 65 ans et plus et aux publics \u00e0 risque (personnes immunod\u00e9prim\u00e9es, atteintes de maladies chroniques, entre autres), particuli\u00e8rement expos\u00e9s aux complications li\u00e9es \u00e0 la grippe.<\/p>\n<p>Cette initiative s\u2019inscrit dans le contexte hivernal de r\u00e9surgence de cette infection virale\u00a0: \u00ab\u00a0La grippe a fait 17\u00a0000 morts l\u2019ann\u00e9e derni\u00e8re\u00a0\u00bb, a rappel\u00e9 Catherine V\u00e9ronique, la directrice adjointe de la CPAM de Meurthe-et-Moselle.<\/p>\n<p>Dans un communiqu\u00e9, <a href=\"https:\/\/www.estrepublicain.fr\/sante\/2025\/01\/10\/suivez-le-point-de-l-agence-regionale-de-sante-qui-fait-le-point-sur-l-epidemie-et-la-situation-hospitaliere\" target=\"_blank\" rel=\"noopener\">l\u2019ARS Grand Est<\/a> rappelle que la vaccination d\u00e8s l\u2019automne reste le moyen le plus efficace de se prot\u00e9ger.<\/p>\n<p>D\u2019une part, elle permet de \u00ab\u00a0r\u00e9duire significativement le risque de forme grave, d\u2019hospitalisation et de d\u00e9c\u00e8s\u00a0\u00bb. D\u2019autre part, de \u00ab\u00a0contribuer \u00e0 prot\u00e9ger ses proches et \u00e0 limiter la circulation du virus dans la population\u00a0\u00bb.<\/p>\n<p>Les autorit\u00e9s sanitaires visent une couverture vaccinale de 75\u00a0% chez les 65 ans et plus. Un objectif qui n\u2019est jamais atteint. \u00ab\u00a0Les tr\u00e8s bonnes ann\u00e9es, on est \u00e0 65\u00a0% et l\u2019ann\u00e9e derni\u00e8re, on \u00e9tait tr\u00e8s en dessous\u00a0\u00bb (53,5\u00a0%, NDLR), a expliqu\u00e9 Christian Rabaud, infectiologue au CHRU.<\/p>\n<p>Pour am\u00e9liorer la couverture, les autorit\u00e9s sanitaires misent cette ann\u00e9e sur une exp\u00e9rimentation\u00a0: le suivi en quasi direct du taux de vaccination. \u00ab\u00a0Tous les 15 jours, les donn\u00e9es sur le nombre de vaccin\u00e9s nous remonteront\u00a0\u00bb, a expliqu\u00e9 Christelle Ratignier-Carbonneil, la directrice de l\u2019ARS Grand Est.<\/p>\n<p>  Une exp\u00e9rimentation in\u00e9dite<\/p>\n<p>Test\u00e9 uniquement \u00e0 Nancy, dans le Pays Haut et dans l\u2019Aube, ce projet in\u00e9dit en France \u00ab\u00a0va nous permettre de savoir quand et o\u00f9 acc\u00e9l\u00e9rer la vaccination\u00a0\u00bb, a pr\u00e9cis\u00e9 la patronne de l\u2019ARS Grand Est.<\/p>\n<p>Jusqu\u2019\u00e0 maintenant, la couverture vaccinale \u00e9tait connue en mars de l\u2019ann\u00e9e suivante, soit plusieurs mois apr\u00e8s la campagne.<\/p>\n<p>Le but de cette exp\u00e9rimentation, aussi\u00a0: \u00e9viter la saturation des h\u00f4pitaux, en particulier des urgences et des services de r\u00e9animation. \u00ab\u00a0Il faut qu\u2019on arr\u00eate de subir et qu\u2019on anticipe, qu\u2019on rouvre des centres avant que les h\u00f4pitaux ne soient pleins\u00a0\u00bb, a r\u00e9p\u00e9t\u00e9 la directrice de l\u2019ARS.<\/p>\n<p class=\"chiffre\">75<\/p>\n<p> C\u2019est, en pourcentage, le taux de couverture vaccinale qui est vis\u00e9 chez les 65 ans et plus. Un objectif qui n\u2019est, cependant, jamais atteint. <\/p>\n","protected":false},"excerpt":{"rendered":"Ils \u00e9taient tous l\u00e0\u00a0: la M\u00e9tropole du Grand Nancy, le CHRU, le conseil territorial de Meurthe-et-Moselle (CTS), l\u2019Agence&hellip;\n","protected":false},"author":2,"featured_media":482651,"comment_status":"","ping_status":"","sticky":false,"template":"","format":"standard","meta":{"footnotes":""},"categories":[9635],"tags":[1111,11,1707,1704,1706,1705,1777,674,1011,27,775,1702,1703,12,25,71,801,104],"class_list":{"0":"post-482650","1":"post","2":"type-post","3":"status-publish","4":"format-standard","5":"has-post-thumbnail","7":"category-nancy","8":"tag-actu","9":"tag-actualites","10":"tag-edition-luneville","11":"tag-edition-nancy-et-agglomeration","12":"tag-edition-pont-a-mousson","13":"tag-edition-toul","14":"tag-eu","15":"tag-europe","16":"tag-fr","17":"tag-france","18":"tag-grand-est","19":"tag-nancy","20":"tag-nancy-ville-54b","21":"tag-news","22":"tag-republique-francaise","23":"tag-sante","24":"tag-social","25":"tag-societe"},"share_on_mastodon":{"url":"https:\/\/pubeurope.com\/@fr\/115419363719099112","error":""},"_links":{"self":[{"href":"https:\/\/www.europesays.com\/fr\/wp-json\/wp\/v2\/posts\/482650","targetHints":{"allow":["GET"]}}],"collection":[{"href":"https:\/\/www.europesays.com\/fr\/wp-json\/wp\/v2\/posts"}],"about":[{"href":"https:\/\/www.europesays.com\/fr\/wp-json\/wp\/v2\/types\/post"}],"author":[{"embeddable":true,"href":"https:\/\/www.europesays.com\/fr\/wp-json\/wp\/v2\/users\/2"}],"replies":[{"embeddable":true,"href":"https:\/\/www.europesays.com\/fr\/wp-json\/wp\/v2\/comments?post=482650"}],"version-history":[{"count":0,"href":"https:\/\/www.europesays.com\/fr\/wp-json\/wp\/v2\/posts\/482650\/revisions"}],"wp:featuredmedia":[{"embeddable":true,"href":"https:\/\/www.europesays.com\/fr\/wp-json\/wp\/v2\/media\/482651"}],"wp:attachment":[{"href":"https:\/\/www.europesays.com\/fr\/wp-json\/wp\/v2\/media?parent=482650"}],"wp:term":[{"taxonomy":"category","embeddable":true,"href":"https:\/\/www.europesays.com\/fr\/wp-json\/wp\/v2\/categories?post=482650"},{"taxonomy":"post_tag","embeddable":true,"href":"https:\/\/www.europesays.com\/fr\/wp-json\/wp\/v2\/tags?post=482650"}],"curies":[{"name":"wp","href":"https:\/\/api.w.org\/{rel}","templated":true}]}}