{"id":482656,"date":"2025-10-22T19:03:13","date_gmt":"2025-10-22T19:03:13","guid":{"rendered":"https:\/\/www.europesays.com\/fr\/482656\/"},"modified":"2025-10-22T19:03:13","modified_gmt":"2025-10-22T19:03:13","slug":"et-si-le-vrai-gout-de-litalie-etait-a-deux-pas-de-chez-vous","status":"publish","type":"post","link":"https:\/\/www.europesays.com\/fr\/482656\/","title":{"rendered":"et si le vrai go\u00fbt de l\u2019Italie \u00e9tait \u00e0 deux pas de chez vous"},"content":{"rendered":"<p>            Par<br \/>\n        <strong><br \/>\n            <a href=\"https:\/\/actu.fr\/auteur\/manon-haddouche\" title=\"Consulter tous les articles de Manon Haddouche\" rel=\"nofollow noopener\" target=\"_blank\">Manon Haddouche<\/a><br \/>\n        <\/strong><\/p>\n<p>        Publi\u00e9 le<\/p>\n<p>            22 oct. 2025 \u00e0 20h36        <\/p>\n<p>Lorsque nous poussons la porte de l\u2019atelier de <strong>Perla Bianca<\/strong>, le parfum du lait frais flotte d\u00e9j\u00e0 dans l\u2019air, doux et l\u00e9g\u00e8rement sucr\u00e9. Sur les tables inox, de larges cuves scintillent sous la lumi\u00e8re du laboratoire. C\u2019est ici, au <strong>march\u00e9 gare de Montpellier<\/strong>, que <strong>Felice Aloschi<\/strong>, Sicilien de Syracuse au sourire contagieux, transforme avec amour le lait de<strong> bufflonnes occitanes<\/strong> pour donner vie \u00e0 ses <strong>mozzarelle, burrate et stracciatelle<\/strong>. Dans chaque geste, dans chaque boule de mozzarella ou burrata, se ressent la chaleur du sud de l\u2019Italie et ce go\u00fbt de <strong>freschezza<\/strong>, cette fra\u00eecheur qui fait toute la diff\u00e9rence.\u00a0<\/p>\n<p>Un peu de Sicile au c\u0153ur de Montpellier<\/p>\n<p class=\" wall-content\">Originaire de Syracuse, Felice aurait pu suivre les pas de son p\u00e8re dans l\u2019entreprise automobile familiale. Mais <strong>l\u2019appel du monde<\/strong> et de l\u2019aventure fut plus fort. De Rome \u00e0 l\u2019Irlande, des \u00c9tats-Unis \u00e0 Montpellier, il prit le temps de voyager. Et puis, il pose ses valises dans cette ville ensoleill\u00e9e, rencontre Elisabetta, son \u00e9pouse, une italienne (qui l\u2019e\u00fbt cru en venant en France\u202f?) et d\u00e9cide de cr\u00e9er quelque chose qui lui ressemble : Perla Bianca.<\/p>\n<p class=\" wall-content\">\u00ab Une mozzarella est bonne quand elle est fra\u00eeche ! \u00bb, nous dit-il, sourire aux l\u00e8vres. Et la fra\u00eecheur, Felice la ma\u00eetrise. Chaque pi\u00e8ce est produite dans les heures qui suivent le traitement du lait, soigneusement m\u00e9lang\u00e9 pour atteindre<strong> l\u2019\u00e9quilibre parfait entre go\u00fbt et texture<\/strong>. La burrata, douce et cr\u00e9meuse, la stracciatella, fondante, ou la mozzarella, ferme et juteuse : tout est pens\u00e9 pour que les gourmands ressentent la qualit\u00e9 d\u00e8s la premi\u00e8re bouch\u00e9e.<\/p>\n<p>    <img   decoding=\"async\" loading=\"lazy\" src=\"https:\/\/www.europesays.com\/fr\/wp-content\/uploads\/2025\/10\/img-7170-960x640.jpeg\" alt=\"Thomas nous parle de son travail.\" width=\"960\" height=\"640\"\/><br \/>\n    Thomas nous parle de son travail. (\u00a9MH \/ M\u00e9tropolitain )Un atelier vivant et chaleureux o\u00f9 les produits locaux sont rois\u00a0<\/p>\n<p class=\" wall-content\">\u00c0 ses c\u00f4t\u00e9s, <strong>Pauline et Thomas<\/strong> s\u2019activent avec le m\u00eame engagement. Blouse blanche, charlotte sur la t\u00eate, ils manipulent le lait avec pr\u00e9cision. Nous avons m\u00eame eu la chance de go\u00fbter le produit tout juste sorti de la machine et la seule chose \u00e0 dire : \u00ab Mamma mia, era davvero buonissimo ! \u00bb (autrement dit, c\u2019\u00e9tait vraiment d\u00e9licieux). Sur place, Felice nous explique <strong>comment reconna\u00eetre une mozzarella ultra-fra\u00eeche<\/strong> : \u00ab Elle doit avoir de la consistance, ses fibres visibles, et l\u00e9g\u00e8rement \u201cpleurer\u201d quand on la presse. Pour la burrata, on doit sentir la cr\u00e8me mais sans acidit\u00e9 excessive \u00bb.\u00a0<\/p>\n<p>Vid\u00e9os : en ce moment sur Actu<br \/>\n    <a href=\"https:\/\/www.google.com\/maps\/embed?pb=!1m18!1m12!1m3!1d2664.2043287937945!2d3.877717775888293!3d43.586042171105454!2m3!1f0!2f0!3f0!3m2!1i1024!2i768!4f13.1!3m3!1m2!1s0x12b6afc41b18f5f9%3A0x595390bc48f3c564!2sMarch%C3%A9%20Gare%20Montpellier%20(M.I.N)!5e1!3m2!1sfr!2sfr!4v1761115032672!5m2!1sfr!2sfr\" title=\"Ouvrie le lien\" rel=\"nofollow noopener\" target=\"_blank\">Cliquez ici pour visualiser le contenu<\/a><\/p>\n<p class=\" wall-content\">Derri\u00e8re ce r\u00e9sultat, il y a plus de <strong>deux mois de travail acharn\u00e9<\/strong> pour mettre au point la <strong>recette parfaite<\/strong>, respectant la <strong>tradition sud italienne<\/strong> tout en s\u00e9duisant le palais fran\u00e7ais. Le lait provient des<strong> bufflonnes occitanes<\/strong> et plus pr\u00e9cis\u00e9ment de l\u2019Aveyron, tous les produits sont fabriqu\u00e9s sur place, et Felice veille \u00e0 ce que chaque \u00e9tape du processus soit rigoureusement contr\u00f4l\u00e9e. Sa client\u00e8le ? Des restaurants, des grandes surfaces, et des particuliers venus se servir directement \u00e0 l\u2019atelier.\u00a0<\/p>\n<p>Votre r\u00e9gion, votre actu !<\/p>\n<p>Recevez chaque jour les infos qui comptent pour vous.<\/p>\n<p>\t<a href=\"https:\/\/actu.fr\/newsletter\" class=\"ac-btn ac-btn--corner ac-btn--medium ac-btn--blue800\" rel=\"nofollow noopener\" target=\"_blank\">S&rsquo;incrire<\/a><\/p>\n<p>    <img   decoding=\"async\" loading=\"lazy\" src=\"https:\/\/www.europesays.com\/fr\/wp-content\/uploads\/2025\/10\/img-7181-960x640.jpeg\" alt=\"\u00c0 l'heure de la d\u00e9gustation... \" width=\"960\" height=\"640\"\/><br \/>\n    \u00c0 l\u2019heure de la d\u00e9gustation\u2026 (\u00a9MH \/ M\u00e9tropolitain )Des saveurs automnales\u00a0<\/p>\n<p class=\" wall-content\">Alors que l\u2019\u00e9t\u00e9 s\u2019est doucement effac\u00e9, Felice invite \u00e0 <strong>savourer l\u2019automne<\/strong>. Il a d\u00e9velopp\u00e9 deux nouvelles recettes : <strong>la burrata aux c\u00e8pes et la stracciatella \u00e0 la truffe<\/strong>. \u00ab\u00a0La burrata au c\u00e8pe peut se d\u00e9guster dans un bouillon de l\u00e9gumes. C\u2019est surprenant mais vraiment d\u00e9licieux\u00a0\u00bb. La recette a \u00e9t\u00e9 d\u00e9velopp\u00e9e avec un ext\u00e9rieur un peu plus \u00e9pais, afin que cela fonctionne parfaitement. En parall\u00e8le, Felice a \u00e9galement \u00e9labor\u00e9 de la mozzarella et de la burrata sp\u00e9cialement pour la pr\u00e9paration de pizza.\u00a0De quoi se r\u00e9galer en toutes saisons.<\/p>\n<p class=\" wall-content\">\u00c0 Montpellier, la Sicile a trouv\u00e9 son lait d\u2019adoption.\u00a0<\/p>\n<p>    <img   decoding=\"async\" loading=\"lazy\" src=\"https:\/\/www.europesays.com\/fr\/wp-content\/uploads\/2025\/10\/img-7171-960x640.jpeg\" alt=\"Nous avons pu suivre les \u00e9tapes de fabrication. \" width=\"960\" height=\"640\"\/><br \/>\n    Nous avons pu suivre les \u00e9tapes de fabrication. (\u00a9MH \/ M\u00e9tropolitain )<strong>&gt; Pratique :<\/strong> Pour en savoir plus sur Perla Bianca et ses lieux de distributions, c\u2019est par <a href=\"https:\/\/www.perlabianca.fr\" rel=\"nofollow noopener\" target=\"_blank\">l\u00e0 sur le site internet<\/a> ou encore sur <a href=\"https:\/\/www.instagram.com\/perlabianca.fr\" rel=\"nofollow noopener\" target=\"_blank\">Instagram<\/a>.\u00a0<\/p>\n<p class=\" wall-content\">Personnalisez votre actualit\u00e9 en ajoutant vos villes et m\u00e9dias en favori avec <a href=\"https:\/\/moncompte.actu.fr\" title=\"D\u00e9couvez Mon Actu\" rel=\"nofollow noopener\" data-trk=\"{&quot;cta&quot;:{&quot;action&quot;:&quot;https:\\\/\\\/moncompte.actu.fr&quot;,&quot;category&quot;:&quot;mon compte&quot;,&quot;from&quot;:&quot;article footer&quot;,&quot;name&quot;:&quot;Mon actu&quot;,&quot;type&quot;:&quot;cta&quot;}}\" target=\"_blank\">Mon Actu<\/a>.<\/p>\n<p>                    <script async src=\"\/\/www.instagram.com\/embed.js\"><\/script><\/p>\n","protected":false},"excerpt":{"rendered":"Par Manon Haddouche Publi\u00e9 le 22 oct. 2025 \u00e0 20h36 Lorsque nous poussons la porte de l\u2019atelier de&hellip;\n","protected":false},"author":2,"featured_media":482657,"comment_status":"","ping_status":"","sticky":false,"template":"","format":"standard","meta":{"footnotes":""},"categories":[9599],"tags":[1111,11,1777,674,1011,27,1305,2208,12,2680,25],"class_list":{"0":"post-482656","1":"post","2":"type-post","3":"status-publish","4":"format-standard","5":"has-post-thumbnail","7":"category-montpellier","8":"tag-actu","9":"tag-actualites","10":"tag-eu","11":"tag-europe","12":"tag-fr","13":"tag-france","14":"tag-lifestyle","15":"tag-montpellier","16":"tag-news","17":"tag-occitanie","18":"tag-republique-francaise"},"share_on_mastodon":{"url":"https:\/\/pubeurope.com\/@fr\/115419375923497557","error":""},"_links":{"self":[{"href":"https:\/\/www.europesays.com\/fr\/wp-json\/wp\/v2\/posts\/482656","targetHints":{"allow":["GET"]}}],"collection":[{"href":"https:\/\/www.europesays.com\/fr\/wp-json\/wp\/v2\/posts"}],"about":[{"href":"https:\/\/www.europesays.com\/fr\/wp-json\/wp\/v2\/types\/post"}],"author":[{"embeddable":true,"href":"https:\/\/www.europesays.com\/fr\/wp-json\/wp\/v2\/users\/2"}],"replies":[{"embeddable":true,"href":"https:\/\/www.europesays.com\/fr\/wp-json\/wp\/v2\/comments?post=482656"}],"version-history":[{"count":0,"href":"https:\/\/www.europesays.com\/fr\/wp-json\/wp\/v2\/posts\/482656\/revisions"}],"wp:featuredmedia":[{"embeddable":true,"href":"https:\/\/www.europesays.com\/fr\/wp-json\/wp\/v2\/media\/482657"}],"wp:attachment":[{"href":"https:\/\/www.europesays.com\/fr\/wp-json\/wp\/v2\/media?parent=482656"}],"wp:term":[{"taxonomy":"category","embeddable":true,"href":"https:\/\/www.europesays.com\/fr\/wp-json\/wp\/v2\/categories?post=482656"},{"taxonomy":"post_tag","embeddable":true,"href":"https:\/\/www.europesays.com\/fr\/wp-json\/wp\/v2\/tags?post=482656"}],"curies":[{"name":"wp","href":"https:\/\/api.w.org\/{rel}","templated":true}]}}