{"id":482668,"date":"2025-10-22T19:09:22","date_gmt":"2025-10-22T19:09:22","guid":{"rendered":"https:\/\/www.europesays.com\/fr\/482668\/"},"modified":"2025-10-22T19:09:22","modified_gmt":"2025-10-22T19:09:22","slug":"jacques-mahe-ancien-adjoint-de-montgermont-est-decede","status":"publish","type":"post","link":"https:\/\/www.europesays.com\/fr\/482668\/","title":{"rendered":"Jacques Mah\u00e9, ancien adjoint de Montgermont, est d\u00e9c\u00e9d\u00e9"},"content":{"rendered":"<p>D\u2019origine finist\u00e9rienne, Jacques Mah\u00e9 s\u2019est install\u00e9 \u00e0 Montgermont en 1979. Il a exerc\u00e9 la profession d\u2019inspecteur d\u00e9partemental \u00e0 la concurrence et r\u00e9pression des fraudes (IDC). Sous le mandat du maire Bernard Drouard, il fut conseiller municipal, de 1989 \u00e0 1995, et sous le mandat du maire Alain Poulard, adjoint aux finances, de 1995 \u00e0 2001.<\/p>\n<p><strong>\u00ab\u00a0Il fut \u00e0 l\u2019origine du point information municipal \u00e0 la mairie. Chaque Montgermontais pouvait y venir pour s\u2019informer des sujets les plus divers. Il est rest\u00e9 ouvert jusqu\u2019en 2014. Il est aussi \u00e0 l\u2019origine du cahier des charges de l\u2019espace d\u00e9tente en 1996-1997. Jacques, ins\u00e9parable de sa l\u00e9gendaire pipe, \u00e9tait un homme rigoureux qui aimait la p\u00eache dans les eaux finist\u00e9riennes\u00a0\u00bb,<\/strong> se souvient Alain Poulard.<\/p>\n<p>Son ami Marcel Le Huger, propri\u00e9taire du manoir et de la ferme de Galisson, sollicita Jacques Mah\u00e9 en 2019 afin de cr\u00e9er un collectif intitul\u00e9 Pour le retour du f\u00fbt de la croix de Galisson, en exil \u00e0 Betton durant pr\u00e8s d\u2019un si\u00e8cle. De retour, jouxtant la motte castrale et l\u2019\u00e9glise, le retour du f\u00fbt fut inaugur\u00e9 le 24\u00a0f\u00e9vrier 2024.<\/p>\n<p>Pascale Bernard, ancienne adjointe et membre du collectif souligne\u00a0:<strong> \u00ab\u00a0Jacques \u00e9tait une personne int\u00e8gre, un passionn\u00e9 qui adorait son travail, toujours de bonne humeur, il aimait bien blaguer. Il va nous manquer l\u2019ami Jacques sans lequel le f\u00fbt de la croix ne serait sans doute pas revenu \u00e0 Montgermont.\u00a0\u00bb<\/strong><\/p>\n<p>Un hommage\u00a0lui sera rendu vendredi 24\u00a0octobre, \u00e0 10\u00a0h, au cr\u00e9matorium de Montfort-sur-Meu, 2, rue de l\u2019Ourme.<\/p>\n<p>\u00a0<\/p>\n","protected":false},"excerpt":{"rendered":"D\u2019origine finist\u00e9rienne, Jacques Mah\u00e9 s\u2019est install\u00e9 \u00e0 Montgermont en 1979. Il a exerc\u00e9 la profession d\u2019inspecteur d\u00e9partemental \u00e0&hellip;\n","protected":false},"author":2,"featured_media":482669,"comment_status":"","ping_status":"","sticky":false,"template":"","format":"standard","meta":{"footnotes":""},"categories":[2821],"tags":[1111,11,16190,4255,829,1762,1777,674,1011,27,19023,60595,9088,12,3086,584,25],"class_list":{"0":"post-482668","1":"post","2":"type-post","3":"status-publish","4":"format-standard","5":"has-post-thumbnail","7":"category-rennes","8":"tag-actu","9":"tag-actualites","10":"tag-adjoint","11":"tag-ancien","12":"tag-bretagne","13":"tag-decede","14":"tag-eu","15":"tag-europe","16":"tag-fr","17":"tag-france","18":"tag-jacques","19":"tag-mahe","20":"tag-montgermont","21":"tag-news","22":"tag-redon","23":"tag-rennes","24":"tag-republique-francaise"},"share_on_mastodon":{"url":"https:\/\/pubeurope.com\/@fr\/115419399125281326","error":""},"_links":{"self":[{"href":"https:\/\/www.europesays.com\/fr\/wp-json\/wp\/v2\/posts\/482668","targetHints":{"allow":["GET"]}}],"collection":[{"href":"https:\/\/www.europesays.com\/fr\/wp-json\/wp\/v2\/posts"}],"about":[{"href":"https:\/\/www.europesays.com\/fr\/wp-json\/wp\/v2\/types\/post"}],"author":[{"embeddable":true,"href":"https:\/\/www.europesays.com\/fr\/wp-json\/wp\/v2\/users\/2"}],"replies":[{"embeddable":true,"href":"https:\/\/www.europesays.com\/fr\/wp-json\/wp\/v2\/comments?post=482668"}],"version-history":[{"count":0,"href":"https:\/\/www.europesays.com\/fr\/wp-json\/wp\/v2\/posts\/482668\/revisions"}],"wp:featuredmedia":[{"embeddable":true,"href":"https:\/\/www.europesays.com\/fr\/wp-json\/wp\/v2\/media\/482669"}],"wp:attachment":[{"href":"https:\/\/www.europesays.com\/fr\/wp-json\/wp\/v2\/media?parent=482668"}],"wp:term":[{"taxonomy":"category","embeddable":true,"href":"https:\/\/www.europesays.com\/fr\/wp-json\/wp\/v2\/categories?post=482668"},{"taxonomy":"post_tag","embeddable":true,"href":"https:\/\/www.europesays.com\/fr\/wp-json\/wp\/v2\/tags?post=482668"}],"curies":[{"name":"wp","href":"https:\/\/api.w.org\/{rel}","templated":true}]}}