{"id":482670,"date":"2025-10-22T19:10:12","date_gmt":"2025-10-22T19:10:12","guid":{"rendered":"https:\/\/www.europesays.com\/fr\/482670\/"},"modified":"2025-10-22T19:10:12","modified_gmt":"2025-10-22T19:10:12","slug":"quand-des-dealers-proposent-aux-commercants-leur-protection-contre-remuneration","status":"publish","type":"post","link":"https:\/\/www.europesays.com\/fr\/482670\/","title":{"rendered":"quand des dealers proposent aux commer\u00e7ants leur protection contre r\u00e9mun\u00e9ration"},"content":{"rendered":"<p>\n    Les commer\u00e7ants ont re\u00e7u \u00abcette offre\u00bb dans un courrier gliss\u00e9 dans leur bo\u00eete \u00e0 lettres. Un proc\u00e9d\u00e9 qui rel\u00e8ve des m\u00e9thodes mafieuses.<\/p>\n<p class=\"fig-paragraph\">Les narcotrafiquants en France n\u2019h\u00e9sitent plus, semble-t-il, \u00e0 recourir de v\u00e9ritables m\u00e9thodes mafieuses. \u00c0 Rennes, ce lundi, plusieurs commerces du\u00a0<a href=\"http:\/\/www.lefigaro.fr\/faits-divers\/rennes-deux-hommes-blesses-par-balles-au-cours-d-une-fusillade-trois-interpellations-20250503\" data-fig-type=\"NewsFlash\" data-gtm-custom-categorie=\"navigation\" data-gtm-custom-action=\"crossclick\" data-gtm-custom-label=\"Contextuel\" data-gtm-event=\"customEventSPE\" data-fig-domain=\"LEFIGARO\" rel=\"nofollow noopener\" target=\"_blank\">quartier de Villejean<\/a>\u00a0-r\u00e9put\u00e9 pour \u00eatre une importante plaque tournante de trafic de drogue dans la ville- ont retir\u00e9 de leurs bo\u00eetes aux lettres un courrier les sommant de verser de l\u2019argent en \u00e9change d\u2019une protection offerte par des dealers se disant appartenir au \u00abCartel V\u00bb.<\/p>\n<p class=\"fig-paragraph\">Dans cette lettre que Le Figaro s\u2019est procur\u00e9e et publie, tout commence par \u00ab\u00e0 nos chers commer\u00e7ants de Villejean\u00bb. Puis \u00e9crit en lettres capitales, le texte se poursuit\u00a0: \u00abNous nous engageons a veill\u00e9 (sic) sur vous et vos commerces nous vous assurons s\u00e9curit\u00e9, tranquillit\u00e9 et s\u00e9r\u00e9nit\u00e9s (sic) en \u00e9change de nos services\u00bb. Une protection ainsi propos\u00e9e qui sera faite moyennant versement d\u2019argent. \u00ab Une r\u00e9mun\u00e9ration hebdomadaire sera ramasser (sic) par nos \u00e9quipes chaque dimanche en toute discr\u00e9tion\u00bb, indiquent les auteurs du courrier. \u00abCette offre s\u00e9curit\u00e9 n\u2019est pas une option\u00bb, mettent-ils en garde ceux qui refuseraient ce racket. \u00abTout commerce qui d\u00e9cline cette s\u00e9curit\u00e9 se verra s\u00e9v\u00e8rement sanctionner\u00a0!\u00a0\u00bb. Apr\u00e8s les menaces de repr\u00e9sailles, la missive s\u2019ach\u00e8ve tout de m\u00eame par une formule de politesse: \u00abnos salutations distingu\u00e9s (sic)\u00bb. <\/p>\n<p>    La lettre aux commer\u00e7ants.<br \/>\n                Le Figaro<\/p>\n<p>                                    <a class=\"fig-a11y-skip a11y-hidden\" href=\"#fig-a11y-skip-main-inarticle\"><br \/>\n        Passer la publicit\u00e9<br \/>\n    <\/a><\/p>\n<p class=\"fig-paragraph\">Ne c\u00e9dant pas au chantage plusieurs commer\u00e7ants ont alert\u00e9 la police qui a rapidement interpell\u00e9 deux mineurs connus de leurs services. Plac\u00e9s en garde \u00e0 vue, ces derniers ont \u00e9t\u00e9 rel\u00e2ch\u00e9s, ce mardi. Selon France 3 Bretagne qui cite une source proche de l\u2019enqu\u00eate, les deux jeunes auraient agi sans mesurer pleinement la gravit\u00e9 de leurs actes. \u00ab\u00a0Ils ne savaient pas pr\u00e9cis\u00e9ment ce qu\u2019ils faisaient\u00a0\u00bb.<\/p>\n<p class=\"fig-paragraph\">Mais l\u2019affaire est prise au s\u00e9rieux. Les investigations se poursuivent pour tenter d\u2019identifier le ou les donneurs d\u2019ordre dans cette tentative de racket. \u00abCe quartier est gangren\u00e9 par les trafics. On y compte depuis le d\u00e9but de l\u2019ann\u00e9e une dizaine de fusillades\u00bb, raconte Fr\u00e9d\u00e9ric Gallet, secr\u00e9taire g\u00e9n\u00e9ral d\u00e9partemental du\u00a0<a href=\"http:\/\/www.lefigaro.fr\/faits-divers\/budget-2025-le-syndicat-alliance-police-se-reunit-devant-l-assemblee-nationale-pour-maintenir-la-pression-20250204\" data-fig-type=\"NewsFlash\" data-gtm-custom-categorie=\"navigation\" data-gtm-custom-action=\"crossclick\" data-gtm-custom-label=\"Contextuel\" data-gtm-event=\"customEventSPE\" data-fig-domain=\"LEFIGARO\" rel=\"nofollow noopener\" target=\"_blank\">syndicat Alliance en demandant plus de moyens policiers sur la ville<\/a>. Et les connexions avec la cit\u00e9 phoc\u00e9enne sont av\u00e9r\u00e9es. Soup\u00e7onn\u00e9s d\u2019\u00eatre impliqu\u00e9s dans plusieurs de ces r\u00e8glements de compte qui ont secou\u00e9 le quartier de Villejean ces derniers mois, quatre individus ont tout r\u00e9cemment \u00e9t\u00e9 arr\u00eat\u00e9s \u00e0 Marseille. Tous seraient membres du\u00a0<a href=\"http:\/\/www.lefigaro.fr\/marseille\/trafic-de-drogue-le-chef-du-gang-yoda-l-un-des-plus-puissants-de-marseille-interpelle-au-maroc-20240309\" data-fig-type=\"NewsFlash\" data-gtm-custom-categorie=\"navigation\" data-gtm-custom-action=\"crossclick\" data-gtm-custom-label=\"Contextuel\" data-gtm-event=\"customEventSPE\" data-fig-domain=\"LEFIGARO\" rel=\"nofollow noopener\" target=\"_blank\">clan Yoda<\/a>, ce gang rival de la\u00a0<a href=\"http:\/\/www.lefigaro.fr\/marseille\/harcele-par-la-dz-mafia-le-proprietaire-d-une-epicerie-contraint-de-fuir-a-l-etranger-20250818\" data-fig-type=\"NewsFlash\" data-gtm-custom-categorie=\"navigation\" data-gtm-custom-action=\"crossclick\" data-gtm-custom-label=\"Contextuel\" data-gtm-event=\"customEventSPE\" data-fig-domain=\"LEFIGARO\" rel=\"nofollow noopener\" target=\"_blank\">DZ Mafia<\/a>.<\/p>\n","protected":false},"excerpt":{"rendered":"Les commer\u00e7ants ont re\u00e7u \u00abcette offre\u00bb dans un courrier gliss\u00e9 dans leur bo\u00eete \u00e0 lettres. Un proc\u00e9d\u00e9 qui&hellip;\n","protected":false},"author":2,"featured_media":482671,"comment_status":"","ping_status":"","sticky":false,"template":"","format":"standard","meta":{"footnotes":""},"categories":[2821],"tags":[1111,11,52451,829,1777,674,1011,27,3832,8721,12,10439,584,25],"class_list":{"0":"post-482670","1":"post","2":"type-post","3":"status-publish","4":"format-standard","5":"has-post-thumbnail","7":"category-rennes","8":"tag-actu","9":"tag-actualites","10":"tag-alliance-police-nationale","11":"tag-bretagne","12":"tag-eu","13":"tag-europe","14":"tag-fr","15":"tag-france","16":"tag-fusillade","17":"tag-narcotrafic","18":"tag-news","19":"tag-racket","20":"tag-rennes","21":"tag-republique-francaise"},"share_on_mastodon":{"url":"https:\/\/pubeurope.com\/@fr\/115419403101940000","error":""},"_links":{"self":[{"href":"https:\/\/www.europesays.com\/fr\/wp-json\/wp\/v2\/posts\/482670","targetHints":{"allow":["GET"]}}],"collection":[{"href":"https:\/\/www.europesays.com\/fr\/wp-json\/wp\/v2\/posts"}],"about":[{"href":"https:\/\/www.europesays.com\/fr\/wp-json\/wp\/v2\/types\/post"}],"author":[{"embeddable":true,"href":"https:\/\/www.europesays.com\/fr\/wp-json\/wp\/v2\/users\/2"}],"replies":[{"embeddable":true,"href":"https:\/\/www.europesays.com\/fr\/wp-json\/wp\/v2\/comments?post=482670"}],"version-history":[{"count":0,"href":"https:\/\/www.europesays.com\/fr\/wp-json\/wp\/v2\/posts\/482670\/revisions"}],"wp:featuredmedia":[{"embeddable":true,"href":"https:\/\/www.europesays.com\/fr\/wp-json\/wp\/v2\/media\/482671"}],"wp:attachment":[{"href":"https:\/\/www.europesays.com\/fr\/wp-json\/wp\/v2\/media?parent=482670"}],"wp:term":[{"taxonomy":"category","embeddable":true,"href":"https:\/\/www.europesays.com\/fr\/wp-json\/wp\/v2\/categories?post=482670"},{"taxonomy":"post_tag","embeddable":true,"href":"https:\/\/www.europesays.com\/fr\/wp-json\/wp\/v2\/tags?post=482670"}],"curies":[{"name":"wp","href":"https:\/\/api.w.org\/{rel}","templated":true}]}}