{"id":482672,"date":"2025-10-22T19:11:18","date_gmt":"2025-10-22T19:11:18","guid":{"rendered":"https:\/\/www.europesays.com\/fr\/482672\/"},"modified":"2025-10-22T19:11:18","modified_gmt":"2025-10-22T19:11:18","slug":"a-strasbourg-les-allies-de-la-majorite-veulent-un-projet-politique-plus-audacieux","status":"publish","type":"post","link":"https:\/\/www.europesays.com\/fr\/482672\/","title":{"rendered":"\u00e0 Strasbourg, les alli\u00e9s de la majorit\u00e9 veulent \u00ab un projet politique plus audacieux \u00bb"},"content":{"rendered":"<p>    <img loading=\"lazy\" width=\"1800\" height=\"900\" src=\"https:\/\/www.europesays.com\/fr\/wp-content\/uploads\/2025\/08\/jeanne-callthepolice.jpg\" class=\"attachment-full size-full\" alt=\"\" id=\"imageLove\" decoding=\"async\"  \/><\/p>\n<p id=\"breadcrumbs\"><a href=\"https:\/\/pokaa.fr\/\" rel=\"nofollow noopener\" target=\"_blank\">Accueil<\/a> \/ <a href=\"https:\/\/pokaa.fr\/categories\/municipales-2026\/\" rel=\"nofollow noopener\" target=\"_blank\">Municipales 2026<\/a> \/ Municipales 2025 : \u00e0 Strasbourg, les alli\u00e9s de la majorit\u00e9 veulent \u00ab un projet politique plus audacieux \u00bb<\/p>\n<p>                    Municipales 2026<\/p>\n<p class=\"p1\"><b>En ao\u00fbt dernier, diff\u00e9rentes formations politiques alli\u00e9es \u00e0 la majorit\u00e9 \u00e9cologiste strasbourgeoise lan\u00e7aient le \u00ab P\u00f4le de gauche \u00bb. Souhaitant un \u00ab\u00a0tournant populaire\u00a0\u00bb, Alternative Alsacienne, G\u00e9n\u00e9ration.s, Place Publique et le Parti communiste se sont r\u00e9unis pour \u00ab pousser un projet politique plus audacieux \u00bb. Alors que les municipales s\u2019acc\u00e9l\u00e8rent, rencontre avec H\u00fclliya Turan, \u00e9lue PCF et adjointe \u00e0 l\u2019\u00e9ducation pour pr\u00e9senter l\u2019initiative.<\/b><\/p>\n<p class=\"p1\">Dans la course aux municipales strasbourgeoises, pratiquement tout le spectre politique s\u2019est d\u00e9sormais d\u00e9clar\u00e9. <b>\u00c0 gauche, la seule incertitude reste les communistes, alli\u00e9s de la majorit\u00e9 lors de l\u2019\u00e9lection de 2020<\/b>. Dans un contexte o\u00f9 Jeanne Barseghian a \u00e9t\u00e9 mise en difficult\u00e9 par un premier sondage [plus vraiment d\u2019actualit\u00e9 au vu des derniers changements politiques, ndlr], leur appui pourrait se r\u00e9v\u00e9ler utile, voire n\u00e9cessaire.<\/p>\n<p class=\"p1\">Et pour se pr\u00e9parer \u00e0 l\u2019\u00e9ch\u00e9ance \u00e9lectorale en approche, <b>le Parti communiste a fait le choix de cr\u00e9er un \u00ab P\u00f4le de gauche \u00bb en ao\u00fbt dernier, avec trois autres formations politiques, elles-aussi alli\u00e9es \u00e0 la majorit\u00e9 en 2020<\/b> : Alternative Alsacienne (repr\u00e9sent\u00e9e par Jonathan Herry), G\u00e9n\u00e9ration.s (par Sophie Dupressoir) Place Publique (par Marina Lafay). Ce p\u00f4le est rejoint par le mouvement politique de l\u2019Apr\u00e8s, qui a comme volont\u00e9 principale d\u2019\u00ab outiller la municipalit\u00e9 pour un projet politique plus audacieux \u00bb.<\/p>\n<p>    <img width=\"800\" height=\"600\" src=\"https:\/\/www.europesays.com\/fr\/wp-content\/uploads\/2025\/10\/1000049526-800x600.jpg\" class=\"attachment-image-size-L size-image-size-L\" alt=\"1000049526\" decoding=\"async\" loading=\"lazy\"  \/>         \u00a9 PCF Bas-Rhin \/ Document remis <\/p>\n<p>Pourquoi un tel \u00ab\u00a0P\u00f4le de gauche\u00a0\u00bb ?<\/p>\n<p class=\"p1\">2020 a \u00e9t\u00e9 une premi\u00e8re exp\u00e9rience de mandat pour les \u00e9lu(e)s communistes [il n\u2019y en avait plus eu \u00e0 Strasbourg depuis les ann\u00e9es 60, ndlr]. Une premi\u00e8re marqu\u00e9e par <b>la cr\u00e9ation en avril 2022 d\u2019un groupe politique distinct de celui des \u00e9cologistes<\/b>. Les communistes sont alors rest\u00e9s dans la majorit\u00e9, votant avec les \u00e9cologistes sur la majorit\u00e9 des grands projets, mais ne manquant pas de s\u2019opposer sur plusieurs sujets, dont la politique de stationnement.<\/p>\n<blockquote><p>\n        Avec les \u00e9cologistes, on est d\u2019accord sur la vision de la ville \u00e0 horizon 2030-2050, mais les chemins pour y parvenir ne sont pas forc\u00e9ment les m\u00eames.    <\/p><\/blockquote>\n<p>            H\u00fclliya Turan, \u00e9lue communiste et adjointe \u00e0 l&rsquo;\u00e9ducation<\/p>\n<p class=\"p1\">Si H\u00fclliya Turan r\u00e9fute le terme de \u00ab\u00a0d\u00e9saccords\u00a0\u00bb, pr\u00e9f\u00e9rant celui plus polic\u00e9 de \u00ab\u00a0nuances d\u2019appr\u00e9ciation\u00a0\u00bb, la volont\u00e9 du \u00ab P\u00f4le de gauche \u00bb s\u2019inscrit dans cette m\u00eame logique : soutenir, mais en allant plus loin dans les politiques mises en oeuvre. L\u2019\u00e9lue rappelle que \u00ab\u00a0<b>le contexte de 2026 n\u2019est pas le m\u00eame qu\u2019en 2020 : l\u2019urgence sociale que l\u2019on a appel\u00e9e de nos voeux de nombreuses fois durant le mandat est de plus en plus une r\u00e9alit\u00e9<\/b>.\u00a0\u00bb En ce sens, \u00ab\u00a0les piliers d\u00e9mocratiques et sociaux de la majorit\u00e9 sont en retard et le pilier \u00e9cologie doit \u00eatre davantage tourn\u00e9 vers l\u2019\u00e9cologie populaire.\u00a0\u00bb<\/p>\n<p class=\"p1\">Le \u00ab P\u00f4le de gauche \u00bb pose un regard critique sur l\u2019action pass\u00e9e du mandat \u00e9cologiste : \u00ab\u00a0Il y a \u00e9videmment eu de grosses avanc\u00e9es, mais pour aller plus loin, il faut \u00eatre en capacit\u00e9 de dire o\u00f9 l\u2019on s\u2019est tromp\u00e9. <b>Par sinc\u00e9rit\u00e9 envers les \u00e9lecteurs\/rices, pour corriger le tir et garder le cap clair par rapport \u00e0 une politique qui d\u00e9fende les int\u00e9r\u00eats populaires<\/b>.\u00a0\u00bb En n\u2019oubliant pas d\u2019expliquer pourquoi de telles actions sont men\u00e9es. Car comme le r\u00e9sume l\u2019\u00e9lue : \u00ab Il y a une n\u00e9cessit\u00e9 de renouer un dialogue de proximit\u00e9 avec les Strasbourgeois(es). \u00bb<\/p>\n<p>    <img width=\"800\" height=\"600\" src=\"https:\/\/www.europesays.com\/fr\/wp-content\/uploads\/2025\/10\/1000049527-800x600.jpg\" class=\"attachment-image-size-L size-image-size-L\" alt=\"1000049527\" decoding=\"async\" loading=\"lazy\"  \/>         \u00a9 PCF Bas-Rhin \/ Document remis <\/p>\n<p>Quelles propositions ?<\/p>\n<p class=\"p1\">Ainsi, le P\u00f4le souhaite \u00ab\u00a0pousser le curseur du projet politique plus \u00e0 gauche et travailler collectivement \u00e0 donner des perspectives aux Strasbourgeois(es).\u00a0\u00bb <strong>H\u00fclliya Turan y revendique \u00ab\u00a0une radicalit\u00e9 qui permettrait d\u2019am\u00e9liorer la vie des gens.\u00a0\u00bb <\/strong>Dans le d\u00e9tail :<\/p>\n<ul class=\"ul1\">\n<li class=\"li1\"><strong>La gratuit\u00e9 des transports en commun<\/strong>, notamment pour les moins de 25 ans sans revenus,<\/li>\n<li class=\"li1\"><strong>La gratuit\u00e9 des premiers m\u00e8tres cube d\u2019eau<\/strong>,<\/li>\n<li class=\"li1\">La reprise en main de la tarification du stationnement,<\/li>\n<li class=\"li1\">Le renfort des services publics pour mettre fin au sentiment d\u2019un \u00ab Strasbourg \u00e0 deux vitesses \u00bb,<\/li>\n<li class=\"li1\">Lutter contre la chert\u00e9 de la ville,<\/li>\n<li class=\"li1\">R\u00e9fl\u00e9chir plus en d\u00e9tails \u00e0 une s\u00e9curit\u00e9 sociale de l\u2019alimentation,<\/li>\n<\/ul>\n<p>                <a href=\"https:\/\/pokaa.fr\/2025\/10\/19\/une-carte-vitale-2-0-a-strasbourg-ils-recoivent-100e-par-mois-pour-mieux-manger\/\" rel=\"nofollow noopener\" target=\"_blank\"><br \/>\n                    <img width=\"450\" height=\"270\" src=\"https:\/\/www.europesays.com\/fr\/wp-content\/uploads\/2025\/10\/c2-450x270.png\" class=\"attachment-card-horizontal--same-subject size-card-horizontal--same-subject wp-post-image\" alt=\"\" decoding=\"async\" loading=\"lazy\"\/>                <\/a><\/p>\n<blockquote><p>\n        On ne peut pas faire le bonheur des gens sans les gens.    <\/p><\/blockquote>\n<p>            H\u00fclliya Turan, \u00e9lue communiste et adjointe \u00e0 l&rsquo;\u00e9ducation<\/p>\n<ul class=\"ul1\">\n<li class=\"li1\">D\u00e9cr\u00e9ter l\u2019urgence sociale,<\/li>\n<li class=\"li1\">R\u00e9nover le b\u00e2ti, r\u00e9sorber les \u00eelots de chaleur dans les quartiers populaires,<\/li>\n<li class=\"li1\">D\u00e9velopper les aides aux mobilit\u00e9s et les rendre plus accessibles,<\/li>\n<li class=\"li1\">Affirmer le droit universel au logement et \u00e0 l\u2019h\u00e9bergement digne, notamment en engageant un rapport de force avec la CEA et \u00e0 l\u2019\u00c9tat<\/li>\n<\/ul>\n<p class=\"p1\">En r\u00e9sum\u00e9, <b>ins\u00e9rer \u00ab les questions de justice sociale au c\u0153ur de toutes les politiques municipales, en les articulant syst\u00e9matiquement aux enjeux \u00e9cologiques et d\u00e9mocratiques \u00bb<\/b>. Avec en t\u00eate, le projet \u00ab d\u2019armer la future majorit\u00e9 de gauche pour un projet politique plus audacieux \u00bb et \u00e9viter \u00ab que la mairie tombe \u00e0 droite et que des d\u2019\u00e9lu(e)s d\u2019extr\u00eame droite n\u2019arrivent au conseil municipal \u00bb.<\/p>\n<p>Une d\u00e9marche de soutien pour travailler \u00e0 un vrai projet politique de gauche<\/p>\n<p class=\"p1\">Alors que la gauche ne partira pas unie aux municipales, <b>H\u00fclliya Turan assure que <\/b><b>les communistes et leurs alli\u00e9(e)s se placent pour l\u2019instant davantage dans une d\u00e9marche de rassemblement que dans une logique \u00e9lectoraliste<\/b>. Selon l\u2019adjointe \u00e0 l\u2019\u00e9ducation, le \u00ab\u00a0P\u00f4le de gauche\u00a0\u00bb a men\u00e9 diff\u00e9rentes discussions avec \u00ab\u00a0tous les partis que l\u2019on juge de gauche\u00a0\u00bb, citant LFI et les \u00c9cologistes, mais pas le PS.<\/p>\n<blockquote><p>\n        On n\u2019est pas du tout dans une d\u00e9marche de jusqu\u2019au-boutisme ; on ne veut pas faire une liste pour faire une liste, on veut la gauche unie rassembl\u00e9e sur un projet politique clair porteur d\u2019espoir.    <\/p><\/blockquote>\n<p>            H\u00fclliya Turan, \u00e9lue communiste et adjointe \u00e0 l&rsquo;\u00e9ducation<\/p>\n<p class=\"p1\">Si ses diff\u00e9rentes mesures et marqueurs le rapprochent davantage de LFI,<b> le \u00ab P\u00f4le de gauche \u00bb s\u2019imagine pourtant davantage comme renfort de la politique de la majorit\u00e9 \u00e9cologiste<\/b>, en jouant le r\u00f4le d\u2019un contrepoids pour la faire pencher plus \u00e0 gauche. H\u00fclliya Turan r\u00e9sume : \u00ab\u00a0Pour l\u2019instant on est plus dans la construction d\u2019un projet politique avec davantage de marqueurs de gauche. <b>On veut l\u2019union la plus large possible, \u00e0 la condition que on ait des gages sur nos marqueurs<\/b>.\u00a0\u00bb <\/p>\n<p class=\"p1\">Reste \u00e0 voir comment la possible union du \u00ab P\u00f4le de gauche \u00bb et des \u00e9cologistes va s\u2019op\u00e9rer, alors que la situation politique a \u00e9volu\u00e9. <strong>En 2026, en sortie de mandat,<\/strong> <b>les \u00c9cologistes ne sont plus autant en position de force que par le pass\u00e9<\/b>. Et sans doute que les forces politiques composant le \u00ab P\u00f4le de gauche \u00bb le savent, et voudront une place plus importante dans la liste. La composition de celle-ci et son programme seront donc tr\u00e8s int\u00e9ressants \u00e0 observer, car ils seront t\u00e9moins du rapport de force entre la majorit\u00e9 \u00e9cologiste et ses alli\u00e9(e)s.<\/p>\n","protected":false},"excerpt":{"rendered":"Accueil \/ Municipales 2026 \/ Municipales 2025 : \u00e0 Strasbourg, les alli\u00e9s de la majorit\u00e9 veulent \u00ab un&hellip;\n","protected":false},"author":2,"featured_media":482673,"comment_status":"","ping_status":"","sticky":false,"template":"","format":"standard","meta":{"footnotes":""},"categories":[2820],"tags":[1111,58024,11,4188,1777,674,1011,27,775,3434,12,25,640],"class_list":{"0":"post-482672","1":"post","2":"type-post","3":"status-publish","4":"format-standard","5":"has-post-thumbnail","7":"category-strasbourg","8":"tag-actu","9":"tag-actu-politique-strasbourg","10":"tag-actualites","11":"tag-elections-municipales","12":"tag-eu","13":"tag-europe","14":"tag-fr","15":"tag-france","16":"tag-grand-est","17":"tag-municipales-2026","18":"tag-news","19":"tag-republique-francaise","20":"tag-strasbourg"},"share_on_mastodon":{"url":"https:\/\/pubeurope.com\/@fr\/115419407775023553","error":""},"_links":{"self":[{"href":"https:\/\/www.europesays.com\/fr\/wp-json\/wp\/v2\/posts\/482672","targetHints":{"allow":["GET"]}}],"collection":[{"href":"https:\/\/www.europesays.com\/fr\/wp-json\/wp\/v2\/posts"}],"about":[{"href":"https:\/\/www.europesays.com\/fr\/wp-json\/wp\/v2\/types\/post"}],"author":[{"embeddable":true,"href":"https:\/\/www.europesays.com\/fr\/wp-json\/wp\/v2\/users\/2"}],"replies":[{"embeddable":true,"href":"https:\/\/www.europesays.com\/fr\/wp-json\/wp\/v2\/comments?post=482672"}],"version-history":[{"count":0,"href":"https:\/\/www.europesays.com\/fr\/wp-json\/wp\/v2\/posts\/482672\/revisions"}],"wp:featuredmedia":[{"embeddable":true,"href":"https:\/\/www.europesays.com\/fr\/wp-json\/wp\/v2\/media\/482673"}],"wp:attachment":[{"href":"https:\/\/www.europesays.com\/fr\/wp-json\/wp\/v2\/media?parent=482672"}],"wp:term":[{"taxonomy":"category","embeddable":true,"href":"https:\/\/www.europesays.com\/fr\/wp-json\/wp\/v2\/categories?post=482672"},{"taxonomy":"post_tag","embeddable":true,"href":"https:\/\/www.europesays.com\/fr\/wp-json\/wp\/v2\/tags?post=482672"}],"curies":[{"name":"wp","href":"https:\/\/api.w.org\/{rel}","templated":true}]}}